{"id":275785,"date":"2025-12-07T11:18:15","date_gmt":"2025-12-07T11:18:15","guid":{"rendered":"https:\/\/www.europesays.com\/es\/275785\/"},"modified":"2025-12-07T11:18:15","modified_gmt":"2025-12-07T11:18:15","slug":"cuando-te-encuentras-un-personaje-asi-tienes-que-escribir-sobre-el-la-nueva-serie-del-creador-de-vikingos-aun-no-ha-salido-y-ya-tiene-claro-su-personaje-favorito","status":"publish","type":"post","link":"https:\/\/www.europesays.com\/es\/275785\/","title":{"rendered":"\u00abCuando te encuentras un personaje as\u00ed, tienes que escribir sobre \u00e9l\u00bb. La nueva serie del creador de Vikingos a\u00fan no ha salido y ya tiene claro su personaje favorito"},"content":{"rendered":"<p>Incluso despu\u00e9s de haber pasado a\u00f1os escribiendo sobre ellos, Michael Hirst no est\u00e1 dispuesto a olvidarse de los vikingos. Tras una <a class=\"text-outboundlink\" href=\"https:\/\/www.3djuegos.com\/tv-series\/noticias\/netflix-vuelve-a-hacer-plataforma-confirma-pronto-adios-sus-series-queridas-tercera-temporada-vikings-valhalla-sera-ultima\" data-vars-post-title=\"Netflix lo vuelve a hacer: la plataforma confirma el pronto adi\u00f3s de una de sus series m\u00e1s queridas. La tercera temporada de Vikings: Valhalla ser\u00e1 la \u00faltima \" data-vars-post-url=\"https:\/\/www.3djuegos.com\/tv-series\/noticias\/netflix-vuelve-a-hacer-plataforma-confirma-pronto-adios-sus-series-queridas-tercera-temporada-vikings-valhalla-sera-ultima\" rel=\"nofollow noopener\" target=\"_blank\">Vikingos: Valhalla<\/a> en la que solo actu\u00f3 de productor, el creador de la serie original est\u00e1 tomando de nuevo las riendas en <strong>Bloodaxe<\/strong>, una serie para Amazon en la que contar\u00e1 la historia real del guerrero n\u00f3rdico Erik Hacha Sangrienta.<\/p>\n<p>No queda claro que este nuevo protagonista sea la raz\u00f3n por la que Hirst ha creado su nueva serie, eso s\u00ed. En declaraciones a <a rel=\"noopener, noreferrer nofollow\" href=\"https:\/\/movieweb.com\/vikings-creator-reveals-character-bloodaxe\/\" target=\"_blank\">Movieweb<\/a>, Hirst se deshac\u00eda en halagos con un secundario que seguramente dar\u00e1 que hablar y que ya ha acu\u00f1ado como su favorito.<\/p>\n<p>                   <img class=\"centro_sinmarco\" height=\"1688\" width=\"2909\" loading=\"lazy\" decoding=\"async\"  fetchpriority=\"high\"  src=\"https:\/\/www.europesays.com\/es\/wp-content\/uploads\/2025\/12\/1765106295_743_450_1000.jpeg\" alt=\"Vikings\"\/><\/p>\n<blockquote><p>\u00abHay personajes incre\u00edbles en esta serie, y mi favorito es un tipo llamado <strong>Egil Skallagr\u00edmsson<\/strong>. Era un t\u00edo enorme cuya familia fue expulsada de Noruega porque mat\u00f3 a algunas personas, y fue exiliada a Islandia, y sus propiedades fueron confiscadas, y quer\u00edan venganza. Egil era un asesino con una cabeza deforme. Med\u00eda metro noventa y ten\u00eda una cabeza huesuda.\u00bb<\/p><\/blockquote>\n<p>Lo m\u00e1s interesante de Egil, y lo que le hace una adici\u00f3n \u00fanica a la filmograf\u00eda vikinga creado por Hirst, es el contraste entre su fuerza bruta con su sensibilidad.<\/p>\n<p>    <a href=\"https:\/\/www.xataka.com\/streaming\/oficial-netflix-compra-warner-bros-consuma-uno-movimientos-importantes-historia-streaming\" class=\"pivot-outboundlink\" target=\"_blank\" data-vars-post-title=\"Netflix compra Warner Bros, se queda con HBO y consuma uno de los movimientos m\u00e1s importantes de la historia del streaming\" rel=\"nofollow noopener\"><br \/>\n     <img loading=\"lazy\" decoding=\"async\" alt=\"Netflix compra Warner Bros, se queda con HBO y consuma uno de los movimientos m\u00e1s importantes de la historia del streaming\" width=\"375\" height=\"142\" src=\"https:\/\/www.europesays.com\/es\/wp-content\/uploads\/2025\/12\/1765106295_371_375_142.jpeg\"\/><br \/>\n    <\/a><\/p>\n<blockquote><p>\u00abEgil era un asesino patol\u00f3gico, pero tambi\u00e9n era, y es lo que es m\u00e1s importante, <strong>el mejor poeta que ha dado Escandinavia<\/strong>. Se le considera uno de los padres fundadores de Islandia. Ten\u00eda mucho \u00e9xito entre las mujeres de toda Escandinavia. Sol\u00eda recitar su poes\u00eda en los grandes salones y las mujeres acud\u00edan en masa a escucharlo. \u00bfQu\u00e9 m\u00e1s se puede pedir? Es decir, cuando te encuentras con un personaje as\u00ed, tienes que escribir sobre \u00e9l.\u00bb<\/p><\/blockquote>\n<p>En cuanto a la cronolog\u00eda, Bloodaxe sucede un siglo despu\u00e9s de la serie original, en un per\u00edodo que supondr\u00eda el fin de la era vikinga. Hirst no se corta creando expectaci\u00f3n con la serie, afirmando que <strong>\u00absus aventuras son extraordinarias\u00bb<\/strong>. Despu\u00e9s de una secuela para muchos decepcionante a la saga de Ragnar Lothbrok, el guionista parece venir con ideas e ilusi\u00f3n renovadas en un proyecto que espera su estreno en 2026.<\/p>\n<p>En 3DJuegos | <a class=\"text-outboundlink\" href=\"https:\/\/www.3djuegos.com\/tv-series\/noticias\/oficial-netflix-anuncia-compra-siglo-todo-va-bien-pronto-sera-duena-batman-harry-potter-juego-tronos\" data-vars-post-title=\"Es oficial, Netflix anuncia la compra del Warner Bros. y destroza a la competencia convirti\u00e9ndose en due\u00f1a de HBO, Juego de Tronos, Harry Potter y DC Comics\" data-vars-post-url=\"https:\/\/www.3djuegos.com\/tv-series\/noticias\/oficial-netflix-anuncia-compra-siglo-todo-va-bien-pronto-sera-duena-batman-harry-potter-juego-tronos\" rel=\"nofollow noopener\" target=\"_blank\">Es oficial, Netflix anuncia la compra del Warner Bros. y destroza a la competencia convirti\u00e9ndose en due\u00f1a de HBO, Juego de Tronos, Harry Potter y DC Comics<\/a><\/p>\n<p>En 3DJuegos | <a class=\"text-outboundlink\" href=\"https:\/\/www.3djuegos.com\/3djuegos-trivia\/noticias\/experto-detalla-tiempo-que-se-recomienda-permanecer-refugio-antinuclear-bastante-que-salen-fallout\" data-vars-post-title=\"Un experto detalla el tiempo que se recomienda permanecer en un refugio antinuclear.  Bastante menos de lo que sale en Fallout\" data-vars-post-url=\"https:\/\/www.3djuegos.com\/3djuegos-trivia\/noticias\/experto-detalla-tiempo-que-se-recomienda-permanecer-refugio-antinuclear-bastante-que-salen-fallout\" rel=\"nofollow noopener\" target=\"_blank\">Un experto detalla el tiempo que se recomienda permanecer en un refugio antinuclear. Bastante menos de lo que sale en Fallout<\/a><\/p>\n","protected":false},"excerpt":{"rendered":"Incluso despu\u00e9s de haber pasado a\u00f1os escribiendo sobre ellos, Michael Hirst no est\u00e1 dispuesto a olvidarse de los&hellip;\n","protected":false},"author":2,"featured_media":275786,"comment_status":"","ping_status":"","sticky":false,"template":"","format":"standard","meta":{"footnotes":""},"categories":[171],"tags":[146,147,25,24,23,214],"class_list":{"0":"post-275785","1":"post","2":"type-post","3":"status-publish","4":"format-standard","5":"has-post-thumbnail","7":"category-tv","8":"tag-entertainment","9":"tag-entretenimiento","10":"tag-es","11":"tag-espana","12":"tag-spain","13":"tag-tv"},"share_on_mastodon":{"url":"https:\/\/pubeurope.com\/@es\/115678014232451233","error":""},"_links":{"self":[{"href":"https:\/\/www.europesays.com\/es\/wp-json\/wp\/v2\/posts\/275785","targetHints":{"allow":["GET"]}}],"collection":[{"href":"https:\/\/www.europesays.com\/es\/wp-json\/wp\/v2\/posts"}],"about":[{"href":"https:\/\/www.europesays.com\/es\/wp-json\/wp\/v2\/types\/post"}],"author":[{"embeddable":true,"href":"https:\/\/www.europesays.com\/es\/wp-json\/wp\/v2\/users\/2"}],"replies":[{"embeddable":true,"href":"https:\/\/www.europesays.com\/es\/wp-json\/wp\/v2\/comments?post=275785"}],"version-history":[{"count":0,"href":"https:\/\/www.europesays.com\/es\/wp-json\/wp\/v2\/posts\/275785\/revisions"}],"wp:featuredmedia":[{"embeddable":true,"href":"https:\/\/www.europesays.com\/es\/wp-json\/wp\/v2\/media\/275786"}],"wp:attachment":[{"href":"https:\/\/www.europesays.com\/es\/wp-json\/wp\/v2\/media?parent=275785"}],"wp:term":[{"taxonomy":"category","embeddable":true,"href":"https:\/\/www.europesays.com\/es\/wp-json\/wp\/v2\/categories?post=275785"},{"taxonomy":"post_tag","embeddable":true,"href":"https:\/\/www.europesays.com\/es\/wp-json\/wp\/v2\/tags?post=275785"}],"curies":[{"name":"wp","href":"https:\/\/api.w.org\/{rel}","templated":true}]}}