{"id":275795,"date":"2025-12-07T11:23:09","date_gmt":"2025-12-07T11:23:09","guid":{"rendered":"https:\/\/www.europesays.com\/es\/275795\/"},"modified":"2025-12-07T11:23:09","modified_gmt":"2025-12-07T11:23:09","slug":"pastora-vega-por-primera-vez-estoy-disfrutando-de-vivir-soltera-cultura","status":"publish","type":"post","link":"https:\/\/www.europesays.com\/es\/275795\/","title":{"rendered":"Pastora Vega: \u201cPor primera vez estoy disfrutando de vivir soltera\u201d | Cultura"},"content":{"rendered":"<p class=\"\">Con ese nombre tan sonoro, esa voz tan c\u00e1lida y ese rostro tan rotundo, <a href=\"https:\/\/elpais.com\/cultura\/2017\/02\/24\/television\/1487938381_887003.html\" target=\"_self\" rel=\"nofollow noopener\" title=\"https:\/\/elpais.com\/cultura\/2017\/02\/24\/television\/1487938381_887003.html\">Pastora Vega<\/a> resulta una presencia inconfundible para quien la ha visto madurar en escena desde que debutara, jovenc\u00edsima, en la tele de los primeros a\u00f1os ochenta del siglo pasado. Hoy, Vega: madura, cort\u00e9s y elegante, recibe en el ambig\u00fa del teatro Infanta Isabel, en Madrid, donde, al d\u00eda siguiente a la entrevista, estrena la obra G\u00e9nero de dudas, en la que interpreta a la esposa de toda la vida de un pol\u00edtico, encarnado por Pablo Carbonell, en plena campa\u00f1a electoral. Los secretos que salen a la luz durante la obra ponen patas arriba no solo a la pareja protagonista, sino las certezas del patio de butacas. No puede esperar para ver la reacci\u00f3n del p\u00fablico. <\/p>\n<p class=\"\"><b>La entrevist\u00e9 en 2006, hace casi 20 a\u00f1os, junto a otras actrices de su generaci\u00f3n que atravesaban la supuesta <\/b><a href=\"https:\/\/elpais.com\/diario\/2006\/04\/23\/eps\/1145773611_850215.html\" target=\"_self\" rel=\"nofollow noopener\" title=\"https:\/\/elpais.com\/diario\/2006\/04\/23\/eps\/1145773611_850215.html\"><b>traves\u00eda del desierto de los 40 a\u00f1os<\/b><\/a><b> \u00bfSe acuerda?<\/b> <\/p>\n<p class=\"\">Madre m\u00eda, claro que me acuerdo: 20 a\u00f1os que han pasado a una velocidad impresionante. Me cre\u00eda yo muy mayor con 46 a\u00f1os y ahora tengo 65. Entonces, hab\u00eda sido madre con 41 a\u00f1os despu\u00e9s de haberlo sido por primera vez con 26, a\u00fan no me hab\u00eda separado de Manu [<a href=\"https:\/\/elpais.com\/diario\/2009\/11\/18\/agenda\/1258498802_850215.html\" target=\"_self\" rel=\"nofollow noopener\" title=\"https:\/\/elpais.com\/diario\/2009\/11\/18\/agenda\/1258498802_850215.html\">Imanol Arias, del que se separ\u00f3 en 2009<\/a>], y ya me quejaba de que empezaban a escasear los papeles. A veces me tengo que recordar la edad que tengo y todo lo que he vivido, lo que he amado, sufrido, para llegar aqu\u00ed. <\/p>\n<p class=\"\"><b>A los 41, entonces, se era una madre mayor. Ahora es la edad a la que muchas mujeres tienen su primer hijo. Eso tambi\u00e9n ha cambiado<\/b>.<\/p>\n<p class=\"\">Es que estamos en otro planeta, en ese sentido. En la crianza, en c\u00f3mo se cuida a una mujer embarazada, en todo. En general, ha cambiado todo para bien, porque tambi\u00e9n somos m\u00e1s longevos y podemos hacer m\u00e1s cosas m\u00e1s tarde. Todo se va reconfigurando. <\/p>\n<p class=\"\"><b>Su exmarido, <\/b><a href=\"https:\/\/elpais.com\/cultura\/2020-10-24\/imanol-arias-desde-2016-soy-otro-imanol.html\" target=\"_self\" rel=\"nofollow noopener\" title=\"https:\/\/elpais.com\/cultura\/2020-10-24\/imanol-arias-desde-2016-soy-otro-imanol.html\"><b>Imanol Arias<\/b><\/a><b>, representa tambi\u00e9n estos d\u00edas, junto a <\/b><a href=\"https:\/\/elpais.com\/cultura\/2020-10-24\/imanol-arias-desde-2016-soy-otro-imanol.html\" target=\"_self\" rel=\"nofollow noopener\" title=\"https:\/\/elpais.com\/cultura\/2020-10-24\/imanol-arias-desde-2016-soy-otro-imanol.html\"><b>Mar\u00eda Barranco<\/b><\/a><b>, una comedia de pareja en Madrid. \u00bfCasualidad c\u00f3smica?<\/b> <\/p>\n<p class=\"\">Ha sido muy curioso. Mar\u00eda y yo tenemos la misma edad, y <a href=\"https:\/\/elpais.com\/cultura\/2020-10-24\/imanol-arias-desde-2016-soy-otro-imanol.html\" target=\"_self\" rel=\"nofollow noopener\" title=\"https:\/\/elpais.com\/cultura\/2020-10-24\/imanol-arias-desde-2016-soy-otro-imanol.html\">Pablo Carbonell<\/a>, que hace de mi marido, y ella son \u00edntimos amigos desde jovencitos. Algo tiene que significar todo esto. El ver, de pronto, que dos mujeres de m\u00e1s de 65 a\u00f1os, podamos contar historias de mujeres en primera persona me motiva y me esperanza mucho. <\/p>\n<p class=\"\"><b>\u00bfQu\u00e9 le sugiere el que las historias de <\/b><a href=\"https:\/\/elpais.com\/estilo-de-vida\/2025-09-30\/son-los-amores-maduros-mas-autenticos-y-profundos.html\" target=\"_self\" rel=\"nofollow noopener\" title=\"https:\/\/elpais.com\/estilo-de-vida\/2025-09-30\/son-los-amores-maduros-mas-autenticos-y-profundos.html\"><b>parejas maduras<\/b><\/a><b> de hoy atraigan al p\u00fablico al teatro?<\/b> <\/p>\n<p class=\"\">Es que yo creo que son temas que realmente nos importan y afectan. El qu\u00e9 significa la pareja como sistema. Porque resulta que, el hecho de que, hasta ahora, fuese vista como el \u00fanico sistema para el bienestar de quienes la forman, como pasaporte a la felicidad o como camino a la estabilidad, se est\u00e1 viniendo abajo a pasos agigantados. <\/p>\n<p class=\"\"><b>Usted, que ha tenido varias parejas largas, sabr\u00e1 bien de lo que habla.<\/b> <\/p>\n<p class=\"\">Yo he vivido siempre, o casi siempre, desde los 14 a\u00f1os, en pareja o con la ilusi\u00f3n de <a href=\"https:\/\/elpais.com\/diario\/2010\/09\/21\/madrid\/1285068263_850215.html\" target=\"_self\" rel=\"nofollow noopener\" title=\"https:\/\/elpais.com\/diario\/2010\/09\/21\/madrid\/1285068263_850215.html\">pareja<\/a>. Con la idea del amor rom\u00e1ntico siempre en mi vida, de una forma u otra. Por supuesto, no es igual un novio a los 14, que con 20, que con 25 o con 40. Pero, por primera vez en mi vida, estoy disfrutando de lo que es vivir soltera. Y lo que te puedo decir es lo mal que nos han contado lo que era esto. <\/p>\n<p class=\"\"><b>\u00bfC\u00f3mo nos lo han contado? <\/b> <\/p>\n<p class=\"\">Como un infierno, porque una se\u00f1ora sola era siempre sospechosa. Si est\u00e1 sola, no tiene marido ni novio ni pareja es que algo malo tiene, se pensaba y hasta se dec\u00eda a la cara. Y, en mi experiencia, es justo lo contrario. Cuando t\u00fa realmente est\u00e1s bien, tranquila con tus amores, tus afectos, tu familia, tu trabajo, con las cosas que te gusta hacer y sin tener que depender de otra persona ni de cuidar ni de ver qu\u00e9 pasa con una relaci\u00f3n estable de convivencia, est\u00e1s feliz. No solo les pasa a mujeres de nuestras edades. Tambi\u00e9n hay muchas de 30 o 40 a\u00f1os que se est\u00e1n dando cuenta de que es mejor estar sola y feliz con una misma, que mal acompa\u00f1ada. <\/p>\n<p class=\"\"><b>Por otra parte, hay quien las denigra llam\u00e1ndolas \u201cCharos\u201d y reproch\u00e1ndoles un supuesto \u201cego\u00edsmo\u201d por no tener hijos o pareja fija.<\/b> <\/p>\n<p class=\"\">Afortunadamente, me rodeo de gente que no es as\u00ed, pero lo veo en los medios. Y, s\u00ed, hay una amenaza tremenda de volver a situaciones de un machismo tremendo y de una desigualdad que me preocupa. <\/p>\n<p class=\"\"><b>Usted tiene <\/b><a href=\"https:\/\/elpais.com\/gente\/2020-02-26\/los-hijos-de-imanol-arias-y-pastora-vega-nuevas-estrellas-televisivas.html\" target=\"_self\" rel=\"nofollow noopener\" title=\"https:\/\/elpais.com\/gente\/2020-02-26\/los-hijos-de-imanol-arias-y-pastora-vega-nuevas-estrellas-televisivas.html\"><b>dos hijos varones<\/b><\/a><b>. \u00bfC\u00f3mo lo ven ellos?<\/b> <\/p>\n<p class=\"\">Son hombres j\u00f3venes: uno ya casi cuarent\u00f3n y el otro veintea\u00f1ero, que saben que pertenecen a un g\u00e9nero que se tiene que reconfigurar. Incluso hombres m\u00e1s pr\u00f3ximos a mi edad tambi\u00e9n est\u00e1n d\u00e1ndose cuenta y revisando. Pero las tendencias reaccionarias del mundo, empezando por el se\u00f1or Trump, que llama est\u00fapida a una periodista por hacer su trabajo, son muy peligrosas y ganan terreno. As\u00ed que, por una parte, veo que las mujeres j\u00f3venes disponen, en teor\u00eda, de m\u00e1s sororidad e igualdad que antes, pero, por otro, como estas tendencias se reafirmen, lo van a tener complicado, pobrecitas m\u00edas. <\/p>\n<p class=\"\"><b>\u00bfC\u00f3mo calificar\u00eda su estado de \u00e1nimo en este momento de su vida?<\/b> <\/p>\n<p class=\"\">Agradecido. Estoy muy agradecida con la vida. Estoy disfrutando mucho de este momento, del hecho de que tengo una edad y soy muy consciente de ella, aunque me sienta como si tuviera 30 o 40 a\u00f1os, pero quiero disfrutar, porque el tiempo pasa como un tsunami y no quiero que me lleguen los 75 sin haber hecho cosas, porque no sabes lo que te puede pasar. Quiero disfrutar much\u00edsimo de esta d\u00e9cada y de mi trabajo, que me hace m\u00e1s feliz que nunca. <\/p>\n<p class=\"\"><b>\u00bfC\u00f3mo vive una veterana la v\u00edspera de un estreno? <\/b> <\/p>\n<p class=\"\">Ma\u00f1ana, justo antes de empezar, me entrar\u00e1 una cosa muy mala, eso no cambia nunca. Pero, \u00bfsabes? Mi carrera ha sido paso a paso, pero, \u00faltimamente, he notado como una zancada. Nuestro oficio es lo m\u00e1s parecido a la vida, entonces, si has vivido intensamente, en todos los sentidos, aparte del oficio y de ensayar y ensayar, lo importante es tener teclas que tocar por dentro. Un actor, siempre que est\u00e9 en buenas condiciones, es mejor cuando es m\u00e1s sabio y cuando m\u00e1s tiene que comunicar, con m\u00e1s matices y creatividad. Ahora, estoy como nunca en ese sentido. <\/p>\n<p class=\"\"><b>\u00bfHaber sufrido la ha hecho mejor actriz?<\/b> <\/p>\n<p class=\"\">Pues s\u00ed. La vida no es como un grifo, que si le das a la derecha sale agua helada y si le das a la izquierda, hirviendo. Lo dif\u00edcil es mantener el equilibrio. He sufrido p\u00e9rdidas, como la de mi padre, pero lo que m\u00e1s me ha dolido han sido las decepciones con gente que cre\u00edas que era de una manera, o que te quer\u00edan, y, al final, te traicionan. <\/p>\n<p class=\"\"><b>\u00bfSe lleva peor el desamor con la edad?<\/b> <\/p>\n<p class=\"\">S\u00ed, porque, de jovencita, la gente entra y sale de tu vida de forma natural. Pero, a los 55, o 60, piensas que ya sabes lo que quieres y con qui\u00e9n lo quieres, y la otra persona que est\u00e1 contigo tambi\u00e9n. Entonces, cuando viene el desencanto es muy duro. Yo tengo una gran familia de sangre y una gran familia de amigos maravillosas. Pero, de mayor, cuando hay una peque\u00f1a sensaci\u00f3n de traici\u00f3n, de perdida, se lleva fatal. Mucho peor que cuando eres joven. Pero, insisto, soy una afortunada. No ha habido nada realmente grave en mi vida. A otras personas, la vida las parte en dos. A m\u00ed, no. <\/p>\n<p><img decoding=\"auto\" class=\"_re lazyload a_m-h\" height=\"277\"  width=\"414\"  src=\"https:\/\/www.europesays.com\/es\/wp-content\/uploads\/2025\/12\/S4U76CJNMRH6PNXU5TLA4DA3QA.jpg\" loading=\"lazy\"\/>Pastora Vega, en el ambig\u00fa del teatro Infanta Isabel, en Madrid.Bernardo P\u00e9rez<\/p>\n<p class=\"\"><b>\u00bfCu\u00e1nto le cuesta mantener ese pelazo moreno libre de canas?<\/b> <\/p>\n<p class=\"\">Pues mira, es un co\u00f1azo. Me cuesta estar cada 15 d\u00edas en la peluquer\u00eda haci\u00e9ndome el cerco y la diadema. He estado fantaseando con dejarme el pelo blanco. Tengo amigas que han dicho: a tomar por saco con esa servidumbre, y est\u00e1n divinas, pero me cuesta. Ahora mismo es una decisi\u00f3n que, de momento, tengo aparcada. <\/p>\n<p class=\"\"><b>\u00bfPor qu\u00e9 nos plegamos a nuestras propias autoexigencias, aparte de a las de fuera?<\/b> <\/p>\n<p class=\"\">Pues yo creo que es por la testosterona, por el sexo. Mira a <a href=\"https:\/\/elpais.com\/eps\/2025-05-24\/en-la-casa-de-richard-gere-nunca-me-he-sentido-una-estrella-para-mi-la-fama-es-algo-vacio.html\" target=\"_self\" rel=\"nofollow noopener\" title=\"https:\/\/elpais.com\/eps\/2025-05-24\/en-la-casa-de-richard-gere-nunca-me-he-sentido-una-estrella-para-mi-la-fama-es-algo-vacio.html\">Richard Gere<\/a>, o a <a href=\"https:\/\/elpais.com\/cultura\/cine\/2025-08-10\/antonio-banderas-cumple-65-cumpleanos-no-me-veo-el-final.html\" target=\"_self\" rel=\"nofollow noopener\" title=\"https:\/\/elpais.com\/cultura\/cine\/2025-08-10\/antonio-banderas-cumple-65-cumpleanos-no-me-veo-el-final.html\">Antonio Banderas<\/a>: a su edad siguen de atractivos galanes en su vida y en su trabajo. Nosotras, si tenemos parejas m\u00e1s j\u00f3venes, se nos mira mal, hay comentarios, miraditas. Ah\u00ed hay un tema todav\u00eda y el trasfondo de todo eso es el sexo: nosotras tenemos que estar deseables, delgadas, depiladas, ce\u00f1idas, estiradas. Y ellos pueden estar calvos que ni te cuento, con unas barrigas que ni te cuento y no pasa nada. <\/p>\n<p class=\"\"><b>\u00bfEntonces, la soluci\u00f3n es no hablar de ello?<\/b> <\/p>\n<p class=\"\">No lo creo. Hay que hablar de todo para darnos cuenta de que es as\u00ed, y luego hacer lo que nos d\u00e9 la gana. Yo me arreglo para m\u00ed, para encontrarme a gusto en mi piel. A veces, me cambio tres veces de ropa para ir a la farmacia, pero porque quiero estar a gusto yo, no para gustar a los t\u00edos. Ya est\u00e1 bien, \u00bfsabes? Si le gustas a un t\u00edo tiene que ser no solo por lo que se ve. Como nosotras, que no nos hace falta ver a un t\u00edo en calzoncillos para que nos guste. Ya est\u00e1 bien de desigualdad y machismo. <\/p>\n<p class=\"\"><b>Imagino que ese aplomo la ayuda a en escena.<\/b> <\/p>\n<p class=\"\">Mucho, much\u00edsimo. Es que yo me tomo muchos caf\u00e9s conmigo misma y me digo: \u2018venga, t\u00eda, qu\u00edtate ese miedo, el pensar que no eres suficiente o que esto te queda grande, o cualquier otro pensamiento que lo que hace es limitarte\u2019. Esa voz que tenemos dentro que te machaca. Me niego. La m\u00eda la tengo aparcada y de vez en cuando le pego cuatro bocinazos porque, si no, no me puedo subir al escenario. Luego puedes gustar o no: como actriz, como mujer, como todo. En esta profesi\u00f3n dependes del gusto de la gente, pero si no te gustas t\u00fa, no le gustas a nadie.<\/p>\n<p>LA PEN\u00daLTIMA DE LA SAGA<\/p>\n<p>Pastora Vega (Madrid, 65 a\u00f1os) quer\u00eda salirse de la tracici\u00f3n de su familia de artistas (nieta del torero Gitanillo de Triana, bisnieta de la gran Pastora Imperio) y se licenci\u00f3 en Derecho, pero, al final, gan\u00f3 la fuerza de la sangre, o del talante, y las tablas tiraron m\u00e1s de ella que las togas. Su deb\u00fa en televisi\u00f3n, junto a Guillermo Summers en el m\u00edtico programa Y sin embargo, te quiero, enamor\u00f3 a la c\u00e1mara, la cr\u00edtica y a los espectadores y ya no abandonar\u00eda el foco. Comunicadora y actriz, con intervenciones en cine, series de televisi\u00f3n y teatro, Vega se convirti\u00f3 desde entonces, en presencia habitual de la vida social y cultural del pa\u00eds hasta hoy mismo. Jon y Daniel Arias Vega, los hijos que tuvo con su primer marido, Imanol Arias, siguen, desde la m\u00fasica y la interpretaci\u00f3n, con la tradici\u00f3n familiar. A sus 65 a\u00f1os, dice que est\u00e1 como nunca.<\/p>\n","protected":false},"excerpt":{"rendered":"Con ese nombre tan sonoro, esa voz tan c\u00e1lida y ese rostro tan rotundo, Pastora Vega resulta una&hellip;\n","protected":false},"author":2,"featured_media":275796,"comment_status":"","ping_status":"","sticky":false,"template":"","format":"standard","meta":{"footnotes":""},"categories":[91],"tags":[1015,10954,209,146,147,25,24,45776,67240,67239,23,1651],"class_list":{"0":"post-275795","1":"post","2":"type-post","3":"status-publish","4":"format-standard","5":"has-post-thumbnail","7":"category-entretenimiento","8":"tag-actrices","9":"tag-artes-escenicas","10":"tag-cultura","11":"tag-entertainment","12":"tag-entretenimiento","13":"tag-es","14":"tag-espana","15":"tag-imanol-arias","16":"tag-pablo-carbonell","17":"tag-pastora-vega","18":"tag-spain","19":"tag-teatro"},"share_on_mastodon":{"url":"https:\/\/pubeurope.com\/@es\/115678033485567248","error":""},"_links":{"self":[{"href":"https:\/\/www.europesays.com\/es\/wp-json\/wp\/v2\/posts\/275795","targetHints":{"allow":["GET"]}}],"collection":[{"href":"https:\/\/www.europesays.com\/es\/wp-json\/wp\/v2\/posts"}],"about":[{"href":"https:\/\/www.europesays.com\/es\/wp-json\/wp\/v2\/types\/post"}],"author":[{"embeddable":true,"href":"https:\/\/www.europesays.com\/es\/wp-json\/wp\/v2\/users\/2"}],"replies":[{"embeddable":true,"href":"https:\/\/www.europesays.com\/es\/wp-json\/wp\/v2\/comments?post=275795"}],"version-history":[{"count":0,"href":"https:\/\/www.europesays.com\/es\/wp-json\/wp\/v2\/posts\/275795\/revisions"}],"wp:featuredmedia":[{"embeddable":true,"href":"https:\/\/www.europesays.com\/es\/wp-json\/wp\/v2\/media\/275796"}],"wp:attachment":[{"href":"https:\/\/www.europesays.com\/es\/wp-json\/wp\/v2\/media?parent=275795"}],"wp:term":[{"taxonomy":"category","embeddable":true,"href":"https:\/\/www.europesays.com\/es\/wp-json\/wp\/v2\/categories?post=275795"},{"taxonomy":"post_tag","embeddable":true,"href":"https:\/\/www.europesays.com\/es\/wp-json\/wp\/v2\/tags?post=275795"}],"curies":[{"name":"wp","href":"https:\/\/api.w.org\/{rel}","templated":true}]}}