{"id":275806,"date":"2025-12-07T11:32:09","date_gmt":"2025-12-07T11:32:09","guid":{"rendered":"https:\/\/www.europesays.com\/es\/275806\/"},"modified":"2025-12-07T11:32:09","modified_gmt":"2025-12-07T11:32:09","slug":"josele-ballester-termina-sexto-en-el-triunfo-de-neergaard-petersen","status":"publish","type":"post","link":"https:\/\/www.europesays.com\/es\/275806\/","title":{"rendered":"Josele Ballester termina sexto en el triunfo de Neergaard-Petersen"},"content":{"rendered":"<p class=\"\">El dan\u00e9s<b> Rasmus Neergaard-Petersen logr\u00f3 la primera victoria de su carrera en el DP World Tour<\/b> al imponerse en el Abierto de Australia en un dram\u00e1tico final ante el local Cameron Smith, mientras que el espa\u00f1ol <a href=\"https:\/\/as.com\/masdeporte\/golf\/josele-ballester-en-la-pelea-por-el-abierto-de-australia-f202512-n\/\" target=\"_self\" rel=\"nofollow noopener\" title=\"https:\/\/as.com\/masdeporte\/golf\/josele-ballester-en-la-pelea-por-el-abierto-de-australia-f202512-n\/\"><b>Josele Ballester, sexto,<\/b><\/a> se qued\u00f3 a las puertas de sacar el billete para el pr\u00f3ximo Abierto Brit\u00e1nico.<\/p>\n<p class=\"\">Neergaard-Petersen, que comenz\u00f3 la \u00faltima jornada en el Royal Melbourne con dos golpes de ventaja, encar\u00f3 la <b>calle del hoyo 18 empatado con Smith. <\/b>Fall\u00f3 el \u2018green\u2019, pero supo conectar un \u2018putt\u2019 de tres metros para forzar a Smith, quien no estuvo certero y cometi\u00f3 un \u2018bogey\u2019 que le dio la victoria al dan\u00e9s, de 26 a\u00f1os. El jugador n\u00f3rdico, que comenz\u00f3 la jornada nervioso y r\u00e1pidamente perdi\u00f3 la ventaja que ten\u00eda, acab\u00f3 con 269 tras presentar en la \u00faltima vuelta una tarjeta con 70, en tanto que Smith cedi\u00f3 el t\u00edtulo por un impacto .<\/p>\n<p class=\"\">\u201cRealmente me he quedado sin palabras. Ha sido una batalla todo el d\u00eda. Desde fuera, a veces puedes parecer tranquilo, dentro hubo una tormenta todo el d\u00eda. Pero logr\u00e9 seguir luchando y luego subir y bajar desde all\u00ed para hacer ese putt en el \u00faltimo&#8230; <b>Para ser honesto, realmente no s\u00e9 qu\u00e9 decir\u201d, se\u00f1al\u00f3 Neergaard-Petersen, feliz con asegurarse la presencia en el Masters de Augusta y el Abierto Brit\u00e1nico. <\/b>El surcoreano Si Woo Kim concluy\u00f3 tercero con 271 golpes y el billete para el Abierto Brit\u00e1nico, al igual que el sudafricano Michael Hollick (272) tras una magn\u00edfico \u00faltimo d\u00eda con 65 impactos y el australiano Adam Scott (273).<\/p>\n<p>Noticias relacionadas<\/p>\n<p class=\"\"><b>Josele Ballester, ganador en noviembre de su primer t\u00edtulo del circuito en Arabia Saud\u00ed<\/b>, no pudo alcanzar el objetivo que se hab\u00eda marcado. Dos \u2018bogeys\u2019, el segundo en el 18 cuando trataba de adelantar a Scott, por tan solo un \u2018birdie\u2019 dinamitaron sus opciones al acabar el d\u00eda con un 72 que le dejaron en la sexta plaza igualado con el neozeland\u00e9s Daniel Hillier con 274 golpes. El norirland\u00e9s <b>Rory McIlroy, n\u00famero dos del mundo, concluy\u00f3 en la decimocuarta plaza<\/b> con 277 golpes, en tanto que los espa\u00f1oles Rafa Cabrera y Rocco Repetto fueron vig\u00e9simo terceros con 279, Sebas Garc\u00eda finaiz\u00f3 en el puesto 51 (284) y Quim Vidal en el 59 (286).<\/p>\n<p class=\"\"><b>\u00a1Tus opiniones importan!<\/b> Comenta en los art\u00edculos y suscr\u00edbete gratis a nuestra <a href=\"https:\/\/asfan.as.com\/newsletters\/\" target=\"_blank\" rel=\"nofollow noopener\" title=\"https:\/\/asfan.as.com\/newsletters\/\">newsletter<\/a> y a las alertas informativas en la <a href=\"https:\/\/as.com\/aplicacion-de-as-n\/\" target=\"_blank\" rel=\"nofollow noopener\" title=\"https:\/\/as.com\/aplicacion-de-as-n\/\">App<\/a> o el canal de <a href=\"https:\/\/www.whatsapp.com\/channel\/0029VaAasdA7j6g745nz9M10\" target=\"_blank\" rel=\"nofollow noopener\" title=\"https:\/\/www.whatsapp.com\/channel\/0029VaAasdA7j6g745nz9M10\">WhatsApp<\/a>. \u00bfBuscas licenciar contenido? Haz clic <a href=\"https:\/\/profesional.elpais.com\/soluciones-sindicacion?utm_medium=interno&amp;utm_source=crosslinking&amp;utm_campaign=sindicacion_as_pie_articulos\" target=\"_blank\" rel=\"nofollow noopener\" title=\"https:\/\/profesional.elpais.com\/soluciones-sindicacion?utm_medium=interno&amp;utm_source=crosslinking&amp;utm_campaign=sindicacion_as_pie_articulos\">aqu\u00ed<\/a><\/p>\n","protected":false},"excerpt":{"rendered":"El dan\u00e9s Rasmus Neergaard-Petersen logr\u00f3 la primera victoria de su carrera en el DP World Tour al imponerse&hellip;\n","protected":false},"author":2,"featured_media":275807,"comment_status":"","ping_status":"","sticky":false,"template":"","format":"standard","meta":{"footnotes":""},"categories":[275],"tags":[168,25,24,329,23,167],"class_list":{"0":"post-275806","1":"post","2":"type-post","3":"status-publish","4":"format-standard","5":"has-post-thumbnail","7":"category-golf","8":"tag-deportes","9":"tag-es","10":"tag-espana","11":"tag-golf","12":"tag-spain","13":"tag-sports"},"share_on_mastodon":{"url":"https:\/\/pubeurope.com\/@es\/115678068534568522","error":""},"_links":{"self":[{"href":"https:\/\/www.europesays.com\/es\/wp-json\/wp\/v2\/posts\/275806","targetHints":{"allow":["GET"]}}],"collection":[{"href":"https:\/\/www.europesays.com\/es\/wp-json\/wp\/v2\/posts"}],"about":[{"href":"https:\/\/www.europesays.com\/es\/wp-json\/wp\/v2\/types\/post"}],"author":[{"embeddable":true,"href":"https:\/\/www.europesays.com\/es\/wp-json\/wp\/v2\/users\/2"}],"replies":[{"embeddable":true,"href":"https:\/\/www.europesays.com\/es\/wp-json\/wp\/v2\/comments?post=275806"}],"version-history":[{"count":0,"href":"https:\/\/www.europesays.com\/es\/wp-json\/wp\/v2\/posts\/275806\/revisions"}],"wp:featuredmedia":[{"embeddable":true,"href":"https:\/\/www.europesays.com\/es\/wp-json\/wp\/v2\/media\/275807"}],"wp:attachment":[{"href":"https:\/\/www.europesays.com\/es\/wp-json\/wp\/v2\/media?parent=275806"}],"wp:term":[{"taxonomy":"category","embeddable":true,"href":"https:\/\/www.europesays.com\/es\/wp-json\/wp\/v2\/categories?post=275806"},{"taxonomy":"post_tag","embeddable":true,"href":"https:\/\/www.europesays.com\/es\/wp-json\/wp\/v2\/tags?post=275806"}],"curies":[{"name":"wp","href":"https:\/\/api.w.org\/{rel}","templated":true}]}}