{"id":275814,"date":"2025-12-07T11:38:08","date_gmt":"2025-12-07T11:38:08","guid":{"rendered":"https:\/\/www.europesays.com\/es\/275814\/"},"modified":"2025-12-07T11:38:08","modified_gmt":"2025-12-07T11:38:08","slug":"no-jugueis-con-el-pan-de-mi-familia","status":"publish","type":"post","link":"https:\/\/www.europesays.com\/es\/275814\/","title":{"rendered":"\u00abNo jugu\u00e9is con el pan de mi familia\u00bb"},"content":{"rendered":"<p style=\"\">La guerra abierta entre <a href=\"https:\/\/www.abc.es\/gente\/ana-maria-aldon-eladio-compran-casa-chipiona-20251006122344-nt.html\" target=\"_self\" data-voc-vtm-id=\"in-text-traffic\" title=\"Ana Mar\u00eda Ald\u00f3n\" data-mrf-link=\"www.abc.es\" rel=\"nofollow noopener\">Ana Mar\u00eda Ald\u00f3n<\/a> y <a href=\"https:\/\/www.abc.es\/gente\/ana-maria-aldon-miedo-demanda-gloria-camila-20251102212718-vi.html\" target=\"_self\" data-voc-vtm-id=\"in-text-traffic\" title=\"Gloria Camila\" data-mrf-link=\"www.abc.es\" rel=\"nofollow noopener\">Gloria Camila<\/a> ha pasado a otro nivel con las nuevas declaraciones de la dise\u00f1adora a cuenta del <strong>extra\u00f1o caso de un vestido que sali\u00f3 a la venta en Wallapop<\/strong> y que anda dando vueltas. \u00ab &#8230; <strong>No jugu\u00e9is con el pan de mi familia<\/strong>\u00bb, le ha avisado a la hija de <a href=\"https:\/\/www.abc.es\/gente\/ortega-cano-desvela-encuentra-familia-tras-ultimos-20251204122128-vi.html\" target=\"_self\" data-voc-vtm-id=\"in-text-traffic\" title=\"Ortega Cano\" data-mrf-link=\"www.abc.es\" rel=\"nofollow noopener\">Ortega Cano<\/a> en una disputa trasladada ya de lleno a los plat\u00f3s de televisi\u00f3n.<\/p>\n<p class=\"voc-p\" style=\"\">El origen del en\u00e9simo conflicto entre las dos arranca cuando hace unos d\u00edas Gloria Camila se enter\u00f3 de que se estaba vendiendo por Internet un vestido que en su d\u00eda le hab\u00eda realizado la ya exmujer de su padre. Habl\u00f3 sobre la confecci\u00f3n del ya famoso vestido y hasta de <strong>porcentajes de venta<\/strong>, y por ah\u00ed no ha pasado <a href=\"https:\/\/www.abc.es\/gente\/ana-maria-aldon-define-tres-palabras-jose-20241216134509-nt.html\" target=\"_self\" data-voc-vtm-id=\"in-text-traffic\" title=\"Ana Mar\u00eda Ald\u00f3n\" data-mrf-link=\"www.abc.es\" rel=\"nofollow noopener\">Ana Mar\u00eda Ald\u00f3n<\/a>.<\/p>\n<p class=\"voc-p\" style=\"\">Nunca se han llevado bien, pero al menos s\u00ed han logrado disimular en algunas ocasiones, pero ahora la guerra es abierta. La historia del vestido tiene su miga. <strong>Todo arranca en 2019<\/strong>, cuando Ana Mar\u00eda Ald\u00f3n, con toda su buena voluntad, elabor\u00f3 un vestido para la hija de su marido. Gloria Camila se lo puso, aunque el susodicho vestido se lo qued\u00f3 la propia creadora del dise\u00f1o. Pero en estas, &#8216;El tiempo justo&#8217; conoci\u00f3 que dicha prenda <strong>se hab\u00eda puesto a la venta en Wallapop<\/strong> y Gloria Camila hizo algo que se lleva mucho ahora: reaccionar. No se lo tom\u00f3 muy bien e incluso dijo que deber\u00eda llevarse un porcentaje del dinero de la venta, argumentando que <strong>ella particip\u00f3 en la elaboraci\u00f3n<\/strong>.<\/p>\n<p>\nAna Mar\u00eda Ald\u00f3n, indignada\n<\/p>\n<p class=\"voc-p\" style=\"\">Y ahora ha llegado la reacci\u00f3n a la reacci\u00f3n. Ana Mar\u00eda Ald\u00f3n ha escuchado las palabras de Gloria Camila y ha querido responder en pleno directo en el programa &#8216;Fiesta&#8217;. \u00abVoy a tom\u00e1rmelo con mucha filosof\u00eda porque estoy en un momento de mi vida en el que <strong>puedo saltar por los aires en cualquier momento<\/strong>\u00bb, ha comenzado diciendo la andaluza. Las palabras ya avisaban de que ven\u00edan curvas. Y entonces ha procedido a aclarar unos puntos que a su juicio eran muy importantes. <\/p>\n<p class=\"voc-p\" style=\"\">Lo primero es que, seg\u00fan ella, Gloria Camila no particip\u00f3 en el arduo proceso del dise\u00f1o. \u00abQue ella diga que ha ayudado a confeccionar este vestido despu\u00e9s de l<strong>as horas que yo he invertido<\/strong> en dise\u00f1ar y confeccionar este vestido\u2026\u00bb, ha empezado la creadora de la prenda. A Ana Mar\u00eda Ald\u00f3n se le ha venido entonces a la memoria que la hija de Ortega Cano se limit\u00f3 a decirle el lugar en el que quer\u00eda el tirante y punto.<\/p>\n<p class=\"voc-title\">\u00abYo merezco respeto, no jugu\u00e9is con el pan de mi familia porque yo no juego con el pan de nadie\u00bb<\/p>\n<p class=\"voc-article-position__name\">Ana Mar\u00eda Ald\u00f3n<\/p>\n<p class=\"voc-article-position__employ\">Dise\u00f1adora<\/p>\n<p class=\"voc-p\" style=\"\">Entonces ha llegado la amenaza. \u00abYo merezco respeto, no jugu\u00e9is con el pan de mi familia porque yo no juego con el pan de nadie\u00ab, ha avisado. Entonces ha sido cuando la presentadora, Emma Garc\u00eda, se ha alarmado y ha querido conocer <strong>si estas palabras iban dirigidas concretamente a la hija de su exmarido<\/strong> o a qui\u00e9n.<\/p>\n<p>\nEl valor del trabajo de la dise\u00f1adora\n<\/p>\n<p class=\"voc-p\" style=\"\"><a href=\"https:\/\/www.abc.es\/gente\/ana-maria-aldon-explota-desmarca-problemas-economicos-20240527125502-nt.html\" target=\"_self\" data-voc-vtm-id=\"in-text-traffic\" title=\"Ana Mar\u00eda Ald\u00f3n\" data-mrf-link=\"www.abc.es\" rel=\"nofollow noopener\">Ana Mar\u00eda Ald\u00f3n<\/a> no se ha cortado y ha defendido el valor de su trabajo. \u00abA los que critican la calidad&#8230; Me gustar\u00eda que los que dicen que este vestido es muy feo a ver si hubieran tenido el valor de decirle a Gloria que estaba fea ese d\u00eda. P<strong>orque la verdad hay que reconocerla, y ella ese d\u00eda estaba preciosa<\/strong>. \u00a1Y quien diga lo contrario, miente!\u00bb, ha respondido con indisimulado enervamiento.<\/p>\n<p class=\"voc-p\" style=\"\">La dise\u00f1adora ha ofrecido m\u00e1s detalles de una prenda que parece revalorizarse cada d\u00eda de tanto que se habla de ella. \u00abEsto no es un vestido que se haga en un almac\u00e9n al por mayor, <strong>esto es un vestido que se dise\u00f1\u00f3 por y para ella en un taller de confecci\u00f3n<\/strong>\u00bb, ha insistido. Y ha concluido hablando de vender una prenda en Wallapop: \u00abEs una pr\u00e1ctica habitual de los dise\u00f1adores que hacen un vestido exclusivo para una persona, luego se vende, \u00bfqu\u00e9 delito he cometido? <strong>Yo este vestido lo puedo vender porque me pertenece<\/strong>. Llam\u00e9 a Gloria por tel\u00e9fono para decirle que una chica se hab\u00eda puesto en contacto conmigo para comprarlo. La mujer de un futbolista\u00bb.<\/p>\n","protected":false},"excerpt":{"rendered":"La guerra abierta entre Ana Mar\u00eda Ald\u00f3n y Gloria Camila ha pasado a otro nivel con las nuevas&hellip;\n","protected":false},"author":2,"featured_media":275815,"comment_status":"","ping_status":"","sticky":false,"template":"","format":"standard","meta":{"footnotes":""},"categories":[174],"tags":[67241,4213,683,40307,255,146,147,25,24,367,256,3086,67242,2629,1932,12961,23],"class_list":{"0":"post-275814","1":"post","2":"type-post","3":"status-publish","4":"format-standard","5":"has-post-thumbnail","7":"category-famosos","8":"tag-aldon","9":"tag-amenaza","10":"tag-ana","11":"tag-camila","12":"tag-celebrities","13":"tag-entertainment","14":"tag-entretenimiento","15":"tag-es","16":"tag-espana","17":"tag-familia","18":"tag-famosos","19":"tag-gloria","20":"tag-jugueis","21":"tag-lanza","22":"tag-maria","23":"tag-pan","24":"tag-spain"},"share_on_mastodon":{"url":"https:\/\/pubeurope.com\/@es\/115678092092259156","error":""},"_links":{"self":[{"href":"https:\/\/www.europesays.com\/es\/wp-json\/wp\/v2\/posts\/275814","targetHints":{"allow":["GET"]}}],"collection":[{"href":"https:\/\/www.europesays.com\/es\/wp-json\/wp\/v2\/posts"}],"about":[{"href":"https:\/\/www.europesays.com\/es\/wp-json\/wp\/v2\/types\/post"}],"author":[{"embeddable":true,"href":"https:\/\/www.europesays.com\/es\/wp-json\/wp\/v2\/users\/2"}],"replies":[{"embeddable":true,"href":"https:\/\/www.europesays.com\/es\/wp-json\/wp\/v2\/comments?post=275814"}],"version-history":[{"count":0,"href":"https:\/\/www.europesays.com\/es\/wp-json\/wp\/v2\/posts\/275814\/revisions"}],"wp:featuredmedia":[{"embeddable":true,"href":"https:\/\/www.europesays.com\/es\/wp-json\/wp\/v2\/media\/275815"}],"wp:attachment":[{"href":"https:\/\/www.europesays.com\/es\/wp-json\/wp\/v2\/media?parent=275814"}],"wp:term":[{"taxonomy":"category","embeddable":true,"href":"https:\/\/www.europesays.com\/es\/wp-json\/wp\/v2\/categories?post=275814"},{"taxonomy":"post_tag","embeddable":true,"href":"https:\/\/www.europesays.com\/es\/wp-json\/wp\/v2\/tags?post=275814"}],"curies":[{"name":"wp","href":"https:\/\/api.w.org\/{rel}","templated":true}]}}