{"id":275820,"date":"2025-12-07T11:42:10","date_gmt":"2025-12-07T11:42:10","guid":{"rendered":"https:\/\/www.europesays.com\/es\/275820\/"},"modified":"2025-12-07T11:42:10","modified_gmt":"2025-12-07T11:42:10","slug":"nuestra-senora-del-carmen-mostoles-06-12-2025","status":"publish","type":"post","link":"https:\/\/www.europesays.com\/es\/275820\/","title":{"rendered":"Nuestra Se\u00f1ora del Carmen, M\u00f3stoles 06.12.2025"},"content":{"rendered":"<p class=\"mce\">Aunque sea puente, hemos trabajado mucho nuestras secciones porque sabemos que nuestro p\u00fablico es muy exigente. Esta semana visitamos el <strong class=\"mce\">Colegio Nuestra Se\u00f1ora del Carmen de M\u00f3stoles.<\/strong> Marta, Fernando, Elena, Arturo y Enma participan en el concurso de David Ortu\u00f1o sobre las democracias del mundo para celebrar el D\u00eda de la Constituci\u00f3n.<\/p>\n<p class=\"mce\">Con <strong class=\"mce\">Sharon Calder\u00f3n<\/strong> vamos camino de conseguir la c\u00e1tedra de Lengua gracias a la cantidad de palabras que nos ense\u00f1a: acochinar, primicerio, pinturero y brigante.<\/p>\n<p class=\"mce\">Uno de nuestros personajes m\u00e1s divertidos,<strong class=\"mce\"> Olegario,<\/strong> personaje secundario, nos cuenta que est\u00e1 muy contento porque ha conseguido por fin un papel protagonista en el cine, lo que pasa es que tambi\u00e9n est\u00e1 muy triste porque le ha durado poco. Para finalizar nuestro tiempo, no hay sorpresas, pero s\u00ed diversi\u00f3n: jugamos a Lo mejor y lo peor.<\/p>\n","protected":false},"excerpt":{"rendered":"Aunque sea puente, hemos trabajado mucho nuestras secciones porque sabemos que nuestro p\u00fablico es muy exigente. Esta semana&hellip;\n","protected":false},"author":2,"featured_media":275821,"comment_status":"","ping_status":"","sticky":false,"template":"","format":"standard","meta":{"footnotes":""},"categories":[170],"tags":[146,147,25,24,184,185,5727,5729,5728,23,5726,5730],"class_list":{"0":"post-275820","1":"post","2":"type-post","3":"status-publish","4":"format-standard","5":"has-post-thumbnail","7":"category-musica","8":"tag-entertainment","9":"tag-entretenimiento","10":"tag-es","11":"tag-espana","12":"tag-music","13":"tag-musica","14":"tag-programacion-a-la-carta","15":"tag-programas-telemadrid","16":"tag-programas-television","17":"tag-spain","18":"tag-telemadrid-a-la-carta","19":"tag-vod"},"share_on_mastodon":{"url":"https:\/\/pubeurope.com\/@es\/115678107737374431","error":""},"_links":{"self":[{"href":"https:\/\/www.europesays.com\/es\/wp-json\/wp\/v2\/posts\/275820","targetHints":{"allow":["GET"]}}],"collection":[{"href":"https:\/\/www.europesays.com\/es\/wp-json\/wp\/v2\/posts"}],"about":[{"href":"https:\/\/www.europesays.com\/es\/wp-json\/wp\/v2\/types\/post"}],"author":[{"embeddable":true,"href":"https:\/\/www.europesays.com\/es\/wp-json\/wp\/v2\/users\/2"}],"replies":[{"embeddable":true,"href":"https:\/\/www.europesays.com\/es\/wp-json\/wp\/v2\/comments?post=275820"}],"version-history":[{"count":0,"href":"https:\/\/www.europesays.com\/es\/wp-json\/wp\/v2\/posts\/275820\/revisions"}],"wp:featuredmedia":[{"embeddable":true,"href":"https:\/\/www.europesays.com\/es\/wp-json\/wp\/v2\/media\/275821"}],"wp:attachment":[{"href":"https:\/\/www.europesays.com\/es\/wp-json\/wp\/v2\/media?parent=275820"}],"wp:term":[{"taxonomy":"category","embeddable":true,"href":"https:\/\/www.europesays.com\/es\/wp-json\/wp\/v2\/categories?post=275820"},{"taxonomy":"post_tag","embeddable":true,"href":"https:\/\/www.europesays.com\/es\/wp-json\/wp\/v2\/tags?post=275820"}],"curies":[{"name":"wp","href":"https:\/\/api.w.org\/{rel}","templated":true}]}}