{"id":275824,"date":"2025-12-07T11:44:10","date_gmt":"2025-12-07T11:44:10","guid":{"rendered":"https:\/\/www.europesays.com\/es\/275824\/"},"modified":"2025-12-07T11:44:10","modified_gmt":"2025-12-07T11:44:10","slug":"franco-colapinto-largara-desde-el-ultimo-puesto-el-gran-premio-de-abu-dhabi-que-definira-al-campeon-de-la-f1-todo-lo-que-hay-que-saber","status":"publish","type":"post","link":"https:\/\/www.europesays.com\/es\/275824\/","title":{"rendered":"Franco Colapinto largar\u00e1 desde el \u00faltimo puesto el Gran Premio de Abu Dhabi que definir\u00e1 al campe\u00f3n de la F1: todo lo que hay que saber"},"content":{"rendered":"<p class=\"paragraph\"><b>Detalles del circuito en Abu Dhabi<\/b>:<\/p>\n<p class=\"paragraph\">Esta ser\u00e1 la 17\u00b0 edici\u00f3n del GP de Abu Dhabi en la F1. Con una longitud de poco m\u00e1s de 5 kil\u00f3metros (5.281 metros), el trazado cuenta con dos zonas de DRS, 16 curvas y dos rectas. La vuelta r\u00e1pida en carrera le pertenece a <b>Kevin Magnussen <\/b>(2024) con un tiempo de <b>1:25.637<\/b>. El a\u00f1o que pas\u00f3, <b>Lando Norris <\/b>celebr\u00f3 a bordo de su McLaren. <b>Lewis Hamilton <\/b>con cinco victorias es el m\u00e1s ganador en Yas Marina.<\/p>\n","protected":false},"excerpt":{"rendered":"Detalles del circuito en Abu Dhabi: Esta ser\u00e1 la 17\u00b0 edici\u00f3n del GP de Abu Dhabi en la&hellip;\n","protected":false},"author":2,"featured_media":275825,"comment_status":"","ping_status":"","sticky":false,"template":"","format":"standard","meta":{"footnotes":""},"categories":[93],"tags":[168,25,24,271,2148,3019,23,3020,167],"class_list":{"0":"post-275824","1":"post","2":"type-post","3":"status-publish","4":"format-standard","5":"has-post-thumbnail","7":"category-deportes","8":"tag-deportes","9":"tag-es","10":"tag-espana","11":"tag-formula-1","12":"tag-middle-east","13":"tag-motor-racing","14":"tag-spain","15":"tag-sport","16":"tag-sports"},"share_on_mastodon":{"url":"https:\/\/pubeurope.com\/@es\/115678115744292801","error":""},"_links":{"self":[{"href":"https:\/\/www.europesays.com\/es\/wp-json\/wp\/v2\/posts\/275824","targetHints":{"allow":["GET"]}}],"collection":[{"href":"https:\/\/www.europesays.com\/es\/wp-json\/wp\/v2\/posts"}],"about":[{"href":"https:\/\/www.europesays.com\/es\/wp-json\/wp\/v2\/types\/post"}],"author":[{"embeddable":true,"href":"https:\/\/www.europesays.com\/es\/wp-json\/wp\/v2\/users\/2"}],"replies":[{"embeddable":true,"href":"https:\/\/www.europesays.com\/es\/wp-json\/wp\/v2\/comments?post=275824"}],"version-history":[{"count":0,"href":"https:\/\/www.europesays.com\/es\/wp-json\/wp\/v2\/posts\/275824\/revisions"}],"wp:featuredmedia":[{"embeddable":true,"href":"https:\/\/www.europesays.com\/es\/wp-json\/wp\/v2\/media\/275825"}],"wp:attachment":[{"href":"https:\/\/www.europesays.com\/es\/wp-json\/wp\/v2\/media?parent=275824"}],"wp:term":[{"taxonomy":"category","embeddable":true,"href":"https:\/\/www.europesays.com\/es\/wp-json\/wp\/v2\/categories?post=275824"},{"taxonomy":"post_tag","embeddable":true,"href":"https:\/\/www.europesays.com\/es\/wp-json\/wp\/v2\/tags?post=275824"}],"curies":[{"name":"wp","href":"https:\/\/api.w.org\/{rel}","templated":true}]}}