{"id":27584,"date":"2025-08-05T16:31:12","date_gmt":"2025-08-05T16:31:12","guid":{"rendered":"https:\/\/www.europesays.com\/es\/27584\/"},"modified":"2025-08-05T16:31:12","modified_gmt":"2025-08-05T16:31:12","slug":"detenido-un-sospechoso-como-presunto-autor-del-cuerpo-degollado-y-destripado-en-francia","status":"publish","type":"post","link":"https:\/\/www.europesays.com\/es\/27584\/","title":{"rendered":"Detenido un sospechoso como presunto autor del cuerpo degollado y destripado en Francia"},"content":{"rendered":"<p>05\/08\/2025<br \/>\n<br \/><strong><br \/>\nActualizado a las 15:58h.<br \/>\n<\/strong><\/p>\n<p class=\"voc-p\" style=\"\">Veinticuatro horas despu\u00e9s del <a href=\"https:\/\/www.abc.es\/internacional\/hallan-hombre-anos-degollado-visceras-posicion-cruz-20250804182303-nt.html\" title=\"www.abc.es\" data-voc-vtm-id=\"in-text-traffic\" data-mrf-link=\"www.abc.es\" rel=\"nofollow noopener\" target=\"_blank\">hallazgo de un cad\u00e1ver degollado y destripado<\/a> en un parque de Pont-de-Metz (<a href=\"https:\/\/www.abc.es\/noticias\/francia\/\" title=\"www.abc.es\" data-voc-vtm-id=\"in-text-traffic\" data-mrf-link=\"www.abc.es\" rel=\"nofollow noopener\" target=\"_blank\">Francia<\/a>), los investigadores de la polic\u00eda judicial de <strong>Amiens<\/strong> han detenido a primera hora de este martes a un sospechoso de <strong>27 a\u00f1os<\/strong>. Ha sido puesto bajo custodia policial en el marco de la investigaci\u00f3n abierta por la Fiscal\u00eda de Amiens por \u00abasesinato\u00bb.<\/p>\n<p class=\"voc-p\" style=\"\">Por el momento, se desconocen los v\u00ednculos que el sospechoso pudiera tener con la v\u00edctima, identificada como un hombre de <strong>32 a\u00f1os<\/strong> residente en Amiens. La polic\u00eda espera aprovechar las declaraciones para comprender las circunstancias del crimen y el posible m\u00f3vil, seg\u00fan lo recoge &#8216;Le Parisien&#8217;.<\/p>\n<p class=\"voc-p\" style=\"\">El modus operandi del asesinato, es singular: la v\u00edctima recibi\u00f3 <strong>numerosas pu\u00f1aladas<\/strong> en el cuello, el abdomen y la espalda, lo que provoc\u00f3 su <strong>destripamiento<\/strong> y, seg\u00fan los polic\u00edas que acudieron en primer lugar al lugar del crimen, el cuerpo fue abandonado y <strong>colocado en posici\u00f3n de cruz<\/strong> en el suelo de esta zona deportiva. Como si el autor del asesinato hubiera querido escenificarlo, interpretaci\u00f3n que, por el momento, no comparte la Fiscal\u00eda.<\/p>\n<p>\nAutopsia\n<\/p>\n<p class=\"voc-p\" style=\"\">La autopsia del cuerpo ha sido realizada este martes por la ma\u00f1ana a las 9.00 horas por un m\u00e9dico forense. El <strong>cad\u00e1ver<\/strong> fue descubierto el lunes por la ma\u00f1ana, alrededor de las 7.00 horas, por una mujer que paseaba con su perro por el extenso parque del Pr\u00e9 du Moulin, frecuentado por deportistas y familias en busca de tranquilidad.<\/p>\n<p class=\"voc-p\" style=\"\">Los investigadores de la polic\u00eda judicial procedieron a confiscar las im\u00e1genes de las c\u00e1maras de videovigilancia situadas en las entradas del parque. Ninguna vivienda da al lugar de los hechos y ning\u00fan testigo parece haber presenciado el drama, cerca de las pistas de tenis y de un parque infantil.<\/p>\n<p class=\"voc-p\" style=\"\">Desde la tragedia, la localidad de Pont-de-Metz vive en el temor de que haya un <strong>asesino suelto<\/strong>. El alcalde del municipio confes\u00f3 que este caso \u00abva a generar cierto miedo, es inevitable&#8230; Cosas como esta no pasan aqu\u00ed\u00bb, quien fue despertado el lunes en la ma\u00f1ana por la polic\u00eda poco despu\u00e9s del descubrimiento de esta terrible escena del crimen. \u00abNo hay grupos ni cosas sospechosas en el parque\u00bb, a\u00f1adi\u00f3. Sin embargo, al igual que otras regiones, Amiens y sus alrededores han experimentado un <strong>aumento del narcotr\u00e1fico<\/strong>.<\/p>\n<p class=\"voc-p\" style=\"\">En este pueblo situado a cinco kil\u00f3metros de la capital de Picard\u00eda, el \u00faltimo caso criminal sonado se remonta a hace m\u00e1s de diez a\u00f1os, cuando en 2011 un hombre acosado por las deudas mat\u00f3 a su madre, a su esposa y a su hija antes de suicidarse.<\/p>\n<p>Reportar un error<\/p>\n","protected":false},"excerpt":{"rendered":"05\/08\/2025 Actualizado a las 15:58h. Veinticuatro horas despu\u00e9s del hallazgo de un cad\u00e1ver degollado y destripado en un&hellip;\n","protected":false},"author":2,"featured_media":27585,"comment_status":"","ping_status":"","sticky":false,"template":"","format":"standard","meta":{"footnotes":""},"categories":[42],"tags":[1697,17,18,873,15040,15041,8838,13,14,317,11,61,62,63,64,19,20,9,10,15,16,15039,15038,12,21,22,65,66,67],"class_list":{"0":"post-27584","1":"post","2":"type-post","3":"status-publish","4":"format-standard","5":"has-post-thumbnail","7":"category-internacional","8":"tag-autor","9":"tag-breaking-news","10":"tag-breakingnews","11":"tag-cuerpo","12":"tag-degollado","13":"tag-destripado","14":"tag-detenido","15":"tag-featured-news","16":"tag-featurednews","17":"tag-francia","18":"tag-headlines","19":"tag-internacional","20":"tag-international","21":"tag-international-news","22":"tag-internationalnews","23":"tag-latest-news","24":"tag-latestnews","25":"tag-news","26":"tag-noticias","27":"tag-noticias-destacadas","28":"tag-noticiasdestacadas","29":"tag-presunto","30":"tag-sospechoso","31":"tag-titulares","32":"tag-ultimas-noticias","33":"tag-ultimasnoticias","34":"tag-world","35":"tag-world-news","36":"tag-worldnews"},"share_on_mastodon":{"url":"","error":""},"_links":{"self":[{"href":"https:\/\/www.europesays.com\/es\/wp-json\/wp\/v2\/posts\/27584","targetHints":{"allow":["GET"]}}],"collection":[{"href":"https:\/\/www.europesays.com\/es\/wp-json\/wp\/v2\/posts"}],"about":[{"href":"https:\/\/www.europesays.com\/es\/wp-json\/wp\/v2\/types\/post"}],"author":[{"embeddable":true,"href":"https:\/\/www.europesays.com\/es\/wp-json\/wp\/v2\/users\/2"}],"replies":[{"embeddable":true,"href":"https:\/\/www.europesays.com\/es\/wp-json\/wp\/v2\/comments?post=27584"}],"version-history":[{"count":0,"href":"https:\/\/www.europesays.com\/es\/wp-json\/wp\/v2\/posts\/27584\/revisions"}],"wp:featuredmedia":[{"embeddable":true,"href":"https:\/\/www.europesays.com\/es\/wp-json\/wp\/v2\/media\/27585"}],"wp:attachment":[{"href":"https:\/\/www.europesays.com\/es\/wp-json\/wp\/v2\/media?parent=27584"}],"wp:term":[{"taxonomy":"category","embeddable":true,"href":"https:\/\/www.europesays.com\/es\/wp-json\/wp\/v2\/categories?post=27584"},{"taxonomy":"post_tag","embeddable":true,"href":"https:\/\/www.europesays.com\/es\/wp-json\/wp\/v2\/tags?post=27584"}],"curies":[{"name":"wp","href":"https:\/\/api.w.org\/{rel}","templated":true}]}}