{"id":275843,"date":"2025-12-07T11:59:15","date_gmt":"2025-12-07T11:59:15","guid":{"rendered":"https:\/\/www.europesays.com\/es\/275843\/"},"modified":"2025-12-07T11:59:15","modified_gmt":"2025-12-07T11:59:15","slug":"el-valencia-basket-pone-a-prueba-el-fortin-del-kosner-baskonia","status":"publish","type":"post","link":"https:\/\/www.europesays.com\/es\/275843\/","title":{"rendered":"El Valencia Basket pone a prueba el fort\u00edn del Kosner Baskonia"},"content":{"rendered":"<p>\n        El<strong> Valencia Basket, actual l\u00edder de la ACB y cuarto clasificado de la Euroliga a una victoria del l\u00edder<\/strong> \u2013 el Hapoel Tel Aviv\u2013 pondr\u00e1 a prueba la racha de siete victorias consecutivas del <a href=\"https:\/\/www.noticiasdealava.eus\/baskonia\/\" title=\"Kosner Baskonia\" class=\"link copy\" rel=\"nofollow noopener\" target=\"_blank\">Kosner Baskonia<\/a> en su pabell\u00f3n <strong>este domingo a partir de las 19.00 horas<\/strong>.\n<\/p>\n<p class=\"article-body__text \">\n        <strong>El conjunto azulgrana se est\u00e1 mostrando intratable hasta el momento frente a su p\u00fablico<\/strong>, condici\u00f3n en la que ofrece una versi\u00f3n muy diferente a la de sus encuentros como visitante. Dub\u00e1i Basketball, Anadolu Efes, La Laguna Tenerife, Virtus Bolonia, Bayern de M\u00fanich, Bilbao Basket y el pasado viernes Armani Mil\u00e1n, han ca\u00eddo derrotados en el fort\u00edn de Zurbano, pero <strong>ninguno de ellos impone tanto respeto este curso como el Valencia Basket<\/strong>.\n<\/p>\n<p>            <a href=\"https:\/\/www.noticiasdealava.eus\/baskonia\/2025\/12\/05\/pragmatico-baskonia-empequenece-armani-10440208.html\" title=\"Un pragm\u00e1tico Baskonia empeque\u00f1ece al Armani\" class=\"new__media\" rel=\"nofollow noopener\" target=\"_blank\"><\/p>\n<p>                <img alt=\"Un pragm\u00e1tico Baskonia empeque\u00f1ece al Armani\" data-src=\"https:\/\/www.europesays.com\/es\/wp-content\/uploads\/2025\/12\/f9fbf8d9-3dfb-4348-b7e7-fae594c559e9_16-9-aspect-ratio_default_0.jpg\" class=\"lozad\"\/><\/p>\n<p>        <\/a><\/p>\n<p>        <a href=\"https:\/\/www.noticiasdealava.eus\/baskonia\/2025\/12\/05\/pragmatico-baskonia-empequenece-armani-10440208.html\" title=\"Un pragm\u00e1tico Baskonia empeque\u00f1ece al Armani\" class=\"new__headline\" rel=\"nofollow noopener\" target=\"_blank\"><br \/>\n            Un pragm\u00e1tico Baskonia empeque\u00f1ece al Armani<br \/>\n        <\/a><\/p>\n<p class=\"article-body__text \">\n        Si el conjunto taronja <strong>ya le dio al Baskonia uno de sus mayores disgustos del pasado curso, cuando se impuso con una superioridad casi insultante en el Buesa Arena (91-116)<\/strong>, este a\u00f1o es un equipo mucho m\u00e1s temible que intentar\u00e1 repetir la mencionada exhibici\u00f3n y condicionar las opciones de estar en la Copa del Rey a los alaveses.\n<\/p>\n<p class=\"article-body__text \">\n        Con una plantilla de enorme calidad,<strong> una profundidad solo al alcance de los grandes transatl\u00e1nticos del continente <\/strong>y un entrenador contrastado como el exbaskonista Pedro Mart\u00ednez, el Valencia Basket va a exigir a los hombres de Paolo Galbiati dar su m\u00e1ximo este domingo para mantener su racha de triunfos como locales.\n<\/p>\n<p class=\"article-body__text \">\n        El Baskonia llega a la cita crecido tras superar al Armani Mil\u00e1n en casa, pero es que <strong>el Valencia gan\u00f3 nada menos que al todopoderoso Panathinaikos en Atenas<\/strong>. Pedro Mart\u00ednez cuenta con un <strong>abanico casi infinito de recursos<\/strong>: Dos bases cerebrales como Darius Thompson y Sergio de Larrea, m\u00e1quinas anotadoras como Moore y Badio, el talento de Montero y Taylor, interiores abiertos como Reuvers y Costello, oficio con Puerto y Pradilla, f\u00edsico con Sako y Sima&#8230;\n<\/p>\n<p>            <a href=\"https:\/\/www.noticiasdealava.eus\/baskonia\/2025\/12\/05\/ilusionante-debut-razdevicius-baskonia-armani-milan-euroliga-10440950.html\" title=\"Ilusionante debut de Radzevicius\" class=\"new__media\" rel=\"nofollow noopener\" target=\"_blank\"><\/p>\n<p>                <img alt=\"Ilusionante debut de Radzevicius\" data-src=\"https:\/\/www.europesays.com\/es\/wp-content\/uploads\/2025\/12\/d307b41d-5a34-4812-8b7b-07a60aa1180b_16-9-aspect-ratio_default_0.jpg\" class=\"lozad\"\/><\/p>\n<p>        <\/a><\/p>\n<p>        <a href=\"https:\/\/www.noticiasdealava.eus\/baskonia\/2025\/12\/05\/ilusionante-debut-razdevicius-baskonia-armani-milan-euroliga-10440950.html\" title=\"Ilusionante debut de Radzevicius\" class=\"new__headline\" rel=\"nofollow noopener\" target=\"_blank\"><br \/>\n            Ilusionante debut de Radzevicius<br \/>\n        <\/a><\/p>\n<p class=\"article-body__text \">\n        Cualquier nombre que salte a la cancha cuenta con talento de sobra para destacar tanto en la Euroliga como en la ACB y su amplio fondo de armario har\u00e1 que las<strong> bajas de Xabi L\u00f3pez-Arostegui, con una lesi\u00f3n muscular en la pierna derecha, y Braxton Key, con molestias f\u00edsicas<\/strong> desde la pasada jornada, apenas se noten.\n<\/p>\n<p class=\"article-body__text \">\n        No puede decir lo mismo el Baskonia, que <strong>sigue a la espera del regreso de Forrest<\/strong>, que seg\u00fan Paolo Galbiati volver\u00e1 a la acci\u00f3n la pr\u00f3xima semana pese a entrar en la convocatoria frente al Armani Mil\u00e1n. <strong>Sedekerskis, por su parte, est\u00e1 entre algodones por la enfermedad que le impidi\u00f3 estar al cien por cien el viernes y Luwawu-Cabarrot termin\u00f3 tocado <\/strong>en dicha cita.\n<\/p>\n<p class=\"article-body__text \">\n        Adem\u00e1s,<strong> Paolo Galbiati deber\u00e1 realizar su descarte obligado entre sus jugadores extracomunitarios<\/strong>. Por los precedentes, lo l\u00f3gico es que el sacrificado sea Markquis Nowell, aunque Markus Howard, que sigue sin despegar, siempre genera dudas.\n<\/p>\n<p>  Duelo a toda velocidad <\/p>\n<p class=\"article-body__text \">\n        Si en algo coinciden los dos equipos es en su deseo de imponer un ritmo vertiginoso en sus partidos. <strong>El Valencia Basket de Pedro Mart\u00ednez domina a las mil maravillas las transiciones <\/strong>y cuenta con f\u00edsico y una rotaci\u00f3n amplia para sentirse c\u00f3modo en los encuentros de muchas posesiones.\n<\/p>\n<p class=\"article-body__text \">\n        Por ello, <strong>al Baskonia tal vez le interese, al contrario que con otros rivales, controlar un poco m\u00e1s el partido<\/strong> e impedir que se convierta en un ida y vuelta constante. <strong>El equipo que logre dominar el rebote, que defienda duro y que cuide bien del bal\u00f3n tendr\u00e1 mucho ganado<\/strong>, ya que eso le permitir\u00e1 correr la cancha e impedir que el rival responda con la misma medicina.\u00a0<\/p>\n","protected":false},"excerpt":{"rendered":"El Valencia Basket, actual l\u00edder de la ACB y cuarto clasificado de la Euroliga a una victoria del&hellip;\n","protected":false},"author":2,"featured_media":275844,"comment_status":"","ping_status":"","sticky":false,"template":"","format":"standard","meta":{"footnotes":""},"categories":[269],"tags":[302,299,298,168,25,24,49840,5564,1150,2761,23,167,2916],"class_list":{"0":"post-275843","1":"post","2":"type-post","3":"status-publish","4":"format-standard","5":"has-post-thumbnail","7":"category-baloncesto","8":"tag-acb","9":"tag-baloncesto","10":"tag-basketball","11":"tag-deportes","12":"tag-es","13":"tag-espana","14":"tag-fortin","15":"tag-lider","16":"tag-pone","17":"tag-prueba","18":"tag-spain","19":"tag-sports","20":"tag-valencia-basket"},"share_on_mastodon":{"url":"https:\/\/pubeurope.com\/@es\/115678174617611768","error":""},"_links":{"self":[{"href":"https:\/\/www.europesays.com\/es\/wp-json\/wp\/v2\/posts\/275843","targetHints":{"allow":["GET"]}}],"collection":[{"href":"https:\/\/www.europesays.com\/es\/wp-json\/wp\/v2\/posts"}],"about":[{"href":"https:\/\/www.europesays.com\/es\/wp-json\/wp\/v2\/types\/post"}],"author":[{"embeddable":true,"href":"https:\/\/www.europesays.com\/es\/wp-json\/wp\/v2\/users\/2"}],"replies":[{"embeddable":true,"href":"https:\/\/www.europesays.com\/es\/wp-json\/wp\/v2\/comments?post=275843"}],"version-history":[{"count":0,"href":"https:\/\/www.europesays.com\/es\/wp-json\/wp\/v2\/posts\/275843\/revisions"}],"wp:featuredmedia":[{"embeddable":true,"href":"https:\/\/www.europesays.com\/es\/wp-json\/wp\/v2\/media\/275844"}],"wp:attachment":[{"href":"https:\/\/www.europesays.com\/es\/wp-json\/wp\/v2\/media?parent=275843"}],"wp:term":[{"taxonomy":"category","embeddable":true,"href":"https:\/\/www.europesays.com\/es\/wp-json\/wp\/v2\/categories?post=275843"},{"taxonomy":"post_tag","embeddable":true,"href":"https:\/\/www.europesays.com\/es\/wp-json\/wp\/v2\/tags?post=275843"}],"curies":[{"name":"wp","href":"https:\/\/api.w.org\/{rel}","templated":true}]}}