{"id":275851,"date":"2025-12-07T12:04:09","date_gmt":"2025-12-07T12:04:09","guid":{"rendered":"https:\/\/www.europesays.com\/es\/275851\/"},"modified":"2025-12-07T12:04:09","modified_gmt":"2025-12-07T12:04:09","slug":"the-boys-arrasa-con-todo-con-el-trailer-de-su-temporada-final-y-confirma-fecha-de-estreno","status":"publish","type":"post","link":"https:\/\/www.europesays.com\/es\/275851\/","title":{"rendered":"\u2018The Boys\u2019 arrasa con todo con el tr\u00e1iler de su temporada final y confirma fecha de estreno"},"content":{"rendered":"<p class=\"\">\u2018<b>The Boys<\/b>\u2019, la famosa e irreverente <a href=\"https:\/\/as.com\/meristation\/series\/the-boys-reune-en-su-temporada-5-a-los-actores-de-una-de-las-series-mas-queridas-de-la-television-n\/\" target=\"_blank\" rel=\"noreferrer nofollow noopener\" title=\"https:\/\/as.com\/meristation\/series\/the-boys-reune-en-su-temporada-5-a-los-actores-de-una-de-las-series-mas-queridas-de-la-television-n\/\">serie superheroica<\/a> basada en el c\u00f3mic del mismo nombre, estrenar\u00e1 su <b>quinta y \u00faltima temporada<\/b> el pr\u00f3ximo a\u00f1o, poniendo punto y final a una de las adaptaciones de superh\u00e9roes m\u00e1s exitosas de los \u00faltimos tiempos. Y ya tenemos un <b>primer tr\u00e1iler<\/b> que pod\u00e9is ver sobre estas l\u00edneas, un <a href=\"https:\/\/www.youtube.com\/watch?v=R93uWFoj6W8\" target=\"_blank\" rel=\"noreferrer nofollow noopener\" title=\"https:\/\/www.youtube.com\/watch?v=R93uWFoj6W8\">teaser<\/a> que nos muestra un breve vistazo a lo que nos deparan los \u00faltimos episodios de la ficci\u00f3n de <b>Amazon Prime Video<\/b>. Y la <a href=\"https:\/\/as.com\/meristation\/series\/the-boys-apunta-a-su-temporada-5-con-un-poster-promocional-que-nos-muestra-la-terrorifica-realidad-que-vive-la-serie-n\/\" target=\"_blank\" rel=\"noreferrer nofollow noopener\" title=\"https:\/\/as.com\/meristation\/series\/the-boys-apunta-a-su-temporada-5-con-un-poster-promocional-que-nos-muestra-la-terrorifica-realidad-que-vive-la-serie-n\/\">expectaci\u00f3n<\/a> no puede ser m\u00e1s alta, ya que asistiremos al regreso de personajes tan ic\u00f3nicos como <b>Carnicero<\/b>, el <b>Patriota<\/b> o <b>Soldier Boy<\/b>, entre otros. Y lo mejor de todo es que ya tenemos fecha de estreno: <b>8 de abril de 2026<\/b>.<\/p>\n<p><b>\u00bfEl cara a cara final entre Carnicero y el Patriota?<\/b><\/p>\n<p class=\"\">Desde luego, la situaci\u00f3n no puede ser m\u00e1s <a href=\"https:\/\/as.com\/meristation\/series\/the-boys-sorprende-con-dos-nuevos-teasers-de-su-temporada-5-sobre-el-enfrentamiento-final-entre-carnicero-y-patriota-f202512-n\/\" target=\"_blank\" rel=\"noreferrer nofollow noopener\" title=\"https:\/\/as.com\/meristation\/series\/the-boys-sorprende-con-dos-nuevos-teasers-de-su-temporada-5-sobre-el-enfrentamiento-final-entre-carnicero-y-patriota-f202512-n\/\">tensa y desesperada<\/a>; mientras que <b>el Patriota est\u00e1 completamente desatado<\/b> viviendo en su propio mundo de caprichos y delirios, <b>Hughie<\/b>, <b>Leche Materna<\/b> y <b>Frenchie<\/b> est\u00e1n presos en el Campo de la Libertad. Por su parte, <b>Luz Estelar<\/b> intenta lidiar con la presi\u00f3n creciente de los Supes; <b>Kimiko<\/b> est\u00e1 desaparecida y <b>Carnicero<\/b>, consumido por su propio odio e instinto asesino, reaparece con el arma definitiva contra los Supers: <b>un virus capaz de aniquilar a todos los superh\u00e9roes de la faz de la Tierra<\/b>.<\/p>\n<p class=\"\">Y es que el <b>primer tr\u00e1iler de la quinta temporada de \u2018The Boys\u2019<\/b> ha sido uno de los grandes reclamos de la <b>Comic Con Experience<\/b> que est\u00e1 teniendo lugar estos d\u00edas en Brasil. Todo ello a trav\u00e9s de un panel en el que ha hecho acto de presencia el mism\u00edsimo <b>Eric Kripke<\/b>, creador de la adaptaci\u00f3n televisiva de \u2018The Boys\u2019, presentando este primer avance junto a parte del reparto principal de la serie: <b>Erin Moriarty<\/b>, <b>Laz Alonso<\/b>, <b>Tomer Capone<\/b>, <b>Karen Fukuhara<\/b> y <b>Colby Minifie<\/b>.<\/p>\n<p class=\"\">\u201c<b>Este es el avance de la quinta temporada de \u2018The Boys\u2019<\/b>. Es el mundo de Patriota, completamente sujeto a sus caprichos err\u00e1ticos y egoc\u00e9ntricos. Hughie, Leche Materna y Frenchie est\u00e1n presos en un Campo de la Libertad. Annie lucha por resistirse a la abrumadora fuerza de los Supes. Kimiko no est\u00e1 por ning\u00fan lado. Pero cuando Carnicero reaparece, listo y dispuesto a usar un virus que borrar\u00e1 a todos los Supes del mapa, desencadena una cadena de eventos que cambiar\u00e1 para siempre el mundo y a todos sus habitantes. <b>Es el cl\u00edmax, amigos<\/b>. \u00a1Se vienen cositas el 8 de abril en Prime!\u201d, nos cuenta la <b>descripci\u00f3n oficial del tr\u00e1iler por parte de Prime Video<\/b>.<\/p>\n<p class=\"\">Con el estreno de la quinta temporada de \u2018The Boys\u2019 se pondr\u00e1 <b>punto y final a la serie principal<\/b> de este universo superheroico tan particular que ha sido todo un \u00e9xito en la plataforma de Amazon, dando lugar a otros dos spin-off como \u2018<b>Gen-V<\/b>\u2019 y \u2018<b>The Boys: Diabolical\u2019<\/b>. La temporada final de \u2018<b>The Boys<\/b>\u2019 se estrenar\u00e1 en Prime Video el pr\u00f3ximo <b>8 de abril de 2026<\/b> con sus dos primeros episodios, con un <b>nuevo episodio cada semana<\/b> hasta un total de ocho, cuyo desenlace est\u00e1 previsto para el <b>20 de mayo de 2026<\/b>.<\/p>\n<p class=\"\">Suscr\u00edbete al <a href=\"https:\/\/www.youtube.com\/@meristation\" target=\"_self\" rel=\"nofollow noopener\" title=\"https:\/\/www.youtube.com\/@meristation\">canal de MeriStation en YouTube<\/a>, tu web de videojuegos y entretenimiento para conocer todas las noticias y novedades sobre el mundo del videojuego, cine, series, manga y anime. An\u00e1lisis, entrevistas, tr\u00e1ileres, gameplays, p\u00f3dcast y mucho m\u00e1s. Tambi\u00e9n te animamos a seguir <a href=\"https:\/\/www.tiktok.com\/@meristation\" rel=\"nofollow noopener\" title=\"https:\/\/www.tiktok.com\/@meristation\" target=\"_blank\">nuestra cuenta de TikTok<\/a>. <\/p>\n<p class=\"\">\u00a1S\u00edguenos en ambas y, si est\u00e1s interesado en licenciar este contenido, pincha <a href=\"https:\/\/profesional.elpais.com\/landing-sindicacion\/?utm_medium=interno&amp;utm_source=crosslinking&amp;utm_campaign=sindicacion_as_pie_articulos\" target=\"_blank\" rel=\"nofollow noopener\" title=\"https:\/\/profesional.elpais.com\/landing-sindicacion\/?utm_medium=interno&amp;utm_source=crosslinking&amp;utm_campaign=sindicacion_as_pie_articulos\">aqu\u00ed<\/a>!<\/p>\n<p><script async src=\"\/\/www.tiktok.com\/embed.js\"><\/script><\/p>\n","protected":false},"excerpt":{"rendered":"\u2018The Boys\u2019, la famosa e irreverente serie superheroica basada en el c\u00f3mic del mismo nombre, estrenar\u00e1 su quinta&hellip;\n","protected":false},"author":2,"featured_media":275852,"comment_status":"","ping_status":"","sticky":false,"template":"","format":"standard","meta":{"footnotes":""},"categories":[171],"tags":[146,147,25,24,23,214],"class_list":{"0":"post-275851","1":"post","2":"type-post","3":"status-publish","4":"format-standard","5":"has-post-thumbnail","7":"category-tv","8":"tag-entertainment","9":"tag-entretenimiento","10":"tag-es","11":"tag-espana","12":"tag-spain","13":"tag-tv"},"share_on_mastodon":{"url":"https:\/\/pubeurope.com\/@es\/115678194257718246","error":""},"_links":{"self":[{"href":"https:\/\/www.europesays.com\/es\/wp-json\/wp\/v2\/posts\/275851","targetHints":{"allow":["GET"]}}],"collection":[{"href":"https:\/\/www.europesays.com\/es\/wp-json\/wp\/v2\/posts"}],"about":[{"href":"https:\/\/www.europesays.com\/es\/wp-json\/wp\/v2\/types\/post"}],"author":[{"embeddable":true,"href":"https:\/\/www.europesays.com\/es\/wp-json\/wp\/v2\/users\/2"}],"replies":[{"embeddable":true,"href":"https:\/\/www.europesays.com\/es\/wp-json\/wp\/v2\/comments?post=275851"}],"version-history":[{"count":0,"href":"https:\/\/www.europesays.com\/es\/wp-json\/wp\/v2\/posts\/275851\/revisions"}],"wp:featuredmedia":[{"embeddable":true,"href":"https:\/\/www.europesays.com\/es\/wp-json\/wp\/v2\/media\/275852"}],"wp:attachment":[{"href":"https:\/\/www.europesays.com\/es\/wp-json\/wp\/v2\/media?parent=275851"}],"wp:term":[{"taxonomy":"category","embeddable":true,"href":"https:\/\/www.europesays.com\/es\/wp-json\/wp\/v2\/categories?post=275851"},{"taxonomy":"post_tag","embeddable":true,"href":"https:\/\/www.europesays.com\/es\/wp-json\/wp\/v2\/tags?post=275851"}],"curies":[{"name":"wp","href":"https:\/\/api.w.org\/{rel}","templated":true}]}}