{"id":275859,"date":"2025-12-07T12:08:12","date_gmt":"2025-12-07T12:08:12","guid":{"rendered":"https:\/\/www.europesays.com\/es\/275859\/"},"modified":"2025-12-07T12:08:12","modified_gmt":"2025-12-07T12:08:12","slug":"el-pico-de-los-casos-de-gripe-se-adelanta-y-se-hace-un-llamamiento-a-la-vacunacion","status":"publish","type":"post","link":"https:\/\/www.europesays.com\/es\/275859\/","title":{"rendered":"El pico de los casos de gripe se adelanta y se hace un llamamiento a la vacunaci\u00f3n"},"content":{"rendered":"<p>\t\t\t\t\t<img width=\"1024\" height=\"682\" src=\"https:\/\/www.europesays.com\/es\/wp-content\/uploads\/2025\/12\/Vacunas-\u00a9Cyan-5-1024x682.jpg\" class=\"attachment-large size-large wp-post-image\" alt=\"El pico de los casos de gripe se adelanta y se hace un llamamiento a la vacunaci\u00f3n\" decoding=\"async\" fetchpriority=\"high\"  \/>\t\t\t <\/p>\n<p>Vacunaci\u00f3n contra la gripe, esta semana, en el centro de salud La F\u00e1brica de Alcoy. ALDEMAR<\/p>\n<p>El pasado mes de octubre arranc\u00f3 la <strong>campa\u00f1a de vacunaci\u00f3n frente a la gripe<\/strong>, y en el caso del departamento de Salud de Alcoy, actualmente se han puesto ya 28.000 dosis, seg\u00fan los datos m\u00e1s recientes de los que se disponen, ofrecidos por la directora de enfermer\u00eda de Atenci\u00f3n Primaria del \u00e1rea de Salud de Alcoy, <strong>Bel\u00e9n Abad<\/strong>.<\/p>\n<p>Durante las \u00faltimas semanas est\u00e1 siendo m\u00e1s que habitual conocer casos cercanos de gente con gripe, sin embargo, el gerente del \u00e1rea de Salud, <strong>Alfredo Rizo<\/strong>, se\u00f1ala que <strong>la tasa de infecci\u00f3n en dicha \u00e1rea es de 756 casos por 100.000 habitantes<\/strong>, estando as\u00ed por debajo de la media de la Comunitat Valenciana, que es de unos 928.<\/p>\n<p>Rizo apunta que se contemplan 5 posibles escenarios \u2013del 0 al 4\u2013, dependiendo de la tasa, y que en el caso del departamento de Alcoy, estamos en el \u201cEscenario 1, esto quiere decir que tendr\u00edamos que tener ciertas precauciones con las mascarillas, en lugares como urgencias, en los centros sanitarios en todas las personas, en sitios donde pueda haber gente m\u00e1s vulnerable\u201d.<\/p>\n<p>El gerente afirma que \u201cla mejor estrategia de todas es la prevenci\u00f3n\u201d, por lo que insiste en la importancia de la vacunaci\u00f3n e invita a la ciudadan\u00eda a sumarse en la presente campa\u00f1a, ya que esta \u201creduce la incidencia, la gravedad, la mortalidad y es una estrategia solidaria en cuanto a proteger a la poblaci\u00f3n\u201d.<\/p>\n<p><strong>PICO DE CASOS ADELANTADO<\/strong><br \/>Acerca de los casos de gripe que se est\u00e1n registrando en el departamento de Salud, y que s\u00ed que est\u00e1n aumentando, Rizo se\u00f1ala que es \u201calgo estacional\u201d, tal y como ocurre cada a\u00f1o y que el \u201cpico se ha adelantado un mes, al igual que se est\u00e1 produciendo en toda Espa\u00f1a\u201d, por lo que el gerente vaticina que \u201cla ola acabar\u00eda un poco antes\u201d.<\/p>\n<p>Pese a este adelanto y al aumento, el responsable del departamento asegura que, actualmente, \u201cla situaci\u00f3n no es en absoluto alarmante\u201d, ni en el caso de Atenci\u00f3n Primaria ni en el Hospital General Universitario Virgen de los Lirios, donde \u201cla ocupaci\u00f3n de las camas la estamos gestionando como siempre que llega un pico de infecciones respiratorias\u201d, pero que por ejemplo, no se ha suspendido la actividad quir\u00fargica.<\/p>\n<p>Reconoce que hay \u201cun poco m\u00e1s de saturaci\u00f3n\u201d, pero llama a la prudencia y en el caso de la gente con s\u00edntomas, apunta que deben utilizar mascarilla, ya que el contagio se puede producir durante varios d\u00edas.<\/p>\n<p><strong>CAMPA\u00d1A DE VACUNACI\u00d3N<\/strong><br \/>Dentro de la campa\u00f1a de vacunaci\u00f3n frente a la gripe, que comenz\u00f3 el 1 de octubre, Bel\u00e9n Abad comenta que este a\u00f1o se ha ampliado a todo Infantil, y que se ha vacunado en 27 centros educativos de todo el \u00e1rea de Salud, siendo la vacuna para los menores de edad intranasal.En el caso de las residencias sociosanitarias que forman parte del departamento, ya est\u00e1n todas vacunadas.<\/p>\n<p>Los mayores de 80 a\u00f1os fueron los siguientes en el orden de vacunaci\u00f3n y desde hace numerosas semanas la campa\u00f1a est\u00e1 abierta a toda la poblaci\u00f3n, incluyendo jornadas de puertas abiertas y lanzando captaciones masivas a trav\u00e9s de SMS, seg\u00fan apunta la directora de enfermer\u00eda de Atenci\u00f3n Primaria, en distintas poblaciones que forman parte del departamento.<\/p>\n<p>As\u00ed, se puede solicitar cita a trav\u00e9s de la APP GVASalut para acudir al centro de salud correspondiente, seg\u00fan comenta Abad. \u201cPara la semana que viene se est\u00e1 apuntando mucha gente. Hab\u00edamos visto un descenso, pero con el fr\u00edo la gente se ha dado cuenta y se est\u00e1n vacunando\u201d, se\u00f1ala Bel\u00e9n Abad.<\/p>\n<p>En mayores de 65 a\u00f1os, la cobertura de vacunaci\u00f3n es del 42-46% en Alcoy; del 52% en Banyeres; en Benilloba sube hasta el 65%; del 54% y del 53%, en Castalla e Ibi, respectivamente. En cifras similares est\u00e1n Muro y Onil \u201355% y 54%\u2013, mientras que en Cocentaina baja al 46%.<\/p>\n","protected":false},"excerpt":{"rendered":"Vacunaci\u00f3n contra la gripe, esta semana, en el centro de salud La F\u00e1brica de Alcoy. ALDEMAR El pasado&hellip;\n","protected":false},"author":2,"featured_media":275860,"comment_status":"","ping_status":"","sticky":false,"template":"","format":"standard","meta":{"footnotes":""},"categories":[92],"tags":[25,24,165,166,23],"class_list":{"0":"post-275859","1":"post","2":"type-post","3":"status-publish","4":"format-standard","5":"has-post-thumbnail","7":"category-salud","8":"tag-es","9":"tag-espana","10":"tag-health","11":"tag-salud","12":"tag-spain"},"share_on_mastodon":{"url":"https:\/\/pubeurope.com\/@es\/115678210004140394","error":""},"_links":{"self":[{"href":"https:\/\/www.europesays.com\/es\/wp-json\/wp\/v2\/posts\/275859","targetHints":{"allow":["GET"]}}],"collection":[{"href":"https:\/\/www.europesays.com\/es\/wp-json\/wp\/v2\/posts"}],"about":[{"href":"https:\/\/www.europesays.com\/es\/wp-json\/wp\/v2\/types\/post"}],"author":[{"embeddable":true,"href":"https:\/\/www.europesays.com\/es\/wp-json\/wp\/v2\/users\/2"}],"replies":[{"embeddable":true,"href":"https:\/\/www.europesays.com\/es\/wp-json\/wp\/v2\/comments?post=275859"}],"version-history":[{"count":0,"href":"https:\/\/www.europesays.com\/es\/wp-json\/wp\/v2\/posts\/275859\/revisions"}],"wp:featuredmedia":[{"embeddable":true,"href":"https:\/\/www.europesays.com\/es\/wp-json\/wp\/v2\/media\/275860"}],"wp:attachment":[{"href":"https:\/\/www.europesays.com\/es\/wp-json\/wp\/v2\/media?parent=275859"}],"wp:term":[{"taxonomy":"category","embeddable":true,"href":"https:\/\/www.europesays.com\/es\/wp-json\/wp\/v2\/categories?post=275859"},{"taxonomy":"post_tag","embeddable":true,"href":"https:\/\/www.europesays.com\/es\/wp-json\/wp\/v2\/tags?post=275859"}],"curies":[{"name":"wp","href":"https:\/\/api.w.org\/{rel}","templated":true}]}}