{"id":275878,"date":"2025-12-07T12:23:12","date_gmt":"2025-12-07T12:23:12","guid":{"rendered":"https:\/\/www.europesays.com\/es\/275878\/"},"modified":"2025-12-07T12:23:12","modified_gmt":"2025-12-07T12:23:12","slug":"tres-contratos-que-expiran-en-osasuna","status":"publish","type":"post","link":"https:\/\/www.europesays.com\/es\/275878\/","title":{"rendered":"Tres contratos que expiran en Osasuna"},"content":{"rendered":"<p class=\"paragraph\">Como cada temporada por estas fechas se abre <b>la carpeta de las renovaciones pendientes<\/b>, ya que los futbolistas que terminan contrato en junio de 2026 ser\u00e1n libres para negociar con otros clubes en menos de un mes, a partir del 1 de enero. En este punto se encuentran tres jugadores, cada cual con matices: <b>Rub\u00e9n Garc\u00eda, Kike Barja y Juan Cruz terminan su vinculaci\u00f3n con Osasuna<\/b> y no ha habido contactos para abordar su continuidad.\u00a0<\/p>\n<p class=\"paragraph\">Es un asunto que late en los despachos del club rojillo, sin que se hayan dado pasos firmes hasta el momento. El foco se centra en resolver la crisis deportiva.\u00a0<\/p>\n<p class=\"paragraph\"><b>KIKE BARJA ENTRA EN LOS PLANES DEL CLUB<\/b><\/p>\n<p class=\"paragraph\">Hay que explicar cada situaci\u00f3n. <b>Uno de los nombres sobre la mesa es el de Kike Barja<\/b>, jugador relevante de la plantilla que no ha tenido un camino de rosas y que entra en los \u00faltimos meses de contrato con su futuro por aclarar. Canterano, recuperado de dos graves lesiones de rodilla y un perfil de juego singular que ha dado mucho a Osasuna cuando le han respetado las lesiones. Tiene la jerarqu\u00eda suficiente para darle el trato especial que merece. Hay que destacar que Barja es el primer capit\u00e1n de la plantilla.\u00a0<\/p>\n<p class=\"paragraph\">Con estos ingredientes, <b>Osasuna tiene previsto ofrecerle la renovaci\u00f3n.<\/b> A las partes les tocar\u00e1 sentarse para buscar el entendimiento, un paso que todav\u00eda no se ha dado al interpretar que a\u00fan no se dan las condiciones. El de No\u00e1in actualiz\u00f3 su contrato hace justo cuatro a\u00f1os, en diciembre de 2021, una relaci\u00f3n que llega a su fin.\u00a0<\/p>\n<p class=\"paragraph\"><b>RUB\u00c9N GARC\u00cdA PUEDE RENOVAR POR MINUTOS<\/b><\/p>\n<p class=\"paragraph\">Paralelamente emerge el caso de<b> Rub\u00e9n Garc\u00eda, que tiene una ampliaci\u00f3n autom\u00e1tica en funci\u00f3n de los minutos disputados este curso (alrededor de la mitad del total)<\/b>, y la voluntad de las partes es asegurar su presencia m\u00e1s all\u00e1 de junio independientemente de si cumple o no esa cl\u00e1usula, escenario incierto en el que influye su disponibilidad y las decisiones del entrenador.\u00a0<\/p>\n<p class=\"paragraph\">Llegado el momento, <b>se cuenta con que seguir\u00e1 con esas condiciones ya prefijadas si alcanza dicha participaci\u00f3n o con unas nuevas que se plantear\u00e1n si no llega.\u00a0<\/b><\/p>\n<p class=\"paragraph\">Rub\u00e9n Garc\u00eda renov\u00f3 al final de la temporada 2023-24, la \u00faltima de Arrasate, por dos temporadas y otra opcional. Su nivel fue especialmente alto la pasada campa\u00f1a y este a\u00f1o empez\u00f3 siendo importante, contexto que ha ido variando por su situaci\u00f3n personal -el problema de salud de su padre- y la ca\u00edda del equipo, que ha afectado al rendimiento individual. En Osasuna se valora la faceta futbol\u00edstica de Rub\u00e9n, pero tambi\u00e9n el peso que ha ido adquiriendo en el vestuario en su octava temporada de rojo. Ya en el acuerdo m\u00e1s reciente acept\u00f3 una renovaci\u00f3n a la baja priorizando su estabilidad deportiva y personal.\u00a0<\/p>\n<p class=\"paragraph\">Pese a que te\u00f3ricamente expira su contrato en 2026, su nombre aparece en la pizarra futura de Osasuna, ya sea porque ha cumplido la cl\u00e1usula para seguir y porque se da por hecho que no habr\u00e1 inconveniente en prolongar el v\u00ednculo si no llega al minutaje. El valenciano, por cierto, tiene ante s\u00ed un partido muy especial el lunes ante el Levante, su club de procedencia en un fichaje firmado en 2018 que fue trascendental para el posterior ascenso.\u00a0<\/p>\n<p class=\"paragraph\"><b>EL FUTURO ABIERTO DE JUAN CRUZ<\/b><\/p>\n<p class=\"paragraph\"><b>Tambi\u00e9n expirar\u00e1 la vinculaci\u00f3n de Juan Cruz<\/b>, que desde que lleg\u00f3 del Elche en 2020 ha hecho camino en Osasuna con cierto protagonismo en la banda izquierda, ya que dot\u00f3 de estabilidad a una posici\u00f3n para la que se hab\u00eda recorrido a cesiones. El madrile\u00f1o renov\u00f3 en enero de 2022 hasta 2024 y en diciembre de ese a\u00f1o firm\u00f3 otra ampliaci\u00f3n hasta junio de 2026, el acuerdo actual. Vive su sexta temporada como rojillo y <b>su futuro todav\u00eda es incierto<\/b> a partir del pr\u00f3ximo curso.\u00a0<\/p>\n<p class=\"paragraph\"><b>EL MERCADO Y LA RENOVACI\u00d3N DE BRAULIO<\/b><\/p>\n<p class=\"paragraph\">Estos asuntos no aparecen en la pantalla principal de Osasuna, ni siquiera abrochar la continuidad del director deportivo, Braulio V\u00e1zquez, junto a Cata, su mano derecha. Tambi\u00e9n terminan contrato en junio, pero todas las partes dan por hecha su continuidad, pese a que no se ha confirmado oficialmente.<b> La delicada situaci\u00f3n clasificatoria ha eclipsado estos frentes, adem\u00e1s del mercado invernal que aborda ya el club de manera activa.<\/b> Los esfuerzos se centran ah\u00ed. Se busca central, lateral derecho y un jugador ofensivo para reforzar la plantilla en enero.<\/p>\n","protected":false},"excerpt":{"rendered":"Como cada temporada por estas fechas se abre la carpeta de las renovaciones pendientes, ya que los futbolistas&hellip;\n","protected":false},"author":2,"featured_media":275879,"comment_status":"","ping_status":"","sticky":false,"template":"","format":"standard","meta":{"footnotes":""},"categories":[268],"tags":[67256,168,25,24,280,282,3142,409,34654,1361,281,23,167],"class_list":{"0":"post-275878","1":"post","2":"type-post","3":"status-publish","4":"format-standard","5":"has-post-thumbnail","7":"category-futbol","8":"tag-barja","9":"tag-deportes","10":"tag-es","11":"tag-espana","12":"tag-football","13":"tag-futbol","14":"tag-garcia","15":"tag-juan","16":"tag-kike","17":"tag-ruben","18":"tag-soccer","19":"tag-spain","20":"tag-sports"},"share_on_mastodon":{"url":"https:\/\/pubeurope.com\/@es\/115678268996596146","error":""},"_links":{"self":[{"href":"https:\/\/www.europesays.com\/es\/wp-json\/wp\/v2\/posts\/275878","targetHints":{"allow":["GET"]}}],"collection":[{"href":"https:\/\/www.europesays.com\/es\/wp-json\/wp\/v2\/posts"}],"about":[{"href":"https:\/\/www.europesays.com\/es\/wp-json\/wp\/v2\/types\/post"}],"author":[{"embeddable":true,"href":"https:\/\/www.europesays.com\/es\/wp-json\/wp\/v2\/users\/2"}],"replies":[{"embeddable":true,"href":"https:\/\/www.europesays.com\/es\/wp-json\/wp\/v2\/comments?post=275878"}],"version-history":[{"count":0,"href":"https:\/\/www.europesays.com\/es\/wp-json\/wp\/v2\/posts\/275878\/revisions"}],"wp:featuredmedia":[{"embeddable":true,"href":"https:\/\/www.europesays.com\/es\/wp-json\/wp\/v2\/media\/275879"}],"wp:attachment":[{"href":"https:\/\/www.europesays.com\/es\/wp-json\/wp\/v2\/media?parent=275878"}],"wp:term":[{"taxonomy":"category","embeddable":true,"href":"https:\/\/www.europesays.com\/es\/wp-json\/wp\/v2\/categories?post=275878"},{"taxonomy":"post_tag","embeddable":true,"href":"https:\/\/www.europesays.com\/es\/wp-json\/wp\/v2\/tags?post=275878"}],"curies":[{"name":"wp","href":"https:\/\/api.w.org\/{rel}","templated":true}]}}