{"id":275893,"date":"2025-12-07T12:32:15","date_gmt":"2025-12-07T12:32:15","guid":{"rendered":"https:\/\/www.europesays.com\/es\/275893\/"},"modified":"2025-12-07T12:32:15","modified_gmt":"2025-12-07T12:32:15","slug":"el-patrimonio-de-sabina-tras-su-jubilacion-mas-alla-de-su-iconico-y-lujoso-piso-en-lavapies","status":"publish","type":"post","link":"https:\/\/www.europesays.com\/es\/275893\/","title":{"rendered":"El patrimonio de Sabina tras su jubilaci\u00f3n, m\u00e1s all\u00e1 de su ic\u00f3nico y lujoso piso en Lavapi\u00e9s"},"content":{"rendered":"<p><strong><a href=\"https:\/\/theobjective.com\/etiqueta\/joaquin-sabina\/\" rel=\"nofollow noopener\" target=\"_blank\">Joaqu\u00edn Sabina<\/a><\/strong> es uno de los rostros m\u00e1s conocidos de nuestra m\u00fasica. El jienense se despidi\u00f3, hace una semana, de su carrera musical en un espectacular concierto en Madrid con el que dijo adi\u00f3s a una etapa de su vida que nunca olvidar\u00e1. Y es que, con el paso del tiempo, Sabina se ha convertido en una de esas <strong>voces <\/strong>que pertenecer\u00e1 siempre a una generaci\u00f3n. En esta nueva etapa que comienza a Sabina no le faltar\u00e1 el cari\u00f1o de su mujer, de sus hijas y, tambi\u00e9n, un extens\u00edsimo patrimonio que ha ido amasando en todo este tiempo.<\/p>\n<p>Probablemente, uno de sus bienes m\u00e1s preciados es <strong>su espectacular casa en Madrid<\/strong>, concretamente en el barrio de Lavapi\u00e9s, donde el cantante se siente muy feliz e integrado. All\u00ed reside en un bonito piso que uni\u00f3 a otro hace un tiempo y que est\u00e1 decorado con infinidad de detalles que han marcado su vida. Pero eso s\u00ed, su patrimonio va m\u00e1s all\u00e1. Durante muchos a\u00f1os, Sabina canaliz\u00f3 gran parte de sus ingresos \u2014con derechos de autor, regal\u00edas, conciertos, venta de discos, colaboraciones\u2026\u2014 mediante varias sociedades mercantiles como Ultramarinos Finos S.L., Relatores S.L. y El Pan de mis Ni\u00f1as S.L.. Estas sociedades tambi\u00e9n gestionaban inmuebles (en Madrid y C\u00e1diz), un velero, libros antiguos y otros bienes asociados.<\/p>\n<p>La jubilaci\u00f3n deseada de Joaqu\u00edn Sabina <\/p>\n<p><img fetchpriority=\"high\" decoding=\"async\" width=\"1024\" height=\"869\" src=\"https:\/\/www.europesays.com\/es\/wp-content\/uploads\/2025\/12\/jimena-coronado-peru-1024x869.jpg\" alt=\"\" class=\"wp-image-3870050\"  \/>Jimena Coronado junto a Joaqu\u00edn Sabina. | Gtres<\/p>\n<p>Ese entramado empresarial fue muy cuestionado por la administraci\u00f3n tributaria; <strong>la inspecci\u00f3n fiscal detect\u00f3 que entre 2008 y 2010 esas empresas declararon ingresos muy altos \u2014por conciertos, ventas, royalties, etc.\u2014 <\/strong>mientras que los derechos de autor se ced\u00edan a dichas sociedades sin que Sabina declarara renta personal por ellos. En ese contexto, el uso de sociedades fue considerado por la justicia como una f\u00f3rmula irregular de fiscalidad \u2014las entidades no ten\u00edan \u00absustancia real\u00bb aparte del propio artista\u2014, lo que llev\u00f3 a que se le exigiera <strong>tributar como renta personal<\/strong>. A ra\u00edz del litigio con la administraci\u00f3n, Sabina reestructur\u00f3 su patrimonio. Hoy \u2014en 2025\u2014 solo mantiene activamente como empresa operativa a Ultramarinos Finos S.L., la cual gestiona la actividad art\u00edstica, derechos y otros ingresos vinculados a su carrera.\u00a0<\/p>\n<p>Esa sociedad sigue perteneciendo al <strong>50\u202f% entre Sabina y su esposa \u2014Jimena Coronado\u2014<\/strong>, lo que indica que, aunque simplificada, la estructura patrimonial sigue siendo corporativa. Entre los bienes m\u00e1s emblem\u00e1ticos que se le atribuyen est\u00e1 un\u00a0<a href=\"https:\/\/theobjective.com\/gente\/2025-10-09\/casa-sabina-lavapies-musica-mueble-clasico\/\" rel=\"nofollow noopener\" target=\"_blank\"><strong>d\u00faplex de unos 300\u202fmetros cuadrados<\/strong>\u00a0en el barrio de Lavapi\u00e9s<\/a>. Como contamos en THE OBJECTIVE, esta vivienda no es solo un hogar: es su \u00abrefugio bohemio\u00bb, mezcla de vivienda, estudio creativo, biblioteca, almac\u00e9n de recuerdos, muebles antiguos \u2014un espacio cargado de personalidad.\u00a0Esa casa ha sido retratada como un apartamento con car\u00e1cter: su dise\u00f1o interior incluye mobiliario de madera, estanter\u00edas repletas de libros y discos, l\u00e1mparas, objetos antiguos, decoraci\u00f3n ecl\u00e9ctica\u2026 Todo al servicio de la identidad del artista.<\/p>\n<p>Su patrimonio m\u00e1s all\u00e1 de su piso m\u00e1s especial <\/p>\n<p>Adem\u00e1s del piso de Madrid, se le atribuye la propiedad de bienes inmuebles \u2014o al menos participaciones\u2014 en otras localizaciones, entre ellas en <strong>Rota <\/strong>(C\u00e1diz).\u00a0En el pasado tambi\u00e9n se hac\u00eda referencia a otros activos f\u00edsicos gestionados por sus sociedades: un velero, libros antiguos, y otros bienes muebles, aunque no siempre est\u00e1 claro cu\u00e1l es su situaci\u00f3n exacta hoy.\u00a0Seg\u00fan datos p\u00fablicos de 2025, la empresa Ultramarinos Finos S.L. tiene un\u00a0<strong>patrimonio neto declarado de unos 5,7 millones de euros<\/strong>. Adem\u00e1s, se cuenta que esta sociedad dispone de una\u00a0<strong>liquidez elevada \u2014m\u00e1s de 6 millones de euros en efectivo<\/strong>. Es decir: aunque en 2024 la empresa registr\u00f3 p\u00e9rdidas \u2014por la ca\u00edda de facturaci\u00f3n tras la pausa de conciertos\u2014, conserva una posici\u00f3n financiera saneada.<\/p>\n<p><img loading=\"lazy\" decoding=\"async\" width=\"1024\" height=\"576\" src=\"https:\/\/www.europesays.com\/es\/wp-content\/uploads\/2025\/12\/casa-sabina-lavapi-1024x576.jpeg\" alt=\"\" class=\"wp-image-3764703\"  \/>Sabina tiene una casa en Lavapi\u00e9s. | Gtres<\/p>\n<p>El a\u00f1o 2024 cerr\u00f3 <strong>con unas p\u00e9rdidas de aproximadamente 196.689 euros.<\/strong> La ca\u00edda se explica por la dr\u00e1stica reducci\u00f3n de ingresos: de unos 14,7 millones en 2023 a apenas 94.835 euros en 2024 \u2014con poco o nada de actividad\u2014.\u00a0Aun as\u00ed, la estructura de la empresa \u2014ausencia de deudas bancarias significativas, reservas acumuladas, activos inmobiliarios\u2014 ofrece una base s\u00f3lida para su patrimonio.\u00a0Algunas estimaciones recientes sit\u00faan su patrimonio global \u2014es decir, empresas + inmuebles + activos\u2014 alrededor de\u00a0<strong>6,7\u20117 millones de euros<\/strong>.<\/p>\n<p>Entre 2008 y 2010, las sociedades vinculadas a Sabina declararon unos ingresos muy elevados \u2014a trav\u00e9s de galas, conciertos, royalties, ventas, etc., mientras ced\u00eda sus derechos de autor a aquellas \u2014y no los declaraba como renta personal\u2014. Como dec\u00edamos, esa pr\u00e1ctica fue revisada por la administraci\u00f3n. En 2022, la Audiencia Nacional rechaz\u00f3 el recurso presentado por Sabina contra una liquidaci\u00f3n fiscal de 2,5 millones de euros correspondientes al IRPF de esos ejercicios (2008\u20112010). En 2023, el Tribunal Supremo confirm\u00f3 esa decisi\u00f3n; los 2,5 millones deb\u00edan abonarse. El alto tribunal inadmiti\u00f3 el recurso de casaci\u00f3n del artista, poniendo fin al litigio. Seg\u00fan algunas informaciones, parte de esa deuda se habr\u00eda satisfecho en 2014 mediante devoluciones de sociedades y pagos en met\u00e1lico.\u00a0<\/p>\n<p>Ingresos elevados, varias sociedades y mucho m\u00e1s <\/p>\n<p>Este episodio dej\u00f3 claro que buena parte del patrimonio de Sabina \u2014sobre todo lo gestionado mediante sociedades\u2014 est\u00e1 sujeto a riesgo fiscal vintage: los ingresos provenientes de derechos de autor pueden considerarse \u00abrendimientos del trabajo\u00bb y no meras ganancias empresariales, lo que implica tributaciones m\u00e1s altas.\u00a0Sabina no se limita ya al mundo art\u00edstico puro: figura como\u00a0<strong>socio en varias AIE<\/strong>\u00a0(Agrupaciones de Inter\u00e9s Econ\u00f3mico) dedicadas a proyectos de<strong> I+D<\/strong>, algo poco habitual para un artista. Estas inversiones podr\u00edan tener fines fiscales (deducciones, incentivos), pero tambi\u00e9n suponen una diversificaci\u00f3n de su patrimonio.<\/p>\n<p><img loading=\"lazy\" decoding=\"async\" width=\"466\" height=\"700\" src=\"https:\/\/www.europesays.com\/es\/wp-content\/uploads\/2025\/12\/sabina-jimena.jpg\" alt=\"\" class=\"wp-image-3764247\"  \/>Joaqu\u00edn Sabina junto a Jimena Coronado. | Gtres<\/p>\n<p>Su decisi\u00f3n de mantener una sola sociedad operativa (Ultramarinos Finos) podr\u00eda reflejar un intento de simplificar su estructura financiera, especialmente tras los problemas con Hacienda. Esta diversificaci\u00f3n sugiere que Sabina busca \u2014m\u00e1s all\u00e1 de vivir de sus canciones\u2014 proteger su patrimonio mediante inversiones que, potencialmente, no dependan del ciclo art\u00edstico (giras, discos, conciertos). A pesar del patrimonio estimado en varios millones, varios medios destacan que Sabina sigue viviendo con cierta sobriedad. Su d\u00faplex en Madrid no es descrito como un palacete ostentoso, sino como un refugio creativo, bohemio, ecl\u00e9ctico: libros, discos, muebles cargados de historia, recuerdos, un ambiente casi artesano.\u00a0<\/p>\n<p>La mezcla de austeridad \u2014o al menos de rechazo al lujo estridente\u2014 con un modo de vida centrado en la creaci\u00f3n, la memoria, el arte y la autenticidad aparece como una constante en los retratos medi\u00e1ticos sobre su persona. En sus propias palabras, ha dicho que nunca fue \u00abhombre de finanzas\u00bb y que era \u00ab<strong>in\u00fatil para lo administrativo, incluso para el dinero<\/strong>\u00bb \u2014una confesi\u00f3n que choca con la realidad de su patrimonio, pero que habla de su sentido de identidad art\u00edstica y personal.\u00a0<\/p>\n","protected":false},"excerpt":{"rendered":"Joaqu\u00edn Sabina es uno de los rostros m\u00e1s conocidos de nuestra m\u00fasica. El jienense se despidi\u00f3, hace una&hellip;\n","protected":false},"author":2,"featured_media":275894,"comment_status":"","ping_status":"","sticky":false,"template":"","format":"standard","meta":{"footnotes":""},"categories":[91],"tags":[255,146,147,25,24,66473,1397,23],"class_list":{"0":"post-275893","1":"post","2":"type-post","3":"status-publish","4":"format-standard","5":"has-post-thumbnail","7":"category-entretenimiento","8":"tag-celebrities","9":"tag-entertainment","10":"tag-entretenimiento","11":"tag-es","12":"tag-espana","13":"tag-joaquu00edn-sabina","14":"tag-patrimonio","15":"tag-spain"},"share_on_mastodon":{"url":"https:\/\/pubeurope.com\/@es\/115678304736110677","error":""},"_links":{"self":[{"href":"https:\/\/www.europesays.com\/es\/wp-json\/wp\/v2\/posts\/275893","targetHints":{"allow":["GET"]}}],"collection":[{"href":"https:\/\/www.europesays.com\/es\/wp-json\/wp\/v2\/posts"}],"about":[{"href":"https:\/\/www.europesays.com\/es\/wp-json\/wp\/v2\/types\/post"}],"author":[{"embeddable":true,"href":"https:\/\/www.europesays.com\/es\/wp-json\/wp\/v2\/users\/2"}],"replies":[{"embeddable":true,"href":"https:\/\/www.europesays.com\/es\/wp-json\/wp\/v2\/comments?post=275893"}],"version-history":[{"count":0,"href":"https:\/\/www.europesays.com\/es\/wp-json\/wp\/v2\/posts\/275893\/revisions"}],"wp:featuredmedia":[{"embeddable":true,"href":"https:\/\/www.europesays.com\/es\/wp-json\/wp\/v2\/media\/275894"}],"wp:attachment":[{"href":"https:\/\/www.europesays.com\/es\/wp-json\/wp\/v2\/media?parent=275893"}],"wp:term":[{"taxonomy":"category","embeddable":true,"href":"https:\/\/www.europesays.com\/es\/wp-json\/wp\/v2\/categories?post=275893"},{"taxonomy":"post_tag","embeddable":true,"href":"https:\/\/www.europesays.com\/es\/wp-json\/wp\/v2\/tags?post=275893"}],"curies":[{"name":"wp","href":"https:\/\/api.w.org\/{rel}","templated":true}]}}