{"id":275911,"date":"2025-12-07T12:47:12","date_gmt":"2025-12-07T12:47:12","guid":{"rendered":"https:\/\/www.europesays.com\/es\/275911\/"},"modified":"2025-12-07T12:47:12","modified_gmt":"2025-12-07T12:47:12","slug":"la-energia-comica-de-raul-cimas-el-humorista-del-momento-el-pais-semanal","status":"publish","type":"post","link":"https:\/\/www.europesays.com\/es\/275911\/","title":{"rendered":"La energ\u00eda c\u00f3mica de Ra\u00fal Cimas, el humorista del momento | EL PA\u00cdS Semanal"},"content":{"rendered":"<p class=\"\">\u201cExplicado, pierde\u201d, dice <a href=\"https:\/\/elpais.com\/television\/2021-02-12\/pepe-colubi-reirte-de-ti-mismo-implica-que-permites-que-se-rian-de-ti-estas-expuesto.html\" target=\"_self\" rel=\"nofollow noopener\" title=\"https:\/\/elpais.com\/television\/2021-02-12\/pepe-colubi-reirte-de-ti-mismo-implica-que-permites-que-se-rian-de-ti-estas-expuesto.html\">Pepe Colubi<\/a>. \u201cTratar de definir el humor de Ra\u00fal Cimas es como apretar un pu\u00f1ado de arena\u201d. Su amigo y compa\u00f1ero en <a href=\"https:\/\/elpais.com\/elpais\/2021\/11\/10\/album\/1636547127_910552.html\" target=\"_self\" rel=\"nofollow noopener\" title=\"https:\/\/elpais.com\/elpais\/2021\/11\/10\/album\/1636547127_910552.html\">Ilustres ignorantes<\/a> cree que \u201cRa\u00fal no es para analizarlo, es para disfrutarlo\u201d. <a href=\"https:\/\/elpais.com\/eps\/2025-04-20\/hay-andreu-buenafuente-y-berto-romero-para-rato-la-esperanza-de-vida-es-el-limite.html\" target=\"_self\" rel=\"nofollow noopener\" title=\"https:\/\/elpais.com\/eps\/2025-04-20\/hay-andreu-buenafuente-y-berto-romero-para-rato-la-esperanza-de-vida-es-el-limite.html\">Berto Romero, que ha coincidido con Cimas en varios programas de Andreu Buenafuente<\/a> y del entorno de El Terrat, tampoco se ve capaz de \u201cteorizar\u201d sobre el c\u00f3mico; para definir la vis del de Albacete prefiere subrayar que \u201ctiene una personalidad tan apabullante que puedes imitarle\u201d. \u201cNo es tonter\u00eda\u201d, dice, \u201cme recuerda a los grandes actores de car\u00e1cter de los setenta, <a href=\"https:\/\/elpais.com\/television\/2022-12-21\/jose-luis-lopez-vazquez-entre-la-revolera-alocada-y-la-precision-interpretativa-matematica.html\" target=\"_self\" rel=\"nofollow noopener\" title=\"https:\/\/elpais.com\/television\/2022-12-21\/jose-luis-lopez-vazquez-entre-la-revolera-alocada-y-la-precision-interpretativa-matematica.html\">Jos\u00e9 Luis L\u00f3pez V\u00e1zquez<\/a>, Manolo G\u00f3mez Bur, Manuel Alexandre\u2026\u201d. Procede a imitar por tel\u00e9fono la voz nasal y aguda del c\u00f3mico (ojo, nivel deep fake): \u201c\u00a1Me he especializado, es la \u00fanica persona a la que s\u00e9 imitar, es tan peculiar que a veces pienso que \u00e9l mismo se imita\u2026 De todas formas, la voz es divertida pero anecd\u00f3tica, lo alucinante de Cimas es el filtro con el que ve el mundo\u201d. Es decir, se puede copiar su timbre y su tono, pero lo que hace a Cimas \u201cinimitable\u201d, apunta Colubi por correo electr\u00f3nico, \u201ces la perfecta simbiosis entre contenido y entrega (lo que los esnobs llaman delivery)\u201d: \u201cJuega con las palabras, retuerce los pensamientos y ensancha las situaciones, pero transmite sus ideas con ritmo y cadencia. Es m\u00fasica\u201d.<\/p>\n<p class=\"\"><a href=\"https:\/\/elpais.com\/television\/2023-09-14\/raul-cimas-actor-las-epocas-de-encerrona-nunca-me-dieron-una-mierda.html\" target=\"_self\" rel=\"nofollow noopener\" title=\"https:\/\/elpais.com\/television\/2023-09-14\/raul-cimas-actor-las-epocas-de-encerrona-nunca-me-dieron-una-mierda.html\">Ra\u00fal Cimas, de 49 a\u00f1os,<\/a> empez\u00f3 en la comedia un poco por casualidad mientras estudiaba Bellas Artes en Cuenca. Junto a su grupo de amigos de la universidad \u2014Joaqu\u00edn Reyes, Ernesto Sevilla, Juli\u00e1n L\u00f3pez, Carlos Areces, Pablo Chiapella, An\u00edbal G\u00f3mez\u2026\u2014 hizo la <a href=\"https:\/\/verne.elpais.com\/verne\/2015\/10\/30\/articulo\/1446219857_144099.html\" target=\"_self\" rel=\"nofollow noopener\" title=\"https:\/\/verne.elpais.com\/verne\/2015\/10\/30\/articulo\/1446219857_144099.html\">revoluci\u00f3n manchega del humor patrio de principios de los dos mil en La hora chanante<\/a> y <a href=\"https:\/\/verne.elpais.com\/verne\/2017\/09\/19\/articulo\/1505829146_318919.html\" target=\"_self\" rel=\"nofollow noopener\" title=\"https:\/\/verne.elpais.com\/verne\/2017\/09\/19\/articulo\/1505829146_318919.html\">Muchachada nui<\/a>. Ha hecho mon\u00f3logos, teatro, publicidad, cine, cortometrajes y mucha televisi\u00f3n, y todo sin dejar los pinceles: sus c\u00f3mics est\u00e1n reunidos en un grueso volumen titulado <a href=\"https:\/\/elpais.com\/eps\/2021-10-27\/angel-stanich-el-socarron-retratista-musical-de-lo-surrealista-y-absurdo.html\" target=\"_self\" rel=\"nofollow noopener\" title=\"https:\/\/elpais.com\/eps\/2021-10-27\/angel-stanich-el-socarron-retratista-musical-de-lo-surrealista-y-absurdo.html\">Mamotreto<\/a> (Blackie Books, 2020), en cuyas primeras vi\u00f1etas conversa desnudo con un yogur de pi\u00f1a sobre lo pesada que es la gente. Aunque nunca ha parado, este a\u00f1o ha estado especialmente garrapi\u00f1ado: colabora con <a href=\"https:\/\/elpais.com\/television\/2025-11-21\/andreu-buenafuente-paraliza-su-agenda-por-prescripcion-medica-y-exceso-de-carga-laboral-a-un-mes-para-las-campanadas.html\" target=\"_self\" rel=\"nofollow noopener\" title=\"https:\/\/elpais.com\/television\/2025-11-21\/andreu-buenafuente-paraliza-su-agenda-por-prescripcion-medica-y-exceso-de-carga-laboral-a-un-mes-para-las-campanadas.html\">Futuro imperfecto<\/a> (el programa que Andreu Buenafuente estren\u00f3 el pasado mes de mayo en La 1); ha suplido la baja de Javier Cansado, \u201cel bueno de Ilustres ignorantes\u201d (seg\u00fan lo que el propio Cimas dijo ante sus nuevos compa\u00f1eros); es un invitado recurrente en La revuelta de Broncano (el actual term\u00f3metro de molar); y estren\u00f3 en septiembre la segunda temporada de <a href=\"https:\/\/elpais.com\/escaparate\/estilo-de-vida\/2025-09-24\/serie-poquita-fe-movistar-plus.html\" target=\"_self\" rel=\"nofollow noopener\" title=\"https:\/\/elpais.com\/escaparate\/estilo-de-vida\/2025-09-24\/serie-poquita-fe-movistar-plus.html\">Poquita fe<\/a> (Movistar Plus+), la serie que, en episodios de 15 minutos y con dos perdedores como protagonistas, ha enamorado a Espa\u00f1a.<\/p>\n<p class=\"\">\u201cYo nunca me he sentido tan querido como con esta serie\u201d, dice <a href=\"https:\/\/elpais.com\/television\/2023-07-07\/montero-y-maidagan-hay-mucha-gente-a-punto-de-venirse-abajo-sostenida-por-cuatro-palitos.html\" target=\"_self\" rel=\"nofollow noopener\" title=\"https:\/\/elpais.com\/television\/2023-07-07\/montero-y-maidagan-hay-mucha-gente-a-punto-de-venirse-abajo-sostenida-por-cuatro-palitos.html\">Pep\u00f3n Montero, creador de Poquita fe junto a Juan Maidag\u00e1n<\/a>. \u201cY es gracias a Ra\u00fal y Esperanza [Pedre\u00f1o, la actriz coprotagonista], que han hecho a los personajes mucho m\u00e1s queribles de lo que eran en el guion\u201d. La primera temporada dejaba a la pareja formada por Jos\u00e9 Ram\u00f3n y Berta al borde de la separaci\u00f3n: \u201cLa gente nos ped\u00eda por la calle que por favor no se separasen, nunca me hab\u00eda pasado\u201d, cuenta el director por tel\u00e9fono. \u201cPor absurdo que parezca, Ra\u00fal aporta a Jos\u00e9 Ram\u00f3n la ternura\u201d, dice Montero. \u201cEs alucinante el cari\u00f1o que despierta entre el p\u00fablico, como un oso bueno\u201d.<\/p>\n<p class=\"\">Berto Romero tambi\u00e9n recurre a lo que los esnobs llamar\u00edan s\u00edmil \u00farsido: \u201cEs un oso de las nieves muy gracioso, pero a la vez amenazador, una clara combinaci\u00f3n ganadora. Juega muy bien con el gran patrimonio de la comedia, crear tensi\u00f3n para luego romperla, en eso es un superdotado\u201d.<\/p>\n<p><img decoding=\"auto\" class=\"_re lazyload a_m-v\" height=\"621\"  width=\"414\"  src=\"https:\/\/www.europesays.com\/es\/wp-content\/uploads\/2025\/12\/WGZMGQ6LHJBDJNQYD7274NVU7E.jpg\" loading=\"lazy\"\/>El c\u00f3mico de Albacete particip\u00f3 en la revoluci\u00f3n manchega del humor patrio a principios de los dos mil con &#8216;La hora chanante&#8217;.Ximena y Sergio<\/p>\n<p class=\"\">Los tres Reyes Magos que le han salido al humorista se r\u00eden solo recordando algunos de sus sketches m\u00edticos. A Montero se le qued\u00f3 grabado el gag del autor teatral fracasado Francisco, <a href=\"https:\/\/elpais.com\/cultura\/2016\/12\/30\/actualidad\/1483104688_038126.html\" target=\"_self\" rel=\"nofollow noopener\" title=\"https:\/\/elpais.com\/cultura\/2016\/12\/30\/actualidad\/1483104688_038126.html\">alias Philip Max<\/a> (interpretado por Cimas con peluc\u00f3n pelirrojo y fular), que hac\u00eda una funci\u00f3n infantil sobre el 23-F en su antiguo colegio del pueblo y le gritaba a un ni\u00f1o: \u201c\u00a1Cuando entras por esa puerta eres Tejero, ya no eres Borja!\u201d, antes de decirle que para ser actor estaba gordo. A Berto Romero la primera vez que le \u201crob\u00f3 el coraz\u00f3n\u201d Cimas fue meti\u00e9ndose en la apocada camisa de manga corta del aparejador que cantaba en Muchachada nui un pocho tema tecno: \u201cNo hay tiempo para el amor, me lo monto con escuadra y cartab\u00f3n\u201d. Colubi se declara \u201cmuy fan\u201d de Jaime Walter en Museo Coconut (tambi\u00e9n con pelazo y fular) o del polic\u00eda en la pel\u00edcula Los del t\u00fanel, pero admite que Jos\u00e9 Ram\u00f3n de Poquita fe, por cuya interpretaci\u00f3n el actor ha estado nominado a los Premios Feroz y Jos\u00e9 Mar\u00eda Forqu\u00e9, es su \u201cpunto d\u00e9bil\u201d.<\/p>\n<p class=\"\">Apret\u00e1ndolos para que analicen la f\u00f3rmula de la comicidad de Cimas, el tr\u00edo destaca su capacidad para mezclar registros: el costumbrismo con lo absurdo, lo surrealista con lo cercano. \u201cEs heredero de Jos\u00e9 Luis Cuerda, que, claro, se enamor\u00f3 de \u00e9l\u201d, dice Berto Romero recordando que, cuando ambos trabajaron con el director <a href=\"https:\/\/elpais.com\/cultura\/2018\/12\/27\/actualidad\/1545875021_955294.html\" target=\"_self\" rel=\"nofollow noopener\" title=\"https:\/\/elpais.com\/cultura\/2018\/12\/27\/actualidad\/1545875021_955294.html\">en la pel\u00edcula Tiempo despu\u00e9s<\/a>, siempre le daba m\u00e1s l\u00edneas que a los dem\u00e1s. \u201cPero tambi\u00e9n tiene un pie en los Monty Python\u201d, contin\u00faa el colaborador de Buenafuente, \u201cjuega con el humor de pueblo y de barrio, es castizo, inventa historias, hace chistes, mete juegos de palabras\u2026 No le hace ascos a nada, y todo sin ponerse sofisticado, qued\u00e1ndose en lo cotidiano\u201d. La clave para conseguirlo, para resultar cercano y conectar, es, seg\u00fan Colubi, su capacidad de observaci\u00f3n de lo que le rodea: \u201cSiempre tiene el radar en funcionamiento, y luego reviste de sencillez los alambiques cu\u00e1nticos del observacionismo. Hace a\u00f1icos lo cotidiano para reconstruirlo a su manera, y nos invita a desentra\u00f1ar el absurdo que habita cada gramo de nuestro ser\u201d.<\/p>\n<p><a href=\"https:\/\/elpais.com\/eps\/2025-12-07\/las-increibles-navidades-de-raul-cimas-un-cuento-con-milagro-incluido.html\" class=\"_db _pr\" rel=\"nofollow noopener\" target=\"_blank\"><img decoding=\"auto\" class=\"_re lazyload a_m-h\" height=\"414\"  width=\"414\" src=\"https:\/\/www.europesays.com\/es\/wp-content\/uploads\/2025\/12\/PRUBAQX5TNE7DJ3R7VFS3GROOA.jpg\" loading=\"lazy\"\/><\/a><\/p>\n<p class=\"\">Ra\u00fal Cimas ha dicho muchas veces que no le gusta dar entrevistas, en parte porque en sus apariciones televisivas sin disfraz, cuando habla con Buenafuente, <a href=\"https:\/\/elpais.com\/television\/2024-09-13\/motos-recupera-el-liderazgo-frente-a-broncano-el-hormiguero-lidera-la-audiencia-ante-la-revuelta-en-el-cuarto-asalto.html\" target=\"_self\" rel=\"nofollow noopener\" title=\"https:\/\/elpais.com\/television\/2024-09-13\/motos-recupera-el-liderazgo-frente-a-broncano-el-hormiguero-lidera-la-audiencia-ante-la-revuelta-en-el-cuarto-asalto.html\">Broncano<\/a> o Javier Coronas de su infancia, sus suegros y su prima Tere, o cuando lanza opiniones temerarias, transita entre realidad y ficci\u00f3n; nunca sabes cu\u00e1nto de lo que cuenta, ni de c\u00f3mo lo cuenta, es guasa y cu\u00e1nto verdad, una charla solo en serio destripar\u00eda la magia. \u201cPorque, como todos los buenos comediantes, el humor de Cimas es muy personal\u201d, dice Pep\u00f3n Montero. \u201cLa comedia interesante es siempre de autor, de alguien con un punto de vista diferente, y Ra\u00fal ha ido perfeccionando el suyo con el tiempo, lo tiene muy pulido, se lo curra mucho, claro, pero adem\u00e1s tiene una cabeza que va a mil por hora\u201d.<\/p>\n<p class=\"\">\u201cEl secreto es su indisolubilidad entre texto y discurso\u201d, resume Colubi, \u201ces tan agudo en persona como delante de un micr\u00f3fono\u201d. Berto Romero coincide en el diagn\u00f3stico y confiesa que es una de las personas que m\u00e1s le hacen re\u00edr, aunque no quiera, \u201cen escena y fuera de ella\u201d. \u201cPara Cimas, dos personas ya es un p\u00fablico\u201d, r\u00ede el c\u00f3mico. \u201cY es un s\u00e1dico, si te ve re\u00edr, te aprieta hasta que te caigas por el suelo de la risa, tiene una energ\u00eda c\u00f3mica inagotable. Yo carezco de ella, necesito apagar. Pero \u00e9l puede quedarse siempre ah\u00ed, en esa energ\u00eda agresiva y a la vez tierna de su comedia\u201d.<\/p>\n<p>CR\u00c9DITOS <\/p>\n<p>Asistentes de fotograf\u00eda  \u00a0Andrea Petrazzi y Juanma Ferreira.<\/p>\n<p>Maquillaje y peluquer\u00eda  \u00a0Jos\u00e9 Luis Ruzafa (Ana Prado Management) para Sisley Par\u00eds Official.<\/p>\n<p>Estilismo de la foto principal  Ra\u00fal Cimas lleva un jersey de punto de Tommy Hilfiger.<\/p>\n","protected":false},"excerpt":{"rendered":"\u201cExplicado, pierde\u201d, dice Pepe Colubi. \u201cTratar de definir el humor de Ra\u00fal Cimas es como apretar un pu\u00f1ado&hellip;\n","protected":false},"author":2,"featured_media":275912,"comment_status":"","ping_status":"","sticky":false,"template":"","format":"standard","meta":{"footnotes":""},"categories":[174],"tags":[1014,2058,2059,255,67265,146,147,25,24,256,37443,67266,67264,2063,8192,8190,23],"class_list":{"0":"post-275911","1":"post","2":"type-post","3":"status-publish","4":"format-standard","5":"has-post-thumbnail","7":"category-famosos","8":"tag-actores","9":"tag-andreu-buenafuente","10":"tag-berto-romero","11":"tag-celebrities","12":"tag-el-terrat","13":"tag-entertainment","14":"tag-entretenimiento","15":"tag-es","16":"tag-espana","17":"tag-famosos","18":"tag-joaquin-reyes","19":"tag-monologos-humor","20":"tag-pepe-colubi","21":"tag-raul-cimas","22":"tag-series-comedia","23":"tag-series-espanolas","24":"tag-spain"},"share_on_mastodon":{"url":"https:\/\/pubeurope.com\/@es\/115678363252909782","error":""},"_links":{"self":[{"href":"https:\/\/www.europesays.com\/es\/wp-json\/wp\/v2\/posts\/275911","targetHints":{"allow":["GET"]}}],"collection":[{"href":"https:\/\/www.europesays.com\/es\/wp-json\/wp\/v2\/posts"}],"about":[{"href":"https:\/\/www.europesays.com\/es\/wp-json\/wp\/v2\/types\/post"}],"author":[{"embeddable":true,"href":"https:\/\/www.europesays.com\/es\/wp-json\/wp\/v2\/users\/2"}],"replies":[{"embeddable":true,"href":"https:\/\/www.europesays.com\/es\/wp-json\/wp\/v2\/comments?post=275911"}],"version-history":[{"count":0,"href":"https:\/\/www.europesays.com\/es\/wp-json\/wp\/v2\/posts\/275911\/revisions"}],"wp:featuredmedia":[{"embeddable":true,"href":"https:\/\/www.europesays.com\/es\/wp-json\/wp\/v2\/media\/275912"}],"wp:attachment":[{"href":"https:\/\/www.europesays.com\/es\/wp-json\/wp\/v2\/media?parent=275911"}],"wp:term":[{"taxonomy":"category","embeddable":true,"href":"https:\/\/www.europesays.com\/es\/wp-json\/wp\/v2\/categories?post=275911"},{"taxonomy":"post_tag","embeddable":true,"href":"https:\/\/www.europesays.com\/es\/wp-json\/wp\/v2\/tags?post=275911"}],"curies":[{"name":"wp","href":"https:\/\/api.w.org\/{rel}","templated":true}]}}