{"id":275913,"date":"2025-12-07T12:48:23","date_gmt":"2025-12-07T12:48:23","guid":{"rendered":"https:\/\/www.europesays.com\/es\/275913\/"},"modified":"2025-12-07T12:48:23","modified_gmt":"2025-12-07T12:48:23","slug":"muba-recupera-cuadros-siglo-xix-badajoz","status":"publish","type":"post","link":"https:\/\/www.europesays.com\/es\/275913\/","title":{"rendered":"MUBA RECUPERA CUADROS SIGLO XIX BADAJOZ"},"content":{"rendered":"<p class=\"ft-text ft-helper-align-justify\">El Museo de Bellas Artes de Badajoz ha incorporado a la colecci\u00f3n &#8216;El Muba Restaura&#8217;<strong> dos pinturas del siglo XIX que han sido recuperadas<\/strong> recientemente. Se trata del retrato de 1859 que la pintora <strong>Victoria Mart\u00edn Barhi\u00e9<\/strong> (C\u00e1diz 1794- 1869) hizo al armador y comerciante gaditano Jos\u00e9 Joaqu\u00edn Agacio Ramos, fallecido en 1905 en la localidad extreme\u00f1a de Aceuchal, y del cuadro &#8216;Retrato de un magistrado&#8217;, pintado en 1853 por <strong>Antonio Mar\u00eda Esquivel y Su\u00e1rez de Urbina<\/strong> (Sevilla, 1806- Madrid, 1857).<\/p>\n<p class=\"ft-text ft-helper-align-justify\">Ambas obras se pueden contemplar en la sala 00, con entrada por la calle Duque de San Germ\u00e1n, que cuenta as\u00ed con el tercer n\u00famero de esta l\u00ednea editorial, en la que se presentan algunas de las piezas del museo que han sido intervenidas, la historia de estas en la colecci\u00f3n, el an\u00e1lisis hist\u00f3rico-art\u00edstico y su proceso de restauraci\u00f3n, que tiene como objetivo dar a conocer este trabajo m\u00e1s interno al p\u00fablico. Con ello, el MUBA da a conocer este trabajo interno m\u00e1s desconocido para el p\u00fablico.<\/p>\n<p><img decoding=\"async\" src=\"https:\/\/www.europesays.com\/es\/wp-content\/uploads\/2025\/12\/4fd37f7f-8ec9-4ecd-9155-59d067d129a8_alta-libre-aspect-ratio_default_0.jpg\" width=\"1200\" height=\"1490\" alt=\"Retrato del armador y comerciante gaditano Jos\u00e9 Joaqu\u00edn Agacio pintado por Victoria Mart\u00edn.\" class=\"ft-helper-img-rd\" loading=\"lazy\"\/><\/p>\n<p class=\"ft-helper-fontColor-quaternary ft-helper-fontSize-body-S ft-helper-spacer-t-xxs\">Retrato del armador y comerciante gaditano Jos\u00e9 Joaqu\u00edn Agacio pintado por Victoria Mart\u00edn.  \/ LA CR\u00d3NICA<\/p>\n<p class=\"ft-text ft-helper-align-justify\">El cuadro de Victoria Mart\u00edn Barhi\u00e9 entra dentro de la reducida n\u00f3mina de artistas femeninas del siglo XIX espa\u00f1ol y fue donado al museo en 2006. Esta pintora destaca por su calidad dentro de la pintura de est\u00e9tica neocl\u00e1sica, en ocasiones, como en el caso de este lienzo, con influencias rom\u00e1nticas, y por su trayectoria brillante a nivel institucional. La cr\u00edtica siempre le fue favorable y sus obras fueron valoradas tanto por los especialistas coet\u00e1neos a ella, as\u00ed como por el p\u00fablico general. La raz\u00f3n no era solo la calidad de su trabajo, sino que se deb\u00eda tambi\u00e9n a que C\u00e1diz, lugar donde desarroll\u00f3 su carrera art\u00edstica, era la ciudad cosmopolita, ilustrada y liberal del momento. La conservaci\u00f3n de la pieza en la colecci\u00f3n del museo <strong>\u00abes de gran relevancia\u00bb, al ser conocidos y localizados muy pocos lienzos de la artista<\/strong> (una docena).<\/p>\n<p class=\"ft-text ft-helper-align-justify\">Por su parte, el cuadro de Esquivel fue adquirida por el Muba en para su colecci\u00f3n en 1973. El pintor fue uno de los m\u00e1s carism\u00e1ticos y referente del panorama del Romanticismo espa\u00f1ol por las connotaciones que su azarosa vida personal tuvo en el desarrollo de su pintura. En 1839, cuando se encontraba en el cenit de su carrera profesional, una infecci\u00f3n herp\u00e9tica le provocar\u00eda una ceguera transitoria durante casi dos a\u00f1os que le llevar\u00e1 a dos intentos de suicidio.\u00a0<\/p>\n<p><img decoding=\"async\" src=\"https:\/\/www.europesays.com\/es\/wp-content\/uploads\/2025\/12\/1b556fa8-4a40-4cec-8633-d2e012830b66_alta-libre-aspect-ratio_default_0.jpg\" width=\"1200\" height=\"900\" alt=\"Proceso de restauraci\u00f3n del 'Retrato de un magistrado' de Esquivel.\" class=\"ft-helper-img-rd\" loading=\"lazy\"\/><\/p>\n<p class=\"ft-helper-fontColor-quaternary ft-helper-fontSize-body-S ft-helper-spacer-t-xxs\">Proceso de restauraci\u00f3n del &#8216;Retrato de un magistrado&#8217; de Esquivel.  \/ LA CR\u00d3NICA<\/p>\n<p class=\"ft-text ft-helper-align-justify\">&#8216;Retrato de un magistrado&#8217; tambi\u00e9n se conoce por el t\u00edtulo &#8216;Retrato de un acad\u00e9mico&#8217; y representa la efigie de busto de un personaje masculino maduro del que desconoce su identidad.<\/p>\n<p class=\"ft-text\">La<strong> escasa representaci\u00f3n de obras de Antonio Mar\u00eda Esquivel en Extremadura convierten este retrato en una pieza destacada<\/strong> dentro de la colecci\u00f3n del Museo de Bellas Artes de Badajoz.<\/p>\n","protected":false},"excerpt":{"rendered":"El Museo de Bellas Artes de Badajoz ha incorporado a la colecci\u00f3n &#8216;El Muba Restaura&#8217; dos pinturas del&hellip;\n","protected":false},"author":2,"featured_media":275914,"comment_status":"","ping_status":"","sticky":false,"template":"","format":"standard","meta":{"footnotes":""},"categories":[173],"tags":[229,233,1968,231,230,7235,1967,232,234,146,147,25,24,33366,470,67267,6833,23],"class_list":{"0":"post-275913","1":"post","2":"type-post","3":"status-publish","4":"format-standard","5":"has-post-thumbnail","7":"category-arte-y-diseno","8":"tag-arte","9":"tag-arte-y-diseno","10":"tag-artes","11":"tag-arts","12":"tag-arts-and-design","13":"tag-badajoz","14":"tag-bellas","15":"tag-design","16":"tag-diseno","17":"tag-entertainment","18":"tag-entretenimiento","19":"tag-es","20":"tag-espana","21":"tag-muba","22":"tag-museo","23":"tag-museo-de-bellas-artes-de-badajoz","24":"tag-recupera","25":"tag-spain"},"share_on_mastodon":{"url":"https:\/\/pubeurope.com\/@es\/115678367737573983","error":""},"_links":{"self":[{"href":"https:\/\/www.europesays.com\/es\/wp-json\/wp\/v2\/posts\/275913","targetHints":{"allow":["GET"]}}],"collection":[{"href":"https:\/\/www.europesays.com\/es\/wp-json\/wp\/v2\/posts"}],"about":[{"href":"https:\/\/www.europesays.com\/es\/wp-json\/wp\/v2\/types\/post"}],"author":[{"embeddable":true,"href":"https:\/\/www.europesays.com\/es\/wp-json\/wp\/v2\/users\/2"}],"replies":[{"embeddable":true,"href":"https:\/\/www.europesays.com\/es\/wp-json\/wp\/v2\/comments?post=275913"}],"version-history":[{"count":0,"href":"https:\/\/www.europesays.com\/es\/wp-json\/wp\/v2\/posts\/275913\/revisions"}],"wp:featuredmedia":[{"embeddable":true,"href":"https:\/\/www.europesays.com\/es\/wp-json\/wp\/v2\/media\/275914"}],"wp:attachment":[{"href":"https:\/\/www.europesays.com\/es\/wp-json\/wp\/v2\/media?parent=275913"}],"wp:term":[{"taxonomy":"category","embeddable":true,"href":"https:\/\/www.europesays.com\/es\/wp-json\/wp\/v2\/categories?post=275913"},{"taxonomy":"post_tag","embeddable":true,"href":"https:\/\/www.europesays.com\/es\/wp-json\/wp\/v2\/tags?post=275913"}],"curies":[{"name":"wp","href":"https:\/\/api.w.org\/{rel}","templated":true}]}}