{"id":275931,"date":"2025-12-07T12:58:10","date_gmt":"2025-12-07T12:58:10","guid":{"rendered":"https:\/\/www.europesays.com\/es\/275931\/"},"modified":"2025-12-07T12:58:10","modified_gmt":"2025-12-07T12:58:10","slug":"el-mapa-del-gran-marruecos-el-sueno-nacionalista-que-amenaza-la-soberania-territorial-de-espana","status":"publish","type":"post","link":"https:\/\/www.europesays.com\/es\/275931\/","title":{"rendered":"El mapa del &#8216;Gran Marruecos&#8217;, el sue\u00f1o nacionalista que amenaza la soberan\u00eda territorial de Espa\u00f1a"},"content":{"rendered":"<p class=\"c-paragraph\">Una porci\u00f3n de los marroqu\u00edes sue\u00f1a con la gloria de ser un gran imperio y quiz\u00e1s hasta con la oportunidad de reconstruir lo que un d\u00eda fue el Al-\u00c1ndalus. Sin embargo, pocas propuestas van tan en serio como aquella del<b> &#8216;Gran Marruecos&#8217;, la principal corriente del irredentismo<\/b> (la actitud pol\u00edtica que promueve la anexi\u00f3n de territorios)<b> y el nacionalismo<\/b> en el pa\u00eds vecino.\u00a0<\/p>\n<p class=\"c-paragraph\"><a href=\"https:\/\/www.20minutos.es\/internacional\/frente-polisario-asegura-que-no-ha-recibido-invitacion-oficial-para-negociar-con-marruecos-su-plan-autonomia_6906771_0.html\" title=\"El Frente Polisario asegura que no ha recibido &quot;invitaci\u00f3n oficial&quot; para negociar con Marruecos su plan de autonom\u00eda\" rel=\"nofollow noopener\" target=\"_blank\">La tesis del &#8216;Gran Marruecos&#8217; naci\u00f3 en los a\u00f1os 20,<\/a> justamente cuando Europa transitaba consternada el periodo de entreguerras. En ese entonces, no hab\u00eda quien le diese importancia a lo que suced\u00eda en el norte de \u00c1frica pero all\u00ed,<b> el clima de rechazo hacia el colonialismo franc\u00e9s y espa\u00f1ol<\/b> constru\u00eda una identidad casi subversiva que so\u00f1aba con un Marruecos grande e independiente.\u00a0<\/p>\n<p class=\"c-paragraph\">La teor\u00eda se origin\u00f3 en la mente de <b>Allal El Fasi,<\/b> un pol\u00edtico islamista que fund\u00f3 m\u00e1s adelante, concretamente en 1943, <b>el Partido Isqiqlal o Partido de la Independencia.\u00a0<\/b><\/p>\n<p>La continuidad o creaci\u00f3n de una dinast\u00eda\u00a0<\/p>\n<p class=\"c-paragraph\">El &#8216;Gran Marruecos&#8217; parte del <a href=\"https:\/\/www.20minutos.es\/melilla\/detencion-terrorismo-yihadista-melilla-nueve-arrestados_6898970_0.html\" title=\"Nueva detenci\u00f3n por vinculaci\u00f3n con el terrorismo yihadista en Melilla: ya son nueve los arrestados en 2025\" rel=\"nofollow noopener\" target=\"_blank\"><b>salafismo <\/b>(la corriente sun\u00ed m\u00e1s extrema del Cor\u00e1n)<\/a> y <b>el panarabismo<\/b> (la lucha por la uni\u00f3n pol\u00edtica de los Estados \u00e1rabes). De ah\u00ed que la intenci\u00f3n fuese devolverle la gloria a las dinast\u00edas musulmanas que gobernaron alguna vez el norte de \u00e1frica, espec\u00edficamente el <b>Sultanato benimer\u00edn (1215-1465) y el Imperio almohade (1121-1269).\u00a0<\/b><\/p>\n<p class=\"c-paragraph\">Esto, en t\u00e9rminos actuales, implicar\u00eda anexarse el S\u00e1hara Occidental, Mauritania entera, las zonas occidentales de Argelia, el norte de Mali y l<b>as ciudades espa\u00f1olas de Ceuta y Melilla, <\/b>as\u00ed como otras plazas de soberan\u00eda espa\u00f1ola como<a href=\"https:\/\/www.20minutos.es\/cinemania\/series\/perejil-guerra-anecdota-historica-llevo-espana-marruecos-borde-conflicto_5731592_0.html\" title=\"&#039;Perejil, la guerra que no fue&#039;: la an\u00e9cdota hist\u00f3rica que llev\u00f3 a Espa\u00f1a y Marruecos al borde del conflicto\" rel=\"nofollow noopener\" target=\"_blank\"> la isla de Perejil,<\/a> V\u00e9lez de la Gomera, Alhucemas y Chafarinas.<\/p>\n<p class=\"c-paragraph\"><b>Algunas corrientes del &#8216;Gran Marruecos&#8217; tambi\u00e9n reclaman las islas Canarias<\/b> como parte de los territorios anexables. Sin embargo, en el mapa publicado en 1956 por el peri\u00f3dico oficial del Partido de la Independencia no refleja la intenci\u00f3n de hacerse con dicho territorio espa\u00f1ol.\u00a0<\/p>\n<p>La integraci\u00f3n del &#8216;Gran Marruecos&#8217; en la pol\u00edtica actual<\/p>\n<p class=\"c-paragraph\">El sue\u00f1o del &#8216;Gran Marruecos&#8217; se extendi\u00f3 entre las \u00e9lites pol\u00edticas del pa\u00eds. De hecho, con la disoluci\u00f3n de los protectorados europeos y la fundaci\u00f3n del reino Alau\u00ed en 1956, los nacionalistas se propagaron como p\u00f3lvora y <b>las ideas de Allal El Fasi\u00a0pronto fueron parte del pensar de la nueva monarqu\u00eda,<\/b> seg\u00fan indica el historiador Maati Monjib en declaraciones para El Independiente.\u00a0<\/p>\n<p class=\"c-paragraph\">La muerte del rey Mohamed V no mat\u00f3 el sue\u00f1o nacionalista. Su hijo Hasan II lo uso como estandarte durante <b>el proceso de independencia del Cabo Juby, la \u00faltima guerra de Espa\u00f1a en \u00c1frica<\/b> y, a d\u00eda de hoy, los irredentistas tambi\u00e9n apelan al Gran Marruecos para<a href=\"https:\/\/www.20minutos.es\/internacional\/frente-polisario-asegura-que-no-ha-recibido-invitacion-oficial-para-negociar-con-marruecos-su-plan-autonomia_6906771_0.html\" title=\"El Frente Polisario asegura que no ha recibido &quot;invitaci\u00f3n oficial&quot; para negociar con Marruecos su plan de autonom\u00eda\" rel=\"nofollow noopener\" target=\"_blank\"> justificar la ocupaci\u00f3n marroqu\u00ed en el Sahara Occidental.\u00a0<\/a><\/p>\n<p>La Marcha Verde de 1975\u00a0<\/p>\n<p class=\"c-paragraph\">La Marcha Verde es probablemente la acci\u00f3n m\u00e1s importante impulsada por el <b>movimiento irredentista y nacionalista marroqu\u00ed. <\/b>En noviembre del 75, el rey Hassan II, aprovechando el caos pol\u00edtico en Espa\u00f1a tras los \u00faltimos d\u00eda del franquismo,<a href=\"https:\/\/www.20minutos.es\/internacional\/frente-polisario-dice-que-resolucion-onu-no-rechaza-autodeterminacion-sahara-defiende-referendum_6663669_0.html\" title=\"El Frente Polisario dice que la resoluci\u00f3n de la ONU no rechaza la autodeterminaci\u00f3n del S\u00e1hara y defiende el refer\u00e9ndum\" rel=\"nofollow noopener\" target=\"_blank\"> puso en jaque a Espa\u00f1a oblig\u00e1ndola a abandonara el S\u00e1hara Occidental<\/a>, un territorio que administraba desde finales del siglo XIX.\u00a0<\/p>\n<p class=\"c-paragraph\">El plan maestro consisti\u00f3 en<b> enviar m\u00e1s de 350.000 civiles, muchos de ellos transportados en autobuses militares<\/b>, para que cruzaran la frontera desarmados y avanzaran hacia El Aai\u00fan, capital saharaui, en lo que se present\u00f3 como una \u00abmarcha pac\u00edfica\u00bb. El resultado fue la firma de los\u00a0<b><b>Acuerdos de Madrid<\/b><\/b>, mediante los cuales Espa\u00f1a abandon\u00f3 el territorio sin celebrar el<a href=\"https:\/\/www.20minutos.es\/internacional\/onu-apoya-plan-autonomia-marruecos-sobre-sahara-occidental-mantiene-su-mision-paz-un-ano-mas_6663563_0.html\" title=\"La ONU apoya el plan de autonom\u00eda de Marruecos sobre el S\u00e1hara Occidental y mantiene su misi\u00f3n de paz un a\u00f1o m\u00e1s\" rel=\"nofollow noopener\" target=\"_blank\"> refer\u00e9ndum de autodeterminaci\u00f3n que exig\u00eda la ONU.<\/a><\/p>\n<p class=\"c-paragraph\">En la actualidad, la poblaci\u00f3n saharaui est\u00e1 representada por<a href=\"https:\/\/www.20minutos.es\/nacional\/polisario-advierte-espana-marruecos-una-vez-consoliden-ocupacion-sahara-occidental-siguiente-sera-canarias_6906072_0.html\" title=\"El Polisario advierte a Espa\u00f1a de Marruecos: &quot;Una vez consoliden la ocupaci\u00f3n del S\u00e1hara Occidental, lo siguiente ser\u00e1 Canarias&quot;\" rel=\"nofollow noopener\" target=\"_blank\"> el Frente Polisario <\/a>que inici\u00f3 la resistencia y proclam\u00f3<b> la Rep\u00fablica \u00c1rabe Saharaui Democr\u00e1tica desde el exilio<\/b>, con base en campamentos de refugiados en Tinduf (Argelia).\u00a0<\/p>\n<p>\u00bfEst\u00e1 Canarias en peligro?<\/p>\n<p class=\"c-paragraph\">El Frente Polisario advirti\u00f3 el pasado mi\u00e9rcoles a Espa\u00f1a de que<a href=\"https:\/\/www.20minutos.es\/nacional\/polisario-advierte-espana-marruecos-una-vez-consoliden-ocupacion-sahara-occidental-siguiente-sera-canarias_6906072_0.html\" title=\"El Polisario advierte a Espa\u00f1a de Marruecos: &quot;Una vez consoliden la ocupaci\u00f3n del S\u00e1hara Occidental, lo siguiente ser\u00e1 Canarias&quot;\" rel=\"nofollow noopener\" target=\"_blank\"> una vez Marruecos consiga consolidar su ocupaci\u00f3n del S\u00e1hara Occidental \u00abel siguiente objetivo ser\u00e1 Canarias\u00bb<\/a> a menos que Espa\u00f1a le ponga freno y no le permita que siga marcando la agenda como ha venido haciendo en los \u00faltimos a\u00f1os.\u00a0<\/p>\n<p class=\"c-paragraph\">Sin embargo, el Estado marroqu\u00ed se ha mostrado en sinton\u00eda con Espa\u00f1a respecto a la soberan\u00eda de las islas. De hecho, en 1978, ante una reuni\u00f3n de la antigua<b> Organizaci\u00f3n para la Unidad Africana (OUA), <\/b>Argelia llev\u00f3 la causa de la descolonizaci\u00f3n de Canarias y, frente a esa iniciativa, el Gobierno marroqu\u00ed emiti\u00f3 una declaraci\u00f3n oficial neg\u00e1ndose a reconocer al <b>MPAIAC (los independentistas canarios que establecieron su base operativa en Argelia) <\/b>como movimiento de liberaci\u00f3n.<\/p>\n","protected":false},"excerpt":{"rendered":"Una porci\u00f3n de los marroqu\u00edes sue\u00f1a con la gloria de ser un gran imperio y quiz\u00e1s hasta con&hellip;\n","protected":false},"author":2,"featured_media":275932,"comment_status":"","ping_status":"","sticky":false,"template":"","format":"standard","meta":{"footnotes":""},"categories":[42],"tags":[17,18,4486,13,14,3956,11,61,62,63,64,19,20,23373,4485,10255,8921,67269,9,10,15,16,3215,3466,12,21,22,65,66,67],"class_list":{"0":"post-275931","1":"post","2":"type-post","3":"status-publish","4":"format-standard","5":"has-post-thumbnail","7":"category-internacional","8":"tag-breaking-news","9":"tag-breakingnews","10":"tag-ceuta","11":"tag-featured-news","12":"tag-featurednews","13":"tag-gran","14":"tag-headlines","15":"tag-internacional","16":"tag-international","17":"tag-international-news","18":"tag-internationalnews","19":"tag-latest-news","20":"tag-latestnews","21":"tag-mapa","22":"tag-marruecos","23":"tag-melilla","24":"tag-nacionalismo","25":"tag-nacionalista","26":"tag-news","27":"tag-noticias","28":"tag-noticias-destacadas","29":"tag-noticiasdestacadas","30":"tag-seo20","31":"tag-sueno","32":"tag-titulares","33":"tag-ultimas-noticias","34":"tag-ultimasnoticias","35":"tag-world","36":"tag-world-news","37":"tag-worldnews"},"share_on_mastodon":{"url":"https:\/\/pubeurope.com\/@es\/115678406467918434","error":""},"_links":{"self":[{"href":"https:\/\/www.europesays.com\/es\/wp-json\/wp\/v2\/posts\/275931","targetHints":{"allow":["GET"]}}],"collection":[{"href":"https:\/\/www.europesays.com\/es\/wp-json\/wp\/v2\/posts"}],"about":[{"href":"https:\/\/www.europesays.com\/es\/wp-json\/wp\/v2\/types\/post"}],"author":[{"embeddable":true,"href":"https:\/\/www.europesays.com\/es\/wp-json\/wp\/v2\/users\/2"}],"replies":[{"embeddable":true,"href":"https:\/\/www.europesays.com\/es\/wp-json\/wp\/v2\/comments?post=275931"}],"version-history":[{"count":0,"href":"https:\/\/www.europesays.com\/es\/wp-json\/wp\/v2\/posts\/275931\/revisions"}],"wp:featuredmedia":[{"embeddable":true,"href":"https:\/\/www.europesays.com\/es\/wp-json\/wp\/v2\/media\/275932"}],"wp:attachment":[{"href":"https:\/\/www.europesays.com\/es\/wp-json\/wp\/v2\/media?parent=275931"}],"wp:term":[{"taxonomy":"category","embeddable":true,"href":"https:\/\/www.europesays.com\/es\/wp-json\/wp\/v2\/categories?post=275931"},{"taxonomy":"post_tag","embeddable":true,"href":"https:\/\/www.europesays.com\/es\/wp-json\/wp\/v2\/tags?post=275931"}],"curies":[{"name":"wp","href":"https:\/\/api.w.org\/{rel}","templated":true}]}}