{"id":275967,"date":"2025-12-07T13:32:11","date_gmt":"2025-12-07T13:32:11","guid":{"rendered":"https:\/\/www.europesays.com\/es\/275967\/"},"modified":"2025-12-07T13:32:11","modified_gmt":"2025-12-07T13:32:11","slug":"primera-derrota-en-pisuerga-noticias-el-dia-de-valladolid","status":"publish","type":"post","link":"https:\/\/www.europesays.com\/es\/275967\/","title":{"rendered":"Primera derrota en Pisuerga | Noticias El D\u00eda de Valladolid"},"content":{"rendered":"<p>El UEMC Baloncesto Valladolid se qued\u00f3 sin victoria en su regreso a Pisuerga casi dos meses despu\u00e9s. El cuadro de David Barrio sucumbi\u00f3 por primera vez en su feudo en lo que va de temporada ante un Insolac Caja 87 superior, especialmente en lo f\u00edsico y en el rebote, y que domin\u00f3 desde el segundo periodo (82-91). Los vallisoletanos no firmaron un buen partido y estuvieron tremendamente imprecisos en el tiro y con las p\u00e9rdidas, pero no se rindieron y a punto estuvieron de darle la vuelta en el \u00faltimo cuarto. La pelea no tuvo premio y supone la segunda derrota de la temporada.<\/p>\n<p>Sin Pau Carre\u00f1o, con molestias en su aductor izquierdo producidas en el \u00faltimo entrenamiento de la semana y casi un mes despu\u00e9s de la \u00faltima cita en Pisuerga (aunque cerca de dos desde el \u00faltimo encuentro disputado), el UEMC Baloncesto Valladolid, desde el inicio y hasta el final, lo que s\u00ed demostr\u00f3 fueron ganas y capacidad y sacrificio. Esas ganas hicieron pecar a las ardillas de exceso de \u00edmpetu e iniciaron el choque perdiendo el bal\u00f3n en sus primeras tres posesiones, aunque pronto se plantaron bien en defensa para frenar a un talentoso Insolac Caja 87.\u00a0<\/p>\n<p>Del 0-4 se pas\u00f3 al 6-6 que confirmaba la recuperaci\u00f3n, con orden y buen juego, aunque los sevillanos mantuvieron el mando tras pegar otro estir\u00f3n (9-13). Los de Adri\u00e0 Alonso, m\u00e1s poderosos en la pintura, sacaron r\u00e9dito del rebote y las segundas opciones, pero tras un intercambio de golpes tom\u00f3 por primera vez el mando el cuadro castellano (19-16). La aportaci\u00f3n del banquillo fue diferencial, con Pau Isern subiendo el ritmo y Edu Arqu\u00e9s anotando (8 puntos en apenas cinco minutos) para poner al UEMC Baloncesto Valladolid con ventaja tras el primer asalto (26-25).\u00a0<\/p>\n<p>Pero el encuentro cambi\u00f3 radicalmente de contexto en el segundo. Los puntos, el ritmo y el acierto dieron paso a un tramo de juego mucho m\u00e1s trabado, impreciso y de alternativas. Si bien los locales sacaron ventaja de las faltas y metieron pronto a los andaluces en bonus, los de David Barrio perdieron muchos balones y no pudieron correr como acostumbran. El Insolac Caja 87 aprovech\u00f3 las concesiones y recuper\u00f3 la iniciativa, obligando al preparador vallisoletano a pedir tiempo muerto (30-32).<\/p>\n<p>No reaccion\u00f3 el cuadro local ni tras esa tregua ni la que vendr\u00eda minutos despu\u00e9s. Tampoco ayudaron, como recoge el club en su cr\u00f3nica, algunas decisiones arbitrales, factor que desquici\u00f3 por momento a las ardillas (no fue la primera vez) y que aprovecharon los for\u00e1neos para abrir brecha (32-40). Esa renta se mantuvo hasta el descanso (36-44) con un UEMC Baloncesto Valladolid tremendamente impreciso (11 p\u00e9rdidas y 2\/9 en triples) y obligado a revertir el guion tras el descanso.<\/p>\n<p>Y no dej\u00f3 de intentarlo el UEMC Baloncesto Valladolid, pero las cosas no salieron. Sin hacer mucho ruido y ajustando atr\u00e1s, el equipo vallisoletano se puso solo dos abajo (45-47) tras un contraataque culminado por Haney, in\u00e9dito a la hora de anotar hasta entonces. El Insolac Caja 87 reaccion\u00f3 con un 0-8 de parcial a base de percutir el aro, buscar posesiones interiores y hacerse fuerte en una zona hu\u00e9rfana por la baja de Fares Ochi (45-55).<\/p>\n<p>Y la empresa se complic\u00f3 todav\u00eda m\u00e1s con los andaluces gozando de m\u00e1xima de +12 (47-59) en un ambiente cada vez m\u00e1s tenso. Los gritos de &#8216;fuera, fuera&#8217; contra los \u00e1rbitros fueron la banda sonora que acompa\u00f1\u00f3 durante todo un tercer cuarto. Lo arbitral termin\u00f3 de descentrar a los morados en la recta final. Y con todo y con eso, la desventaja a falta del \u00faltimo asalto era de solo 9 (56-65) en un Pisuerga que comenzaba a jugar &#8216;su&#8217; partido.\u00a0<\/p>\n<p>El Insolac Caja 87 mantuvo el tipo y las distancias con un buen inicio, s\u00f3lido, solvente y muy serio como durante todo el encuentro. Los de Adri\u00e0 Alonso ahora contaban con el crono como aliado y acertaron en las posesiones clave, siempre que el UEMC Baloncesto Valladolid rozaba la machada. Pero a los de David Barrio siempre les falt\u00f3 un paso m\u00e1s, ese punto de acierto que s\u00ed tuvo un especialmente inspirado el cuadro sevillano.\u00a0<\/p>\n<p>A ello se le uni\u00f3 las 17 p\u00e9rdidas concedidas. En ese compendio de n\u00fameros cay\u00f3 el equipo castellano, que lleg\u00f3 a colocarse a solo cinco a falta de tres minutos (75-80), pero que termin\u00f3 capitulando ante los triples andaluces&#8230; y una serie de decisiones arbitrales controvertidas. Siempre que las ardillas estuvieron a rebufo, lleg\u00f3 un mazazo de tres de los for\u00e1neos hasta llegar al 82-91 definitivo que supone la segunda derrota de la temporada y primera en Pisuerga para el UEMC Baloncesto Valladolid.<\/p>\n<p>Ahora, sin apenas tiempo para recuperarse, volver\u00e1 a jugar este mi\u00e9rcoles a las 20.45 horas en la pista del l\u00edder, el Coto C\u00f3rdoba, en el que ser\u00e1 el segundo partido de un total de cinco en dos semanas.\u00a0<\/p>\n<p><strong>Ficha t\u00e9cnica:<\/strong><\/p>\n<p><strong>82 \u2013 UEMC Baloncesto Valladolid: <\/strong>Pablo Mar\u00edn (9), Isaac &#8216;Ice&#8217; Haney (5), Pablo Mart\u00edn (4), I\u00f1aki Ord\u00f3\u00f1ez (8), Samuel Taiwo (13) -quinteto inicial-. Tambi\u00e9n jugaron: Jacob Hanna (10), Juan Garc\u00eda-Abril (5), Juan Rodr\u00edguez Neri (-), Pau Isern (14), \u00cd\u00f1igo Hansen (-) y Edu Arqu\u00e9s (14).<\/p>\n<p><strong>91 \u2013 Insolac Caja 87: <\/strong>Rafa Santos (11), Garvin Clarke (21), Milos Jankovic (7), Sergio Cecilia (21), Lamin Dibba (6) -quinteto inicial-. Tambi\u00e9n jugaron: Walter Cabral (9), Matija Bilalovic (8), Nikola Rakocevic (5), Joaqu\u00edn Cebolla (0), Nedim Dedovic (-) y Adri\u00e1n Latorre (3).<\/p>\n<p><strong>Parciales: <\/strong>26-25, 10-19, 20-21 y 26-26 (82-91 final).<\/p>\n<p><strong>\u00c1rbitros: <\/strong>\u00c1lvarez-Ossorio Varela y Fern\u00e1ndez Requejo.<\/p>\n<p><strong>Incidencias:\u00a0<\/strong>Partido correspondiente a la novena jornada de la Segunda FEB, disputado en el Polideportivo Pisuerga el s\u00e1bado 6 de diciembre ante alrededor de 2.600 espectadores.<\/p>\n","protected":false},"excerpt":{"rendered":"El UEMC Baloncesto Valladolid se qued\u00f3 sin victoria en su regreso a Pisuerga casi dos meses despu\u00e9s. El&hellip;\n","protected":false},"author":2,"featured_media":275968,"comment_status":"","ping_status":"","sticky":false,"template":"","format":"standard","meta":{"footnotes":""},"categories":[269],"tags":[299,298,168,25,24,2612,3923,41426,5299,3977,23,167],"class_list":{"0":"post-275967","1":"post","2":"type-post","3":"status-publish","4":"format-standard","5":"has-post-thumbnail","7":"category-baloncesto","8":"tag-baloncesto","9":"tag-basketball","10":"tag-deportes","11":"tag-es","12":"tag-espana","13":"tag-feb","14":"tag-federacion-espanola-de-baloncesto","15":"tag-polideportivo-pisuerga","16":"tag-pucela","17":"tag-segunda-feb","18":"tag-spain","19":"tag-sports"},"share_on_mastodon":{"url":"https:\/\/pubeurope.com\/@es\/115678540360142973","error":""},"_links":{"self":[{"href":"https:\/\/www.europesays.com\/es\/wp-json\/wp\/v2\/posts\/275967","targetHints":{"allow":["GET"]}}],"collection":[{"href":"https:\/\/www.europesays.com\/es\/wp-json\/wp\/v2\/posts"}],"about":[{"href":"https:\/\/www.europesays.com\/es\/wp-json\/wp\/v2\/types\/post"}],"author":[{"embeddable":true,"href":"https:\/\/www.europesays.com\/es\/wp-json\/wp\/v2\/users\/2"}],"replies":[{"embeddable":true,"href":"https:\/\/www.europesays.com\/es\/wp-json\/wp\/v2\/comments?post=275967"}],"version-history":[{"count":0,"href":"https:\/\/www.europesays.com\/es\/wp-json\/wp\/v2\/posts\/275967\/revisions"}],"wp:featuredmedia":[{"embeddable":true,"href":"https:\/\/www.europesays.com\/es\/wp-json\/wp\/v2\/media\/275968"}],"wp:attachment":[{"href":"https:\/\/www.europesays.com\/es\/wp-json\/wp\/v2\/media?parent=275967"}],"wp:term":[{"taxonomy":"category","embeddable":true,"href":"https:\/\/www.europesays.com\/es\/wp-json\/wp\/v2\/categories?post=275967"},{"taxonomy":"post_tag","embeddable":true,"href":"https:\/\/www.europesays.com\/es\/wp-json\/wp\/v2\/tags?post=275967"}],"curies":[{"name":"wp","href":"https:\/\/api.w.org\/{rel}","templated":true}]}}