{"id":275973,"date":"2025-12-07T13:37:09","date_gmt":"2025-12-07T13:37:09","guid":{"rendered":"https:\/\/www.europesays.com\/es\/275973\/"},"modified":"2025-12-07T13:37:09","modified_gmt":"2025-12-07T13:37:09","slug":"0-tecnico-de-audiencia-en-parte-de-su-estreno","status":"publish","type":"post","link":"https:\/\/www.europesays.com\/es\/275973\/","title":{"rendered":"0% t\u00e9cnico de audiencia en parte de su estreno"},"content":{"rendered":"<p><a data-external=\"0\" data-intl-links-es=\"https:\/\/www.elplural.com\/sociedad\/albert-rivera-toni-canto-buscan-alumnos-dispuestos-pagar-2900-euros-ocho-clases_337594102\" href=\"https:\/\/www.elplural.com\/sociedad\/albert-rivera-toni-canto-buscan-alumnos-dispuestos-pagar-2900-euros-ocho-clases_337594102\" rel=\"follow nofollow noopener\" target=\"_self\" title=\"Albert Rivera y Toni Cant\u00f3 buscan alumnos dispuestos a pagar 2.900 euros por ocho clases\">Toni Cant\u00f3<\/a> se estren\u00f3 como presentador de \u00c0 Punt con un sonoro fracaso en audiencias. El Debat, el nuevo programa presentado por el controvertido <a data-external=\"0\" data-intl-links-es=\"https:\/\/www.elplural.com\/extratele\/toni-canto-ex-director-chiringuitos-ayuso-favorito-nuevo-fichaje-estrella-a-punt_364405102\" href=\"https:\/\/www.elplural.com\/extratele\/toni-canto-ex-director-chiringuitos-ayuso-favorito-nuevo-fichaje-estrella-a-punt_364405102\" rel=\"follow nofollow noopener\" target=\"_self\" title=\"Toni Cant\u00f3, ex director de uno de los &#039;chiringuitos&#039; de Ayuso, favorito como nuevo fichaje estrella de \u00c0 Punt\">exdirector de la Oficial del Espa\u00f1ol de Ayuso<\/a>, reigstr\u00f3 <strong>un 2,4% de cuota de pantalla y 19.000 espectadores de media<\/strong> el pasado viernes 5 de diciembre, noche la que tuvo lugar su pol\u00e9mico primer programa, que cont\u00f3 con la aparici\u00f3n de\u00a0<a data-external=\"0\" data-intl-links-es=\"https:\/\/www.elplural.com\/politica\/espana\/elma-saiz-denuncia-acoso-redes-lucia-etxebarria-degenerada-psicopata-furcia_362859102\" href=\"https:\/\/www.elplural.com\/politica\/espana\/elma-saiz-denuncia-acoso-redes-lucia-etxebarria-degenerada-psicopata-furcia_362859102\" rel=\"follow nofollow noopener\" target=\"_self\" title=\"Elma Saiz denuncia el acoso por redes de Luc\u00eda Etxebarr\u00eda: \" degenerada=\"\" psic=\"\" furcia...=\"\">Luc\u00eda Etxebarr\u00eda<\/a> y <a data-external=\"0\" data-intl-links-es=\"https:\/\/www.elplural.com\/opinion\/analisis\/desmontando-falacias-libro-juan-soto-ivars_365784102\" href=\"https:\/\/www.elplural.com\/opinion\/analisis\/desmontando-falacias-libro-juan-soto-ivars_365784102\" rel=\"follow nofollow noopener\" target=\"_self\" title=\"Desmontando las falacias del libro de Juan Soto Ivars\">Juan Soto Ivars<\/a>.\u00a0<\/p>\n<p>Para ser m\u00e1s exactos, los datos de esta primera entrega del espacio presentado por el exdiputado de Ciudadanos y UPyD tampoco superaron las medias de la televisi\u00f3n p\u00fablica valenciana. El programa estuvo <strong>una d\u00e9cima por debajo del dato mensual (2,5% hasta el 6 de diciembre) y medio\u00a0punto porcentual menos del promedio de este pasado viernes 5 de diciembre (2,9%).<\/strong><\/p>\n<p>Lo especialmente grave de la situaci\u00f3n en la curva que se produce en el tramo final de la primera entrega de El Debat con Toni Cant\u00f3. Seg\u00fan el minuto a minuto publicado por el usuario <a data-external=\"1\" href=\"https:\/\/x.com\/bernargm\/status\/1997590705695568043?s=46&amp;t=hocoI3gD6uqcNY2SaeBj5g\" rel=\"nofollow\" target=\"_blank\" title=\"@BernarGM en Twitter\">@BernarGM en Twitter<\/a> (ahora conocido como X), entre las 00:17 y las 1:03 horas, <strong>el formato de \u00c0 Punt registr\u00f3 pr\u00e1cticamente un 0% de cuota de pantalla (0,1%)<\/strong>.<\/p>\n<p>En esos mencionados 46 minutos de programa, <strong>el espacio de la cadena valenciana\u00a0estuvo en un 0% t\u00e9cnico de audiencia<\/strong>, exceptuando peque\u00f1o picos en 3 minutos concretos de la medici\u00f3n: a las 00:47 horas (0,9%) y entre la 1:00 y 1:01 horas (1,8%).\u00a0<\/p>\n<p>Cabe recordar que, el estreno de\u00a0El Debat d&#8217;\u00c0 Punt tambi\u00e9n estuvo marcada por el pol\u00e9mico tema que centr\u00f3 esta primera entrega en la programaci\u00f3n de la cadena p\u00fablica valenciana. El espacio <strong>gir\u00f3 alrededor\u00a0si el feminismo estaba\u00a0en crisis<\/strong>, contando con controvertidas tertulianas como la presidenta de OK Diario, Pilar Rodr\u00edguez Losantos, o Mar\u00eda Claver.\u00a0<\/p>\n<p>El Debat tambi\u00e9n ofreci\u00f3 una entrevista con Luc\u00eda Etxebarr\u00eda, una de las principales voces contrarias\u00a0de\u00a0la ley trans y detractora del Gobierno de Pedro S\u00e1nchez, y la intervenci\u00f3n de\u00a0<strong><a data-external=\"0\" data-intl-links-es=\"https:\/\/www.elplural.com\/opinion\/analisis\/desmontando-falacias-libro-juan-soto-ivars_365784102\" href=\"https:\/\/www.elplural.com\/opinion\/analisis\/desmontando-falacias-libro-juan-soto-ivars_365784102\" rel=\"follow nofollow noopener\" target=\"_self\" title=\"Desmontando las falacias del libro de Juan Soto Ivars\">Juan Soto Ivars<\/a><\/strong>, autor Esto no existe, libro que cuestiona las denuncias por violencia de g\u00e9nero en Espa\u00f1a y que ha generado una importante pol\u00e9mica por su publicaci\u00f3n.<\/p>\n<p>A lo largo de esta semana, <strong><a data-external=\"0\" data-intl-links-es=\"https:\/\/www.elplural.com\/autonomias\/andalucia\/piden-junta-andalucia-suspenda-presentacion-libro-soto-ivars-ser-acto-apologia-violencia-machista_366577102\" href=\"https:\/\/www.elplural.com\/autonomias\/andalucia\/piden-junta-andalucia-suspenda-presentacion-libro-soto-ivars-ser-acto-apologia-violencia-machista_366577102\" rel=\"follow nofollow noopener\" target=\"_self\" title=\"Piden a la Junta de Andaluc\u00eda que suspenda la presentaci\u00f3n del libro de Soto Ivars por ser un acto de apolog\u00eda a la violencia machista\">colectivos feministas y ciudadanos de Sevilla pidieron que se anulase la presentaci\u00f3n<\/a> de esta controvertida publicaci\u00f3n de Soto Ivars<\/strong>, que\u00a0se realiz\u00f3\u00a0el pasado jueves en la biblioteca p\u00fablica\u00a0Infanta Elena bajo la organizaci\u00f3n del <strong>Centro Andaluz de las Letras (CAL),\u00a0organismo dependiente de la Consejer\u00eda de Cultura y Deporte de la Junta de Andaluc\u00eda<\/strong>.<\/p>\n<p>La diputada de Adelante Andaluc\u00eda,\u00a0<b>Bego\u00f1a Iza<\/b>, tach\u00f3 de \u201c<b>barbaridad e indecencia<\/b>\u201d que se vaya a realizar una presentaci\u00f3n de un libro en un espacio p\u00fablico, un libro que es una \u201c<strong>apolog\u00eda de la violencia machista<\/strong>\u00a0ya que ahonda en el discurso de las denuncias falsas para deslegitimar e intimidar a las mujeres que se atreven a denunciar la violencia de g\u00e9nero, contribuyendo as\u00ed a que las mujeres tengamos menos herramientas para salir de situaciones de violencia y los hombres puedan seguir perpetr\u00e1ndola\u201d<\/p>\n<p>Es m\u00e1s, ese mismo d\u00eda,<strong> activistas feministas irrumpieron en el interior\u00a0la mencionada biblioteca sevillana para protestar contra la presentaci\u00f3n de este pol\u00e9mico libro de Soto Ivar<\/strong>s al grito de \u00abFuera machistas de nuestras bibliotecas\u00bb.<\/p>\n<p>S\u00famate a <img decoding=\"async\" alt=\"El Plural\" height=\"50\" loading=\"lazy\" src=\"https:\/\/www.elplural.com\/uploads\/static\/elplural\/dist\/img\/cta-image.svg\" width=\"148\"\/><\/p>\n<p>Apoya nuestro trabajo. Navega sin publicidad. Entra a todos los contenidos.<\/p>\n<p><a href=\"https:\/\/www.elplural.com\/registro.html?utm_source=BOTON_CTA&amp;utm_campaign=ctabutton_noticia\" rel=\"nofollow noopener\" target=\"_blank\">hazte socio<\/a><\/p>\n<p>\u00a0<\/p>\n","protected":false},"excerpt":{"rendered":"Toni Cant\u00f3 se estren\u00f3 como presentador de \u00c0 Punt con un sonoro fracaso en audiencias. El Debat, el&hellip;\n","protected":false},"author":2,"featured_media":275974,"comment_status":"","ping_status":"","sticky":false,"template":"","format":"standard","meta":{"footnotes":""},"categories":[171],"tags":[146,147,25,24,23,214],"class_list":{"0":"post-275973","1":"post","2":"type-post","3":"status-publish","4":"format-standard","5":"has-post-thumbnail","7":"category-tv","8":"tag-entertainment","9":"tag-entretenimiento","10":"tag-es","11":"tag-espana","12":"tag-spain","13":"tag-tv"},"share_on_mastodon":{"url":"https:\/\/pubeurope.com\/@es\/115678560526166945","error":""},"_links":{"self":[{"href":"https:\/\/www.europesays.com\/es\/wp-json\/wp\/v2\/posts\/275973","targetHints":{"allow":["GET"]}}],"collection":[{"href":"https:\/\/www.europesays.com\/es\/wp-json\/wp\/v2\/posts"}],"about":[{"href":"https:\/\/www.europesays.com\/es\/wp-json\/wp\/v2\/types\/post"}],"author":[{"embeddable":true,"href":"https:\/\/www.europesays.com\/es\/wp-json\/wp\/v2\/users\/2"}],"replies":[{"embeddable":true,"href":"https:\/\/www.europesays.com\/es\/wp-json\/wp\/v2\/comments?post=275973"}],"version-history":[{"count":0,"href":"https:\/\/www.europesays.com\/es\/wp-json\/wp\/v2\/posts\/275973\/revisions"}],"wp:featuredmedia":[{"embeddable":true,"href":"https:\/\/www.europesays.com\/es\/wp-json\/wp\/v2\/media\/275974"}],"wp:attachment":[{"href":"https:\/\/www.europesays.com\/es\/wp-json\/wp\/v2\/media?parent=275973"}],"wp:term":[{"taxonomy":"category","embeddable":true,"href":"https:\/\/www.europesays.com\/es\/wp-json\/wp\/v2\/categories?post=275973"},{"taxonomy":"post_tag","embeddable":true,"href":"https:\/\/www.europesays.com\/es\/wp-json\/wp\/v2\/tags?post=275973"}],"curies":[{"name":"wp","href":"https:\/\/api.w.org\/{rel}","templated":true}]}}