{"id":275981,"date":"2025-12-07T13:41:09","date_gmt":"2025-12-07T13:41:09","guid":{"rendered":"https:\/\/www.europesays.com\/es\/275981\/"},"modified":"2025-12-07T13:41:09","modified_gmt":"2025-12-07T13:41:09","slug":"kennedy-jr-avala-quitar-la-vacuna-de-hepatitis-b-para-los-recien-nacidos","status":"publish","type":"post","link":"https:\/\/www.europesays.com\/es\/275981\/","title":{"rendered":"Kennedy Jr.avala quitar la vacuna de hepatitis B para los reci\u00e9n nacidos"},"content":{"rendered":"<p>            Las claves<\/p>\n<p>\n                nuevo<br \/>\n                Generado con IA\n            <\/p>\n<p>        <a class=\"key__news__heading--closed-content\" href=\"http:\/\/www.elespanol.com\/suscripciones\/#utm_source=internal&amp;utm_medium=claves\" rel=\"nofollow noopener\" target=\"_blank\"><\/p>\n<p class=\"item--text\">\n                            El comit\u00e9 de expertos liderado por Robert F. Kennedy Jr. decidi\u00f3 dejar de recomendar la vacuna de hepatitis B para reci\u00e9n nacidos en EEUU, una pr\u00e1ctica vigente desde 1991.\n                        <\/p>\n<p class=\"item--text\">\n                            Expertos en salud advierten que eliminar esta inmunizaci\u00f3n pone en riesgo la prevenci\u00f3n de m\u00e1s de 500.000 infecciones y unas 90.100 muertes infantiles.\n                        <\/p>\n<p class=\"item--text\">\n                            La decisi\u00f3n, aplaudida por Donald Trump, ha sido criticada por la Asociaci\u00f3n Americana de Salud P\u00fablica y m\u00e1s de 70 expertos en pol\u00edticas sanitarias.\n                        <\/p>\n<p class=\"item--text\">\n                            La pol\u00edtica antivacunas de Kennedy Jr. ha generado rechazo tanto en dem\u00f3cratas como en republicanos y ha llevado a reducir fondos para el desarrollo de nuevas vacunas.\n                        <\/p>\n<p class=\"paragraph\" id=\"paragraph_1\">Un comit\u00e9 de expertos designado por el <a href=\"https:\/\/www.elespanol.com\/ciencia\/salud\/20250923\/vacunas-paracetamol-todavia-lejos-conocer-origen-autismo-pesar-diga-trump\/1003743935876_0.html?utm_cmp_rs=linksinline\" rel=\"nofollow noopener\" target=\"_blank\">secretario de Salud<\/a> de Estados Unidos,<a href=\"https:\/\/www.elespanol.com\/mundo\/america\/eeuu\/20250610\/robert-kennedy-jr-destituye-miembros-comite-vacunas-cdc-eeuu\/1003743797022_0.html?utm_cmp_rs=linksinline\" rel=\"nofollow noopener\" target=\"_blank\"> Robert F. Kennedy Jr<\/a>., quien se ha declarado en numerosas ocasiones como esc\u00e9ptico de las vacunas, decidi\u00f3 este viernes que se deje de recomendar la vacuna de la hepatitis B para los reci\u00e9n nacidos.<\/p>\n<p class=\"paragraph\" id=\"paragraph_2\">Esta nueva medida pondr\u00eda fin a esta pr\u00e1ctica universal que EEUU mantiene<strong> desde el a\u00f1o 1991,<\/strong> y que seg\u00fan expertos en salud, <strong>ha prevenido m\u00e1s de 500.000 infecciones<\/strong> evitando aproximadamente 90.100 muertes infantiles.<\/p>\n<p class=\"paragraph\" id=\"paragraph_3\">La votaci\u00f3n del grupo de expertos tuvo un <strong>resultado a favor de 8 a 3<\/strong>, dejando que las mujeres con resultados negativos al virus puedan decidir de manera individual si desean que se vacune a sus hijos al nacer.<\/p>\n<p><img loading=\"lazy\" decoding=\"async\" alt=\"Trump junto a su secretario de Salud, Robert F. Kennedy Jr., en un acto en la Casa Blanca sobre la salud de los estadounidenses.\" height=\"180\" src=\"https:\/\/www.europesays.com\/es\/wp-content\/uploads\/2025\/12\/1003743770386_255815992_320x180.jpg\" width=\"320\" data-lazy-status=\"processed\" data-lazy-info=\"remove loading item 1\"\/><\/p>\n<p class=\"paragraph\" id=\"paragraph_4\">Aunque la votaci\u00f3n se realiz\u00f3 este viernes, fue<strong> aplazada hasta en dos ocasiones<\/strong> desde septiembre, ya que varios miembros del comit\u00e9 consideraban que les faltaba informaci\u00f3n y datos suficientes para tomar una decisi\u00f3n tan trascendental.<\/p>\n<p class=\"paragraph\" id=\"paragraph_5\">Ante esta decisi\u00f3n, m\u00e1s de 70 expertos en pol\u00edticas sanitarias y la Asociaci\u00f3n Americana de Salud P\u00fablica (APHA en ingl\u00e9s), que representa a m\u00e1s de 23.000 miembros, han advertido sobre <strong>los peligros de acabar con esta inmunizaci\u00f3n<\/strong>, a la que califican de \u00abhito en la pol\u00edtica de salud infantil en EEUU\u00bb.<\/p>\n<p class=\"paragraph\" id=\"paragraph_6\">Seg\u00fan la organizaci\u00f3n, \u00abeliminar la pol\u00edtica de inmunizaci\u00f3n universal del reci\u00e9n nacido y retrasar la dosis inicial de VHB hasta una etapa m\u00e1s avanzada de la infancia plantea riesgos significativos para la salud\u00bb. <\/p>\n<p class=\"paragraph\" id=\"paragraph_7\">El presidente estadounidense, Donald Trump, ha aplaudido esta decisi\u00f3n a trav\u00e9s de su red social Truth, donde ha compartido un mensaje en el\u00a0que calificaba esta decisi\u00f3n de ser \u00abmuy buena\u00bb.<\/p>\n<p class=\"paragraph\" id=\"paragraph_8\">Se espera que estos cambios<strong> no repercutan en la cobertura de los seguros m\u00e9dicos<\/strong>, aunque s\u00ed representa una victoria para el Departamento de Salud liderado por Kennedy Jr., conocido por sus posturas antivacunas <\/p>\n<p>La pol\u00edtica antivacunas<\/p>\n<p class=\"paragraph\" id=\"paragraph_9\">El secretario de Salud de Donald Trump ha <strong>cuestionado repetidamente la seguridad y eficacia de las vacunas<\/strong>, declarando que \u201cno hay vacuna que sea segura y eficaz\u201d y llegando a afirmar su relaci\u00f3n directa con el autismo.<\/p>\n<p class=\"paragraph\" id=\"paragraph_10\">Kennedy ha llegado a afirmar que desear\u00eda poder retroceder en el tiempo y no vacunar a sus hijos: \u00abHar\u00eda cualquier cosa por eso. Pagar\u00eda cualquier cosa para poder hacerlo\u00bb<\/p>\n<p class=\"paragraph\" id=\"paragraph_11\">En una ocasi\u00f3n argument\u00f3 en una declaraci\u00f3n p\u00fablica que las personas blancas y negras deber\u00edan tener esquemas y calendarios de vacunaci\u00f3n diferentes.<\/p>\n<p class=\"paragraph\" id=\"paragraph_12\">Para promover esta ideolog\u00eda que poco a poco ha calado m\u00e1s en la sociedad estadounidense, seg\u00fan estudios desde el a\u00f1o 2019 consideran menos importante vacunar a sus hijos, Kennedy Jr. fund\u00f3 la asociaci\u00f3n Children&#8217;s Health Defense que se encarga de <strong>promover la desinformaci\u00f3n contra las vacunas<\/strong>.<\/p>\n<p class=\"paragraph\" id=\"paragraph_13\">En otras declaraciones Kennedy vinculaba el aumento de enfermedades cr\u00f3nicas y alergias alimentarias del pa\u00eds con un \u00abcalendario de vacunaci\u00f3n explosivo\u00bb.<\/p>\n<p class=\"paragraph\" id=\"paragraph_14\">Estas pol\u00edticas negacionistas, junto con su constante desprecio por la evidencia m\u00e9dica, han provocado un rechazo inusual en el panorama pol\u00edtico estadounidense: tanto dem\u00f3cratas como republicanos han encontrado un punto de coincidencia al posicionarse en su contra.<\/p>\n<p class=\"paragraph\" id=\"paragraph_15\">Entre las decisiones m\u00e1s cuestionadas destaca la <strong>reducci\u00f3n significativa de los fondos destinados al desarrollo de vacunas<\/strong> de nueva generaci\u00f3n, una medida que expertos en salud p\u00fablica consideran especialmente grave por su potencial impacto en la prevenci\u00f3n de futuras pandemias y en la capacidad del pa\u00eds para responder a nuevas amenazas sanitarias.<\/p>\n","protected":false},"excerpt":{"rendered":"Las claves nuevo Generado con IA El comit\u00e9 de expertos liderado por Robert F. Kennedy Jr. decidi\u00f3 dejar&hellip;\n","protected":false},"author":2,"featured_media":275982,"comment_status":"","ping_status":"","sticky":false,"template":"","format":"standard","meta":{"footnotes":""},"categories":[92],"tags":[352,25,24,629,165,3013,166,23,1454],"class_list":{"0":"post-275981","1":"post","2":"type-post","3":"status-publish","4":"format-standard","5":"has-post-thumbnail","7":"category-salud","8":"tag-donald-trump","9":"tag-es","10":"tag-espana","11":"tag-estados-unidos","12":"tag-health","13":"tag-mundo","14":"tag-salud","15":"tag-spain","16":"tag-vacunas"},"share_on_mastodon":{"url":"https:\/\/pubeurope.com\/@es\/115678576037147014","error":""},"_links":{"self":[{"href":"https:\/\/www.europesays.com\/es\/wp-json\/wp\/v2\/posts\/275981","targetHints":{"allow":["GET"]}}],"collection":[{"href":"https:\/\/www.europesays.com\/es\/wp-json\/wp\/v2\/posts"}],"about":[{"href":"https:\/\/www.europesays.com\/es\/wp-json\/wp\/v2\/types\/post"}],"author":[{"embeddable":true,"href":"https:\/\/www.europesays.com\/es\/wp-json\/wp\/v2\/users\/2"}],"replies":[{"embeddable":true,"href":"https:\/\/www.europesays.com\/es\/wp-json\/wp\/v2\/comments?post=275981"}],"version-history":[{"count":0,"href":"https:\/\/www.europesays.com\/es\/wp-json\/wp\/v2\/posts\/275981\/revisions"}],"wp:featuredmedia":[{"embeddable":true,"href":"https:\/\/www.europesays.com\/es\/wp-json\/wp\/v2\/media\/275982"}],"wp:attachment":[{"href":"https:\/\/www.europesays.com\/es\/wp-json\/wp\/v2\/media?parent=275981"}],"wp:term":[{"taxonomy":"category","embeddable":true,"href":"https:\/\/www.europesays.com\/es\/wp-json\/wp\/v2\/categories?post=275981"},{"taxonomy":"post_tag","embeddable":true,"href":"https:\/\/www.europesays.com\/es\/wp-json\/wp\/v2\/tags?post=275981"}],"curies":[{"name":"wp","href":"https:\/\/api.w.org\/{rel}","templated":true}]}}