{"id":275996,"date":"2025-12-07T14:01:19","date_gmt":"2025-12-07T14:01:19","guid":{"rendered":"https:\/\/www.europesays.com\/es\/275996\/"},"modified":"2025-12-07T14:01:19","modified_gmt":"2025-12-07T14:01:19","slug":"marta-y-cloe-cada-vez-mas-cerca","status":"publish","type":"post","link":"https:\/\/www.europesays.com\/es\/275996\/","title":{"rendered":"Marta y Cloe, cada vez m\u00e1s cerca"},"content":{"rendered":"<p>La pr\u00f3xima semana de <b>Sue\u00f1os de libertad<\/b> viene llena de momentazos que nadie se va a querer perder.<\/p>\n<p><b>Gabriel <\/b>seguir\u00e1 exigiendo a <b>Delia<\/b> que se vaya de casa de la Reina, su presencia all\u00ed no le favorece. Pero ella le ense\u00f1ar\u00e1 una carta de su padre Bernardo que espera que eso le ayude a reconciliarse con su familia. \u00bfQu\u00e9 pondr\u00e1 en esa carta?<\/p>\n<p><img loading=\"lazy\" decoding=\"async\" title=\"Delia y Gabriel en el Cap\u00edtulo de 453 de Sue\u00f1os de libertad\" alt=\"Delia y Gabriel en el Cap\u00edtulo de 453 de Sue\u00f1os de libertad\" width=\"480\" height=\"270\" src=\"https:\/\/www.europesays.com\/es\/wp-content\/uploads\/2025\/12\/delia-gabriel_70.jpg\"\/> Delia y Gabriel en el Cap\u00edtulo de 453 de Sue\u00f1os de libertad | Manu Fiestas <\/p>\n<p>El tira y afloja de <b>Cloe y Marta<\/b> seguir\u00e1 creciendo m\u00e1s que nunca. La francesa<b><a title=\" seguir\u00e1 con su juego de seducci\u00f3n\" href=\"https:\/\/www.antena3.com\/series\/suenos-de-libertad\/marta-descolocada-actitud-cloe-sincera-pelayo-empezado-percibir-que-quizas-haya-algo-mas_20251201692d7a136e5e5012dcd5d4bc.html\" target=\"_blank\" rel=\"nofollow noopener\"> seguir\u00e1 con su juego de seducci\u00f3n<\/a><\/b> de miradas, gestos, detalles&#8230; \u00a1Hasta se lanzar\u00e1 a besarla! \u00bfQu\u00e9 pasar\u00e1? \u00bfC\u00f3mo reaccionar\u00e1 Marta?<\/p>\n<p>Adem\u00e1s, <b>do\u00f1a Clara<\/b>, su nuera, llegar\u00e1 a Toledo para hacerles una nueva visita. \u00bfC\u00f3mo ir\u00e1 el reencuentro de Marta con ella?<\/p>\n<p><img loading=\"lazy\" decoding=\"async\" title=\"Marta y do\u00f1a Clara en el Cap\u00edtulo 455 de Sue\u00f1os de Libertad\" alt=\"Marta y do\u00f1a Clara en el Cap\u00edtulo 455 de Sue\u00f1os de Libertad\" width=\"480\" height=\"270\" src=\"https:\/\/www.europesays.com\/es\/wp-content\/uploads\/2025\/12\/marta-capitulo-452-suenos-libertad_70.jpg\"\/> Marta y do\u00f1a Clara en el Cap\u00edtulo 455 de Sue\u00f1os de Libertad | Manu Fiestas <\/p>\n<p>El tema del embarazo de <b>Gema <\/b>preocupa a toda la familia Merino, Luz quiere buscar una cl\u00ednica de aborto para Gema y que su vida no corra peligro; pero la Merino parece que no estar\u00e1 dispuesta. \u00bfEs que no quiere abortar? \u00bfY su vida? \u00bfCorrer\u00e1 peligro?<\/p>\n<p>La actitud de <b>Maripaz<\/b> seguir\u00e1 sin encajar con la gente de la colonia; de hecho, perder\u00e1 los papeles con un ni\u00f1o de la casa cuna y una operaria ser\u00e1 testigo. \u00bfEn qu\u00e9 quedar\u00e1 este tema? \u00bfSeguir\u00e1 crey\u00e9ndola Claudia?<\/p>\n<p>Adem\u00e1s, la extreme\u00f1a ofrecer\u00e1 a <b>Cristina<\/b> quedarse a dormir en la habitaci\u00f3n hasta que se tranquilice por sus peleas con Beltr\u00e1n, y a Maripaz parecer\u00e1 molestarle su presencia. \u00bfEn qu\u00e9 quedar\u00e1 todo esto?<\/p>\n<p><img loading=\"lazy\" decoding=\"async\" title=\"Claudia y Mari Paz en el Cap\u00edtulo 455 de Sue\u00f1os de Libertad\" alt=\"Claudia y Mari Paz en el Cap\u00edtulo 455 de Sue\u00f1os de Libertad\" width=\"480\" height=\"270\" src=\"https:\/\/www.europesays.com\/es\/wp-content\/uploads\/2025\/12\/claudia-mari-paz_70.jpg\"\/> Claudia y Mari Paz en el Cap\u00edtulo 455 de Sue\u00f1os de Libertad | Manu Fiestas <\/p>\n<p>En casa de la Reina, <b>Andr\u00e9s<\/b> seguir\u00e1 vigilado por Gabriel que est\u00e1 convencido de que \u00e9l trajo a Delia. <b>Bego\u00f1a<\/b> tampoco se fiar\u00e1 de su marido, ha sido demasiado esta mentira para ella.<\/p>\n<p>Por su parte, el joven le confesar\u00e1 a la anciana que <b><a title=\"Gabriel solo busca venganza en su familia \" href=\"https:\/\/www.antena3.com\/series\/suenos-de-libertad\/gabriel-intenta-justificar-sus-mentiras-pero-damian-piensa-perdonarle-tan-facilmente-siento-traicionado_20251203693059df9261f37ec73ae552.html\" target=\"_blank\" rel=\"nofollow noopener\">Gabriel solo busca venganza en su familia <\/a><\/b>y quiere arrebatar a Dami\u00e1n todo lo que tiene. \u00bfC\u00f3mo se lo tomar\u00e1 Delia?<\/p>\n<p>Otro de los grandes momentos de la semana que viene, ser\u00e1 la reconciliaci\u00f3n de<b> Dami\u00e1n y Digna<\/b>. El patriarca se declarar\u00e1 a Digna, sigue am\u00e1ndola y le anima a vivir sus sentimientos y a dejar atr\u00e1s el pasado. \u00bfLe corresponder\u00e1 ella?<\/p>\n<p><img loading=\"lazy\" decoding=\"async\" title=\"Digna y Dami\u00e1n en el Cap\u00edtulo 456 de Sue\u00f1os de libertad\" alt=\"Digna y Dami\u00e1n en el Cap\u00edtulo 456 de Sue\u00f1os de libertad\" width=\"480\" height=\"270\" src=\"https:\/\/www.europesays.com\/es\/wp-content\/uploads\/2025\/12\/digna-damian-capitulo-452-suenos-libertad_70.jpg\"\/> Digna y Dami\u00e1n en el Cap\u00edtulo 456 de Sue\u00f1os de libertad | Manu Fiestas <\/p>\n<p><b>Mar\u00eda<\/b> le har\u00e1 una importante confesi\u00f3n a <b>Andr\u00e9s<\/b> sobre su movilidad&#8230; \u00bfQu\u00e9 responder\u00e1 \u00e9l?<\/p>\n<p>Todo esto y mucho m\u00e1s la pr\u00f3xima semana en Sue\u00f1os de libertad, y puedes adelantarte a la emisi\u00f3n en<b><a title=\" atresplayer\" href=\"https:\/\/www.atresplayer.com\/antena3\/series\/suenos-de-libertad\/\" rel=\"nofollow noopener\" target=\"_blank\"> atresplayer<\/a><\/b>.<\/p>\n","protected":false},"excerpt":{"rendered":"La pr\u00f3xima semana de Sue\u00f1os de libertad viene llena de momentazos que nadie se va a querer perder.&hellip;\n","protected":false},"author":2,"featured_media":275997,"comment_status":"","ping_status":"","sticky":false,"template":"","format":"standard","meta":{"footnotes":""},"categories":[171],"tags":[146,147,25,24,23,214],"class_list":{"0":"post-275996","1":"post","2":"type-post","3":"status-publish","4":"format-standard","5":"has-post-thumbnail","7":"category-tv","8":"tag-entertainment","9":"tag-entretenimiento","10":"tag-es","11":"tag-espana","12":"tag-spain","13":"tag-tv"},"share_on_mastodon":{"url":"https:\/\/pubeurope.com\/@es\/115678655259357520","error":""},"_links":{"self":[{"href":"https:\/\/www.europesays.com\/es\/wp-json\/wp\/v2\/posts\/275996","targetHints":{"allow":["GET"]}}],"collection":[{"href":"https:\/\/www.europesays.com\/es\/wp-json\/wp\/v2\/posts"}],"about":[{"href":"https:\/\/www.europesays.com\/es\/wp-json\/wp\/v2\/types\/post"}],"author":[{"embeddable":true,"href":"https:\/\/www.europesays.com\/es\/wp-json\/wp\/v2\/users\/2"}],"replies":[{"embeddable":true,"href":"https:\/\/www.europesays.com\/es\/wp-json\/wp\/v2\/comments?post=275996"}],"version-history":[{"count":0,"href":"https:\/\/www.europesays.com\/es\/wp-json\/wp\/v2\/posts\/275996\/revisions"}],"wp:featuredmedia":[{"embeddable":true,"href":"https:\/\/www.europesays.com\/es\/wp-json\/wp\/v2\/media\/275997"}],"wp:attachment":[{"href":"https:\/\/www.europesays.com\/es\/wp-json\/wp\/v2\/media?parent=275996"}],"wp:term":[{"taxonomy":"category","embeddable":true,"href":"https:\/\/www.europesays.com\/es\/wp-json\/wp\/v2\/categories?post=275996"},{"taxonomy":"post_tag","embeddable":true,"href":"https:\/\/www.europesays.com\/es\/wp-json\/wp\/v2\/tags?post=275996"}],"curies":[{"name":"wp","href":"https:\/\/api.w.org\/{rel}","templated":true}]}}