{"id":276009,"date":"2025-12-07T14:08:16","date_gmt":"2025-12-07T14:08:16","guid":{"rendered":"https:\/\/www.europesays.com\/es\/276009\/"},"modified":"2025-12-07T14:08:16","modified_gmt":"2025-12-07T14:08:16","slug":"eduardo-garzon-vuelve-a-delirar-con-el-sistema-de-pensiones","status":"publish","type":"post","link":"https:\/\/www.europesays.com\/es\/276009\/","title":{"rendered":"Eduardo Garz\u00f3n vuelve a delirar con el sistema de pensiones"},"content":{"rendered":"<p>Hace unas semanas hicimos una recopilaci\u00f3n en <strong>Libre Mercado<\/strong> sobre <a href=\"https:\/\/www.libertaddigital.com\/libremercado\/2025-11-19\/las-cinco-meteduras-de-pata-mas-sonadas-del-economista-eduardo-garzon-7321757\/\" rel=\"noreferrer noopener nofollow\" target=\"_blank\">cinco de las mayores meteduras de pata<\/a> del economista y profesor de la Universidad Aut\u00f3noma de Madrid,<strong> Eduardo Garz\u00f3n<\/strong>, hermano menor del que fue ministro de Consumo entre 2020 y 2023, Alberto Garz\u00f3n. Pues bien, <strong>hace tan s\u00f3lo unos d\u00edas realiz\u00f3 una afirmaci\u00f3n que bien podr\u00eda estar en su top-3 de mayores barbaridades en cuanto a econom\u00eda se refiere<\/strong>. En este art\u00edculo te vamos a contar qu\u00e9 dijo.<\/p>\n<p>Como ya hemos contado en este medio, <a href=\"https:\/\/www.libertaddigital.com\/libremercado\/2025-11-28\/la-pension-de-mas-de-9-millones-de-personas-subira-en-572-euros-en-2026-7326443\/\" rel=\"noreferrer noopener nofollow\" target=\"_blank\">el viernes pasado se anunci\u00f3 la subida de las pensiones del pr\u00f3ximo a\u00f1o en un 2,7%<\/a>, de acuerdo con el dato del IPC. Si el gasto en pensiones contributivas en el mes de noviembre fue de 15.432 millones de euros (entre pensiones del sistema y del r\u00e9gimen de clases pasivas), y teniendo en cuenta que: 1) estas pensiones subir\u00e1n un 2,7% y 2) las dos pagas extra al a\u00f1o, tenemos que <strong>el incremento adicional en las pensiones contributivas por la subida del IPC del a\u00f1o que viene ser\u00e1 de unos 5.833 millones de euros. <\/strong><\/p>\n<p>Pues bien, dado que el Gobierno ha aprobado esta subida, <strong>algunos economistas de izquierdas como Eduardo Garz\u00f3n decidieron sacar pecho por esta medida,<\/strong> asegurando que es una prueba m\u00e1s de que el sistema de pensiones es perfectamente sostenible, as\u00ed dijo en su perfil de X (Twitter).<\/p>\n<blockquote class=\"twitter-tweet\"><p>&#13;<\/p>\n<p dir=\"ltr\" lang=\"es\">Son tan, tan, tan insostenibles las pensiones p\u00fablicas que siguen aumentando al ritmo del IPC.<\/p>\n<p>&#13;<br \/>\nLos hist\u00e9ricos de las pensiones p\u00fablicas deben de estar tir\u00e1ndose de los pelos\u2026<\/p>\n<p>&#13;<br \/>\n\u2014 Eduardo Garz\u00f3n (@edugaresp) <a href=\"https:\/\/twitter.com\/edugaresp\/status\/1994388393187578091?ref_src=twsrc%5Etfw\" target=\"_blank\" rel=\"nofollow noopener\">November 28, 2025<\/a><\/p><\/blockquote>\n<p>Tal y como se ve en el post, <strong>el hermano menor de los Garz\u00f3n cree que esta subida del 2,7% de las pensiones contributivas para el 2026 es una prueba de que el sistema de reparto de la Seguridad Social es sostenible<\/strong> y que no tiene ning\u00fan tipo de problema. Sin embargo \u00bftiene sentido esto que dice Garz\u00f3n? La realidad es que no, y b\u00e1sicamente por dos motivos.<\/p>\n<p>    Relacionado<\/p>\n<p>En primer lugar, el argumento en s\u00ed no tiene sentido.<strong> Imaginemos a una persona que sistem\u00e1ticamente tiene m\u00e1s gastos que ingresos y que tiene que ir acumulando pr\u00e9stamos personales uno tras otro para ir compensando el mayor gasto. \u00bfAcaso dir\u00edamos que las finanzas de esta persona son sostenibles? <\/strong>No, dir\u00edamos que est\u00e1 tomando malas decisiones y que se est\u00e1 arruinando m\u00e1s, pero por el hecho de que siga gastando por encima de sus ingresos no quiere decir que sus finanzas sean sostenibles.<\/p>\n<p>Por otro lado, y ya hablando de las pensiones en concreto, <strong>lo cierto es que estas son insostenibles actualmente con independencia de que se produzca esta subida del 2,7% para el a\u00f1o que viene o que no<\/strong>. No nos vamos a extender demasiado en esta cuesti\u00f3n, ya que en <strong>Libre Mercado<\/strong> hemos hablado (y seguimos haci\u00e9ndolo) suficientemente sobre la quiebra del sistema de pensiones, pero s\u00ed vamos a remarcar algunos datos que desmontan el argumentario de Eduardo Garz\u00f3n.<\/p>\n<p>La realidad que ignora Garz\u00f3n<\/p>\n<p>En el a\u00f1o 2024 los ingresos del sistema de pensiones contributivas <a href=\"https:\/\/www.libertaddigital.com\/libremercado\/2025-08-12\/martes-la-sindicalista-afra-blanco-vuelve-a-mentir-sobre-las-pensiones-en-la-sexta-xplica-7285103\/\" rel=\"noreferrer noopener nofollow\" target=\"_blank\">fueron de 167.555 millones de euros, mientras que el gasto en pagar estas pensiones fue de 204.062 millones de euros<\/a>. Es decir, <strong>se produjo un d\u00e9ficit de 36.507 millones de euros, cubri\u00e9ndose tan solo el 82% de todo el pago de pensiones contributivas con las cotizaciones sociales. \u00bfC\u00f3mo se pagan entonces estas pensiones? Tirando de deuda p\u00fablica <\/strong>y de las transferencias que el Estado realiza al sistema de Seguridad Social, que en el a\u00f1o 2024 fueron 54.005 millones los que se inyectaron en el sistema (<a href=\"https:\/\/www.libertaddigital.com\/libremercado\/2025-02-02\/el-agujero-real-de-las-pensiones-con-sanchez-54005-millones-de-deficit-efectivo-anual-y-126177-millones-de-deuda-7214233\/\" rel=\"noreferrer noopener nofollow\" target=\"_blank\">seg\u00fan Fedea<\/a>).<\/p>\n<p>Es decir, no es que el sistema de pensiones sea tan sostenible que puede permitirse el lujo de subir dichas pensiones un 2,7% para el pr\u00f3ximo a\u00f1o, sino que realmente es tan insostenible que se tiene que sufragar una parte de este gasto con los PGE, algo que en teor\u00eda no deber\u00eda ser as\u00ed, pues se deber\u00eda pagar con las propias cotizaciones sociales. <strong>Subir un 2,7% las pensiones no es una demostraci\u00f3n de fortaleza del sistema de reparto, sino una prueba m\u00e1s de que el Gobierno prefiere recortar de otras partidas o subir impuestos antes que dejar de elevar el gasto en pensiones. <\/strong><\/p>\n<p>Por tanto, y en resumidas cuentas, no es verdad que la subida de las pensiones con el IPC sea una prueba de la sostenibilidad del sistema de pensiones, sino una prueba m\u00e1s de que el Gobierno prioriza al colectivo de pensionistas antes que a otros grupos como los j\u00f3venes, las personas de mediana edad o los aut\u00f3nomos.<\/p>\n<p>            <script async src=\"https:\/\/platform.twitter.com\/widgets.js\" charset=\"utf-8\"><\/script><\/p>\n","protected":false},"excerpt":{"rendered":"Hace unas semanas hicimos una recopilaci\u00f3n en Libre Mercado sobre cinco de las mayores meteduras de pata del&hellip;\n","protected":false},"author":2,"featured_media":276010,"comment_status":"","ping_status":"","sticky":false,"template":"","format":"standard","meta":{"footnotes":""},"categories":[80],"tags":[82,95,94,67280,25,24,12865,11755,23,6052],"class_list":{"0":"post-276009","1":"post","2":"type-post","3":"status-publish","4":"format-standard","5":"has-post-thumbnail","7":"category-economia","8":"tag-business","9":"tag-economia","10":"tag-economy","11":"tag-eduardo-garzon","12":"tag-es","13":"tag-espana","14":"tag-pensiones","15":"tag-seguridad-social","16":"tag-spain","17":"tag-twitter"},"share_on_mastodon":{"url":"https:\/\/pubeurope.com\/@es\/115678681968656352","error":""},"_links":{"self":[{"href":"https:\/\/www.europesays.com\/es\/wp-json\/wp\/v2\/posts\/276009","targetHints":{"allow":["GET"]}}],"collection":[{"href":"https:\/\/www.europesays.com\/es\/wp-json\/wp\/v2\/posts"}],"about":[{"href":"https:\/\/www.europesays.com\/es\/wp-json\/wp\/v2\/types\/post"}],"author":[{"embeddable":true,"href":"https:\/\/www.europesays.com\/es\/wp-json\/wp\/v2\/users\/2"}],"replies":[{"embeddable":true,"href":"https:\/\/www.europesays.com\/es\/wp-json\/wp\/v2\/comments?post=276009"}],"version-history":[{"count":0,"href":"https:\/\/www.europesays.com\/es\/wp-json\/wp\/v2\/posts\/276009\/revisions"}],"wp:featuredmedia":[{"embeddable":true,"href":"https:\/\/www.europesays.com\/es\/wp-json\/wp\/v2\/media\/276010"}],"wp:attachment":[{"href":"https:\/\/www.europesays.com\/es\/wp-json\/wp\/v2\/media?parent=276009"}],"wp:term":[{"taxonomy":"category","embeddable":true,"href":"https:\/\/www.europesays.com\/es\/wp-json\/wp\/v2\/categories?post=276009"},{"taxonomy":"post_tag","embeddable":true,"href":"https:\/\/www.europesays.com\/es\/wp-json\/wp\/v2\/tags?post=276009"}],"curies":[{"name":"wp","href":"https:\/\/api.w.org\/{rel}","templated":true}]}}