{"id":276021,"date":"2025-12-07T14:20:12","date_gmt":"2025-12-07T14:20:12","guid":{"rendered":"https:\/\/www.europesays.com\/es\/276021\/"},"modified":"2025-12-07T14:20:12","modified_gmt":"2025-12-07T14:20:12","slug":"el-futuro-de-loren-juarros-muy-ligado-a-funes","status":"publish","type":"post","link":"https:\/\/www.europesays.com\/es\/276021\/","title":{"rendered":"El futuro de Loren Juarros, muy ligado a Funes"},"content":{"rendered":"<p data-start=\"33\" data-end=\"657\">El futuro de <strong>Loren Juarros<\/strong> y el de <strong>Juanfran Funes<\/strong> estar\u00e1 ligado a lo que ocurra en esta segunda vuelta con el equipo de Martiricos. Seg\u00fan pudo saber <a href=\"https:\/\/x.com\/RadioMarcaMLG\" target=\"_blank\" rel=\"noopener nofollow\">Radio MARCA M\u00e1laga<\/a> y pese a los muchos rumores, la decisi\u00f3n final de apostar por Funes fue del director deportivo. Jos\u00e9 Mar\u00eda Mu\u00f1oz acept\u00f3 de buen grado, por el tema econ\u00f3mico, pero no fue una imposici\u00f3n de la gerencia, o al menos eso aseguran rotundamente varias fuentes internas y externas al club de<strong> La Rosaleda<\/strong>. Tanto Funes como Loren Juarros acaban contrato el pr\u00f3ximo 30 de junio, por lo que de la labor deportiva de la segunda parte de la temporada va a depender todo.<\/p>\n<p data-start=\"659\" data-end=\"1421\"><strong>Loren Juarros no tiene toda la confianza tras lo ocurrido con Sergio Pellicer<\/strong>. Su primera destituci\u00f3n y el bajo rendimiento que han dado algunos de sus fichajes han colocado al director deportivo en la picota. A esto hay que a\u00f1adir un proyecto de cantera que hace aguas en algunos puntos, <a href=\"https:\/\/www.merchanendirecto.es\/malaga-cf\/cronica-tercera-derrota-consecutiva-del-atletico-malagueno-de-bravo\/\" target=\"_blank\" rel=\"noopener nofollow\">como el m\u00e1s que probable descenso del filial apenas unos meses despu\u00e9s<\/a> del salto de categor\u00eda a <a href=\"http:\/\/rfef.es\" target=\"_blank\" rel=\"noopener nofollow\">Segunda RFEF<\/a>.<\/p>\n<p data-start=\"659\" data-end=\"1421\">Loren Juarros solo ha conseguido promocionar a canteranos que ya estaban en el club y sus incorporaciones de fuera para la cantera se han limitado, en un 90%, a traer jugadores de vuelta que se marcharon a grandes clubes como FC Barcelona, Real Madrid o Atl\u00e9tico y que se lesionaron o no cuajaron. <a href=\"https:\/\/www.merchanendirecto.es\/malaga-cf\/pablo-arriaza-ibon-badiola-1\/\" target=\"_blank\" rel=\"noopener nofollow\">Ibon Badiola es quiz\u00e1s el \u00fanico nombre que se salva de esa lista.<\/a><\/p>\n<p>Dudas con Loren Juarros<\/p>\n<p data-start=\"1423\" data-end=\"2004\" data-is-last-node=\"\" data-is-only-node=\"\"><strong>Por todo eso, si lo de Funes no funciona, todo parece indicar que no habr\u00e1 renovaci\u00f3n para Loren Juarros<\/strong>. Las dudas son evidentes, ya que en otro club el director deportivo ya estar\u00eda renovado como muestra de apoyo y credibilidad al proyecto. Loren Juarros no ha querido hablar de su futuro en ninguna de las comparecencias que ha tenido ante los medios de comunicaci\u00f3n. Una gran segunda vuelta de Funes provocar\u00eda la renovaci\u00f3n de Loren Juarros, pero un paso en falso dar\u00e1 con el burgal\u00e9s fuera del club boquer\u00f3n. <strong>Estar\u00edamos hablando de una salida en junio, no de una destituci\u00f3n.<\/strong><\/p>\n","protected":false},"excerpt":{"rendered":"El futuro de Loren Juarros y el de Juanfran Funes estar\u00e1 ligado a lo que ocurra en esta&hellip;\n","protected":false},"author":2,"featured_media":276022,"comment_status":"","ping_status":"","sticky":false,"template":"","format":"standard","meta":{"footnotes":""},"categories":[268],"tags":[168,25,24,280,282,281,23,167],"class_list":{"0":"post-276021","1":"post","2":"type-post","3":"status-publish","4":"format-standard","5":"has-post-thumbnail","7":"category-futbol","8":"tag-deportes","9":"tag-es","10":"tag-espana","11":"tag-football","12":"tag-futbol","13":"tag-soccer","14":"tag-spain","15":"tag-sports"},"share_on_mastodon":{"url":"https:\/\/pubeurope.com\/@es\/115678729282273135","error":""},"_links":{"self":[{"href":"https:\/\/www.europesays.com\/es\/wp-json\/wp\/v2\/posts\/276021","targetHints":{"allow":["GET"]}}],"collection":[{"href":"https:\/\/www.europesays.com\/es\/wp-json\/wp\/v2\/posts"}],"about":[{"href":"https:\/\/www.europesays.com\/es\/wp-json\/wp\/v2\/types\/post"}],"author":[{"embeddable":true,"href":"https:\/\/www.europesays.com\/es\/wp-json\/wp\/v2\/users\/2"}],"replies":[{"embeddable":true,"href":"https:\/\/www.europesays.com\/es\/wp-json\/wp\/v2\/comments?post=276021"}],"version-history":[{"count":0,"href":"https:\/\/www.europesays.com\/es\/wp-json\/wp\/v2\/posts\/276021\/revisions"}],"wp:featuredmedia":[{"embeddable":true,"href":"https:\/\/www.europesays.com\/es\/wp-json\/wp\/v2\/media\/276022"}],"wp:attachment":[{"href":"https:\/\/www.europesays.com\/es\/wp-json\/wp\/v2\/media?parent=276021"}],"wp:term":[{"taxonomy":"category","embeddable":true,"href":"https:\/\/www.europesays.com\/es\/wp-json\/wp\/v2\/categories?post=276021"},{"taxonomy":"post_tag","embeddable":true,"href":"https:\/\/www.europesays.com\/es\/wp-json\/wp\/v2\/tags?post=276021"}],"curies":[{"name":"wp","href":"https:\/\/api.w.org\/{rel}","templated":true}]}}