{"id":276034,"date":"2025-12-07T14:28:11","date_gmt":"2025-12-07T14:28:11","guid":{"rendered":"https:\/\/www.europesays.com\/es\/276034\/"},"modified":"2025-12-07T14:28:11","modified_gmt":"2025-12-07T14:28:11","slug":"el-consejo-de-enfermeria-de-castilla-y-leon-llama-a-vacunarse-contra-la-gripe-para-alcanzar-el-75-de-la-cobertura","status":"publish","type":"post","link":"https:\/\/www.europesays.com\/es\/276034\/","title":{"rendered":"El Consejo de Enfermer\u00eda de Castilla y Le\u00f3n llama a vacunarse contra la gripe para alcanzar el 75% de la cobertura"},"content":{"rendered":"<p><img id=\"fotoPrincipalNoticia\" src=\"https:\/\/www.europesays.com\/es\/wp-content\/uploads\/2025\/12\/fotonoticia_20251207145935_690.jpg\" loading=\"eager\" decoding=\"async\" style=\"view-transition-name: fechor_20251207145935;\" border=\"0\" alt=\"Archivo - Una mujer se vacuna durante la campa\u00f1a de vacunaci\u00f3n contra la gripe.\" fetchpriority=\"high\" title=\"El Consejo de Enfermer\u00eda de Castilla y Le\u00f3n llama a vacunarse contra la gripe para alcanzar el 75% de la cobertura\" width=\"690\" height=\"456\" itemprop=\"image\"\/><\/p>\n<p>Archivo &#8211; Una mujer se vacuna durante la campa\u00f1a de vacunaci\u00f3n contra la gripe. &#8211; Alberto Ortega &#8211; Europa Press &#8211; Archivo<\/p>\n<p>    VALLADOLID 7 Dic. (EUROPA PRESS) &#8211; <\/p>\n<p>   El Consejo de Enfermer\u00eda de Castilla y Le\u00f3n (CECyL) llama a los profesionales sanitarios y a los ciudadanos a vacunarse contra la gripe para llegar al objetivo del 75 por ciento de cobertura durante la campa\u00f1a de este a\u00f1o.<\/p>\n<p>   La Comunidad se mantiene anualmente por encima de la media espa\u00f1ola, tanto en la poblaci\u00f3n general como en el personal sanitario, si bien el CECyL considera \u00abinsuficientes\u00bb las coberturas, por lo que considera necesario incrementar la tasa de vacunaci\u00f3n para garantizar la protecci\u00f3n frente a la gripe estacionaria, seg\u00fan ha se\u00f1alado en un comunicado recogido por Europa Press.<\/p>\n<p>   En este sentido, la organizaci\u00f3n ha subrayado que el informe presentado por el Ministerio de Sanidad respecto a la campa\u00f1a de 2024, reflej\u00f3 que Castilla y Le\u00f3n tuvo una tasa de vacunaci\u00f3n del 67,47 por ciento en la poblaci\u00f3n general, casi nueve puntos por encima de la media nacional (58,47 por ciento), pero la cifra sigue por debajo del umbral recomendable para minimizar complicaciones graves y reducir ingresos hospitalarios.<\/p>\n<p>   El mismo informe refleja que los profesionales sanitarios alcanzaron el 43,47 por ciento de vacunaci\u00f3n, con lo que, una vez m\u00e1s, se consigui\u00f3 una mejora en el promedio estatal (39,54 por ciento), de manera que se consolida una tendencia positiva desde 2022.<\/p>\n<p>   Asimismo, el CECyL ha aludido a una apuntado a otros estudios que han demostrado que la cobertura de Espa\u00f1a entre los sanitarios ha descendido en los \u00faltimos cuatro a\u00f1os y se queda lejos del pico alcanzado durante la pandemia (un 65,6 por ciento e 2020).<\/p>\n<p>    El presidente de la organizaci\u00f3n, Enrique Ruiz, ha manifestado los datos muestran que Castilla y Le\u00f3n es una comunidad \u00abcomprometida con la vacunaci\u00f3n\u00bb, pero \u00abno alcanza los niveles necesarios para garantizar la protecci\u00f3n \u00f3ptima\u00bb.<\/p>\n<p>    \u00abEs fundamental que los profesionales demos el paso, porque somos un referente para la ciudadan\u00eda y porque trabajamos cada d\u00eda con personas vulnerables\u00bb, ha abogado, al tiempo que ha recordado que \u00abla evidencia cient\u00edfica es contundente\u00bb: \u00abLa vacuna reduce los casos graves, las hospitalizaciones y la mortalidad\u00bb.<\/p>\n<p>    Por este motivo, ha incidido Ruiz, el CECyL pide \u00abresponsabilidad individual y compromiso profesional\u00bb, pues \u00abla vacunaci\u00f3n no solo protege a quien la recibe, protege a toda la comunidad\u00bb.<\/p>\n<p>   La organizaci\u00f3n extiende esta petici\u00f3n a toda la poblaci\u00f3n, pero incide en los mayores de 60 a\u00f1os, personas con patolog\u00edas cr\u00f3nicas, embarazadas y profesionales sanitarios ya que \u00abla gripe es una enfermedad potencialmente grave y evitable en gran parte con una herramienta segura y eficaz\u00bb.<\/p>\n<p>   Por otro lado, el Consejo ha destacado la figura de las enfermeras como parte \u00abesencial\u00bb en la educaci\u00f3n sanitaria, la identificaci\u00f3n de grupos vulnerables, la lucha contra la desinformaci\u00f3n y la prescripci\u00f3n recomendable en la poblaci\u00f3n de riesgo.<\/p>\n","protected":false},"excerpt":{"rendered":"Archivo &#8211; Una mujer se vacuna durante la campa\u00f1a de vacunaci\u00f3n contra la gripe. &#8211; Alberto Ortega &#8211;&hellip;\n","protected":false},"author":2,"featured_media":276035,"comment_status":"","ping_status":"","sticky":false,"template":"","format":"standard","meta":{"footnotes":""},"categories":[92],"tags":[25,24,165,166,23],"class_list":{"0":"post-276034","1":"post","2":"type-post","3":"status-publish","4":"format-standard","5":"has-post-thumbnail","7":"category-salud","8":"tag-es","9":"tag-espana","10":"tag-health","11":"tag-salud","12":"tag-spain"},"share_on_mastodon":{"url":"https:\/\/pubeurope.com\/@es\/115678760992104985","error":""},"_links":{"self":[{"href":"https:\/\/www.europesays.com\/es\/wp-json\/wp\/v2\/posts\/276034","targetHints":{"allow":["GET"]}}],"collection":[{"href":"https:\/\/www.europesays.com\/es\/wp-json\/wp\/v2\/posts"}],"about":[{"href":"https:\/\/www.europesays.com\/es\/wp-json\/wp\/v2\/types\/post"}],"author":[{"embeddable":true,"href":"https:\/\/www.europesays.com\/es\/wp-json\/wp\/v2\/users\/2"}],"replies":[{"embeddable":true,"href":"https:\/\/www.europesays.com\/es\/wp-json\/wp\/v2\/comments?post=276034"}],"version-history":[{"count":0,"href":"https:\/\/www.europesays.com\/es\/wp-json\/wp\/v2\/posts\/276034\/revisions"}],"wp:featuredmedia":[{"embeddable":true,"href":"https:\/\/www.europesays.com\/es\/wp-json\/wp\/v2\/media\/276035"}],"wp:attachment":[{"href":"https:\/\/www.europesays.com\/es\/wp-json\/wp\/v2\/media?parent=276034"}],"wp:term":[{"taxonomy":"category","embeddable":true,"href":"https:\/\/www.europesays.com\/es\/wp-json\/wp\/v2\/categories?post=276034"},{"taxonomy":"post_tag","embeddable":true,"href":"https:\/\/www.europesays.com\/es\/wp-json\/wp\/v2\/tags?post=276034"}],"curies":[{"name":"wp","href":"https:\/\/api.w.org\/{rel}","templated":true}]}}