{"id":276036,"date":"2025-12-07T14:29:07","date_gmt":"2025-12-07T14:29:07","guid":{"rendered":"https:\/\/www.europesays.com\/es\/276036\/"},"modified":"2025-12-07T14:29:07","modified_gmt":"2025-12-07T14:29:07","slug":"muere-el-fotografo-martin-parr-el-cronista-de-la-division-de-clases-sociales-y-de-la-excentricidad-de-inglaterra-cultura","status":"publish","type":"post","link":"https:\/\/www.europesays.com\/es\/276036\/","title":{"rendered":"Muere el fot\u00f3grafo Martin Parr, el cronista de la divisi\u00f3n de clases sociales y de la excentricidad de Inglaterra | Cultura"},"content":{"rendered":"<p class=\"\">Martin Parr reconoc\u00eda hace poco en una entrevista para la revista Esquire que \u201clo \u00fanico bueno de haber crecido en Surrey [el condado del sudeste de Inglaterra] era que lograba que cualquier otro lugar pareciera interesante\u201d. Por eso se fue pronto de all\u00ed. Pero ese supuesto rechazo a una de las regiones que mejor plasman la quintaesencia del alma brit\u00e1nica, con sus paisajes, sus jardines y sus monumentos hist\u00f3ricos, era en realidad una provocaci\u00f3n traviesa y falsa. Porque en esa misma entrevista proclamaba su amor \u201cpor la locura de los ingleses, con sus aficiones y sus intereses. Las carreras, las exposiciones agr\u00edcolas o las vacaciones de verano. Somos un pu\u00f1ado de exc\u00e9ntricos\u201d.<\/p>\n<p class=\"\">Parr, que con sus coloridas fotograf\u00edas de los ba\u00f1istas de clase media en las ciudades costeras inglesas o de las celebraciones de la clase alta y \u2018thatcheriana\u2019 de los ochenta retrat\u00f3 magistralmente la divisi\u00f3n de clase de la isla, falleci\u00f3 este s\u00e1bado en su casa de Bristol, seg\u00fan ha anunciado su familia con un mensaje en su cuenta de Instagram. \u201cCon gran pesar anunciamos que Martin Parr (1952-2025) falleci\u00f3 ayer en su hogar en Bristol\u201d, dice el texto. Hab\u00eda sido diagnosticado de c\u00e1ncer en mayo de 2021. <\/p>\n<p class=\"\">Parr estaba considerado uno de los fot\u00f3grafos documentales m\u00e1s importantes del \u00faltimo medio siglo. Fue Presidente de la <a href=\"https:\/\/www.magnumphotos.com\/\" rel=\"nofollow noopener\" target=\"_blank\">agencia Magnum<\/a> entre 2013 y 2017.<\/p>\n<p class=\"\">Su libro de 1986 The Last Resort: Photographs of New Brighton supuso toda una revoluci\u00f3n en la fotograf\u00eda documental, caracterizada hasta entonces por el uso rom\u00e1ntico del blanco y negro, que tend\u00eda a idealizar una Inglaterra que cada vez estaba m\u00e1s alejada de esa nostalgia de posguerra. Hasta el t\u00edtulo encerraba iron\u00eda y provocaci\u00f3n. Resort es como se llama en ingl\u00e9s a los complejos vacacionales. Pero last resort significa tambi\u00e9n \u2018\u00faltimo recurso\u2019. La playa de New Brighton, en la pen\u00ednsula de Wirral cercana a Liverpool, era el \u00faltimo y accesible recurso para una clase media-baja hambrienta de sol y ocio.<\/p>\n<p class=\"\">\u201cLos lugares de costa son sitios aparentemente alegres, pero tambi\u00e9n esconden cierta depravaci\u00f3n\u201d, explicaba Parr. Tes veranos seguidos en New Brighton produjeron instant\u00e1neas fascinantes y deprimentes, con ingleses entrados en carnes y achicharrados como cangrejos por el sol; paseos mar\u00edtimos en los que la basura del consumo se amontona por el suelo; ni\u00f1os mocosos o llorones o consumidores \u00e1vidos de fish &amp; chips (pescado rebozado frito y patatas fritas), el plato por excelencia de la clase trabajadora brit\u00e1nica.<\/p>\n<p class=\"\">No todo el mundo supo apreciar la propuesta creativa de Parr. Su intenci\u00f3n de poner ante el espejo a una Inglaterra muy real fue vista por algunos cr\u00edticos como la visi\u00f3n altanera y condescendiente de alguien perteneciente a una clase social superior. Pero su trabajo acab\u00f3 siendo muy popular, y sus admiradores ve\u00edan en esas fotos el d\u00eda a d\u00eda y las aspiraciones de muchos compatriotas.<\/p>\n<p class=\"\">\u201cTodos los fotoperiodistas son de izquierdas. No te dedicas a este trabajo si no te preocupa la gente y muestras inter\u00e9s por su bienestar. Aunque yo solo pretenda crear entretenimiento\u201d, asegur\u00f3 Parr en otra entrevista, esta vez para el diario The Observer. <\/p>\n<p class=\"\">A la publicaci\u00f3n de su libro de escenas veraniegas sigui\u00f3 otra gran obra, The Cost of Living (El Coste de la Vida). Parr se hab\u00eda mudado para entonces a Bristol con su esposa Susan Mitchel, a la que conoci\u00f3 en la Polit\u00e9cnica de M\u00e1nchester a finales de los sesenta, y con la hija de ambos, Ellen. Despu\u00e9s de varios a\u00f1os en la costa oeste de Irlanda, la llegada a una ciudad portuaria vibrante y enganchada a su tiempo coincidi\u00f3 con el comienzo de la era de Margaret Thatcher en el Reino Unido. <\/p>\n<p class=\"\">Parr retrat\u00f3 entonces la otra cara de la moneda de una sociedad en la que, m\u00e1s que en ninguna otra europea, la divisi\u00f3n de clases sociales segu\u00eda estando muy presente. Fiestas en jardines suntuosos, eventos en colegios privados y consumismo compulsivo. Las nuevas fotograf\u00edas acabaron por convencer a los m\u00e1s esc\u00e9pticos ante los prop\u00f3sitos creativos del autor.<\/p>\n<p class=\"\">Su incorporaci\u00f3n a la agencia de fotograf\u00eda Magnum, el templo del fotoperiodismo, estuvo envuelta en la pol\u00e9mica. Su trabajo era atacado por algunos colegas, que lo consideraban populista y falto de profundidad. Philip Jones Griffiths, el fot\u00f3grafo gal\u00e9s que plasm\u00f3 en sus instant\u00e1neas los horrores de la guerra de Vietnam, realiz\u00f3 una virulenta campa\u00f1a contra la entrada de Parr a la agencia. \u201cAlguien que ha sido descrito como el fot\u00f3grafo favorito de Margaret Thatcher no puede pertenecer a Magnum\u201d, dijo entonces. <\/p>\n<p class=\"\">Parr logr\u00f3 incorporarse despu\u00e9s de una votaci\u00f3n en la que salv\u00f3 su ingreso por un solo voto. A\u00f1os m\u00e1s tarde, entre 2014 y 2017, lleg\u00f3 a ser el presidente de la agencia, cuando la calidad e importancia de su obra era ya indiscutible.<\/p>\n<p class=\"\">Como sus compatriotas ingleses, la excentricidad de Parr le llev\u00f3 a ser un coleccionista compulsivo de los objetos m\u00e1s extra\u00f1os posibles, como todo lo relacionado con Laika, Belka y Strelka, las tres perritas astronautas que la Uni\u00f3n Sovi\u00e9tica puso en \u00f3rbita, o la colecci\u00f3n de relojes de Sadam Hussein. \u201cLa fotograf\u00eda\u201d, dec\u00eda, \u201ctambi\u00e9n es una forma de coleccionismo\u201d. Sus instant\u00e1neas, que irrumpieron en su d\u00eda como una bofetada de realidad, son hoy una colecci\u00f3n de nostalgia para todos aquellos defensores del Brexit que sue\u00f1an con una Inglaterra desaparecida. Parr estaba en contra de la salida del Reino Unido de la UE, pero como otros muchos brit\u00e1nicos a los que la prensa bautiz\u00f3 como remoaners (un juego de palabras que mezcla remain \u2014permanecer\u2014 con moan \u2014gemir, suspirar\u2014), nunca dej\u00f3 de a\u00f1orar y de perseguir con sus fotos el pa\u00eds que amaba.<\/p>\n","protected":false},"excerpt":{"rendered":"Martin Parr reconoc\u00eda hace poco en una entrevista para la revista Esquire que \u201clo \u00fanico bueno de haber&hellip;\n","protected":false},"author":2,"featured_media":276037,"comment_status":"","ping_status":"","sticky":false,"template":"","format":"standard","meta":{"footnotes":""},"categories":[91],"tags":[209,146,147,25,24,244,67285,724,23],"class_list":{"0":"post-276036","1":"post","2":"type-post","3":"status-publish","4":"format-standard","5":"has-post-thumbnail","7":"category-entretenimiento","8":"tag-cultura","9":"tag-entertainment","10":"tag-entretenimiento","11":"tag-es","12":"tag-espana","13":"tag-fotografia","14":"tag-martin-parr","15":"tag-obituarios","16":"tag-spain"},"share_on_mastodon":{"url":"https:\/\/pubeurope.com\/@es\/115678764661031601","error":""},"_links":{"self":[{"href":"https:\/\/www.europesays.com\/es\/wp-json\/wp\/v2\/posts\/276036","targetHints":{"allow":["GET"]}}],"collection":[{"href":"https:\/\/www.europesays.com\/es\/wp-json\/wp\/v2\/posts"}],"about":[{"href":"https:\/\/www.europesays.com\/es\/wp-json\/wp\/v2\/types\/post"}],"author":[{"embeddable":true,"href":"https:\/\/www.europesays.com\/es\/wp-json\/wp\/v2\/users\/2"}],"replies":[{"embeddable":true,"href":"https:\/\/www.europesays.com\/es\/wp-json\/wp\/v2\/comments?post=276036"}],"version-history":[{"count":0,"href":"https:\/\/www.europesays.com\/es\/wp-json\/wp\/v2\/posts\/276036\/revisions"}],"wp:featuredmedia":[{"embeddable":true,"href":"https:\/\/www.europesays.com\/es\/wp-json\/wp\/v2\/media\/276037"}],"wp:attachment":[{"href":"https:\/\/www.europesays.com\/es\/wp-json\/wp\/v2\/media?parent=276036"}],"wp:term":[{"taxonomy":"category","embeddable":true,"href":"https:\/\/www.europesays.com\/es\/wp-json\/wp\/v2\/categories?post=276036"},{"taxonomy":"post_tag","embeddable":true,"href":"https:\/\/www.europesays.com\/es\/wp-json\/wp\/v2\/tags?post=276036"}],"curies":[{"name":"wp","href":"https:\/\/api.w.org\/{rel}","templated":true}]}}