{"id":276042,"date":"2025-12-07T14:32:11","date_gmt":"2025-12-07T14:32:11","guid":{"rendered":"https:\/\/www.europesays.com\/es\/276042\/"},"modified":"2025-12-07T14:32:11","modified_gmt":"2025-12-07T14:32:11","slug":"netanyahu-preve-pasar-muy-pronto-a-la-segunda-fase-del-alto-el-fuego-en-gaza","status":"publish","type":"post","link":"https:\/\/www.europesays.com\/es\/276042\/","title":{"rendered":"Netanyahu prev\u00e9 pasar \u00abmuy pronto\u00bb a la segunda fase del alto el fuego en Gaza"},"content":{"rendered":"<p>    <img src=\"https:\/\/www.europesays.com\/es\/wp-content\/uploads\/2025\/12\/2025-12-07T123A343A53Z-90598383.jpg\" width=\"1024\" height=\"683\" alt=\"\" loading=\"eager\" decoding=\"sync\" fetchpriority=\"high\"\/><\/p>\n<p>            afp_tickers        <\/p>\n<p>        Este contenido fue publicado en    <\/p>\n<p>        07 diciembre 2025 &#8211; 14:34\n<\/p>\n<p>El primer ministro israel\u00ed, Benjamin Netanyahu, afirm\u00f3 el domingo que prev\u00e9 pasar \u00abmuy pronto\u00bb a la segunda fase del acuerdo de alto el fuego en Gaza, auspiciado Estados Unidos, aunque se\u00f1al\u00f3 que ser\u00e1 \u00abdif\u00edcil\u00bb.<\/p>\n<p>\u00abHemos discutido c\u00f3mo poner fin al poder de Ham\u00e1s en Gaza (\u2026) Hemos terminado la primera fase (\u2026) Despu\u00e9s, prevemos muy pronto pasar a la segunda fase, que es m\u00e1s dif\u00edcil o igual de dif\u00edcil\u00bb, declar\u00f3 Netanyahu tras una reuni\u00f3n con el jefe del gobierno alem\u00e1n Friedrich Merz.<\/p>\n<p>Netanyahu record\u00f3 que, seg\u00fan la primera fase del acuerdo de alto el fuego, Ham\u00e1s a\u00fan debe devolver a Israel el \u00faltimo cuerpo de un reh\u00e9n retenido en Gaza, el del israel\u00ed Ran Gvili.<\/p>\n<p>La segunda fase del plan de paz del presidente estadounidense Donald Trump prev\u00e9 el desarme de Ham\u00e1s y la desmilitarizaci\u00f3n de Gaza, record\u00f3 el primer ministro.<\/p>\n<p>Tambi\u00e9n incluye, entre otras medidas, el despliegue de una fuerza internacional en el territorio palestino y la retirada del ej\u00e9rcito israel\u00ed.<\/p>\n<p>El canciller alem\u00e1n reafirm\u00f3 este domingo el apoyo de Alemania a Israel durante una visita al memorial del Holocausto en Jerusal\u00e9n.<\/p>\n<p>Merz lleg\u00f3 el s\u00e1bado a Israel para su primera visita diplom\u00e1tica desde su toma de posesi\u00f3n, con el objetivo de consolidar la relaci\u00f3n entre ambos pa\u00edses tras algunas fricciones debido a la guerra en la Franja de Gaza y a la violencia de colonos jud\u00edos extremistas en Cisjordania ocupada.<\/p>\n<p>\u00abAlemania debe defender la existencia y la seguridad de Israel. Esto permanecer\u00e1 para siempre profundamente inscrito en el v\u00ednculo que nos une\u00bb, declar\u00f3 el canciller en el memorial Yad Vashem, destacando \u00abla responsabilidad hist\u00f3rica\u00bb de su pa\u00eds en la exterminaci\u00f3n de seis millones de jud\u00edos durante la Segunda Guerra Mundial.<\/p>\n<p>pw\/mj\/cls\/pc\/mb<\/p>\n","protected":false},"excerpt":{"rendered":"afp_tickers Este contenido fue publicado en 07 diciembre 2025 &#8211; 14:34 El primer ministro israel\u00ed, Benjamin Netanyahu, afirm\u00f3&hellip;\n","protected":false},"author":2,"featured_media":276043,"comment_status":"","ping_status":"","sticky":false,"template":"","format":"standard","meta":{"footnotes":""},"categories":[42],"tags":[635,17,18,636,83,13,14,11,61,62,63,86,64,19,20,9,10,15,16,88,90,12,21,22,65,66,67],"class_list":{"0":"post-276042","1":"post","2":"type-post","3":"status-publish","4":"format-standard","5":"has-post-thumbnail","7":"category-internacional","8":"tag-armed-conflict","9":"tag-breaking-news","10":"tag-breakingnews","11":"tag-conflict","12":"tag-diplomacy","13":"tag-featured-news","14":"tag-featurednews","15":"tag-headlines","16":"tag-internacional","17":"tag-international","18":"tag-international-news","19":"tag-international-relations","20":"tag-internationalnews","21":"tag-latest-news","22":"tag-latestnews","23":"tag-news","24":"tag-noticias","25":"tag-noticias-destacadas","26":"tag-noticiasdestacadas","27":"tag-politics","28":"tag-ticker","29":"tag-titulares","30":"tag-ultimas-noticias","31":"tag-ultimasnoticias","32":"tag-world","33":"tag-world-news","34":"tag-worldnews"},"share_on_mastodon":{"url":"https:\/\/pubeurope.com\/@es\/115678776174946501","error":""},"_links":{"self":[{"href":"https:\/\/www.europesays.com\/es\/wp-json\/wp\/v2\/posts\/276042","targetHints":{"allow":["GET"]}}],"collection":[{"href":"https:\/\/www.europesays.com\/es\/wp-json\/wp\/v2\/posts"}],"about":[{"href":"https:\/\/www.europesays.com\/es\/wp-json\/wp\/v2\/types\/post"}],"author":[{"embeddable":true,"href":"https:\/\/www.europesays.com\/es\/wp-json\/wp\/v2\/users\/2"}],"replies":[{"embeddable":true,"href":"https:\/\/www.europesays.com\/es\/wp-json\/wp\/v2\/comments?post=276042"}],"version-history":[{"count":0,"href":"https:\/\/www.europesays.com\/es\/wp-json\/wp\/v2\/posts\/276042\/revisions"}],"wp:featuredmedia":[{"embeddable":true,"href":"https:\/\/www.europesays.com\/es\/wp-json\/wp\/v2\/media\/276043"}],"wp:attachment":[{"href":"https:\/\/www.europesays.com\/es\/wp-json\/wp\/v2\/media?parent=276042"}],"wp:term":[{"taxonomy":"category","embeddable":true,"href":"https:\/\/www.europesays.com\/es\/wp-json\/wp\/v2\/categories?post=276042"},{"taxonomy":"post_tag","embeddable":true,"href":"https:\/\/www.europesays.com\/es\/wp-json\/wp\/v2\/tags?post=276042"}],"curies":[{"name":"wp","href":"https:\/\/api.w.org\/{rel}","templated":true}]}}