{"id":276054,"date":"2025-12-07T14:44:11","date_gmt":"2025-12-07T14:44:11","guid":{"rendered":"https:\/\/www.europesays.com\/es\/276054\/"},"modified":"2025-12-07T14:44:11","modified_gmt":"2025-12-07T14:44:11","slug":"asier-etxeandia-nunca-voy-a-hacer-algo-en-lo-que-no-creo-me-da-igual-si-no-tengo-un-duro","status":"publish","type":"post","link":"https:\/\/www.europesays.com\/es\/276054\/","title":{"rendered":"Asier Etxeandia: \u201cNunca voy a hacer algo en lo que no creo, me da igual si no tengo un duro\u201d"},"content":{"rendered":"<p>\n        Entre la <strong>crudeza gris<\/strong> de una Villa que resurg\u00eda tras<strong> la riada<\/strong> y <strong>la esfervescencia punky<\/strong> de sus calles, crec\u00eda en <a href=\"https:\/\/www.deia.eus\/tags\/bilbao\/\" title=\"Bilbao\" class=\"link copy\" rel=\"nofollow noopener\" target=\"_blank\">Bilbao<\/a> durante <strong>la primera mitad de los a\u00f1os 80<\/strong> el impulso creativo de un joven que se\u00a0acabar\u00eda convirtiendo dentro de unos a\u00f1os en<strong> un actor referente<\/strong>.\n<\/p>\n<p class=\"article-body__text \">\n        Asier Etxeandia <strong>nunca se sinti\u00f3 del todo entendido<\/strong> y, precisamente por eso, utiliz\u00f3<strong> al arte <\/strong>para poder expresarse. Con una vocaci\u00f3n f\u00e9rrea que le acompa\u00f1\u00f3 desde ni\u00f1o, <strong>nominaciones a los Goya<\/strong> y varios sue\u00f1os cumplidos, contin\u00faa defendiendo <strong>la profesi\u00f3n que le salva la vida <\/strong>mientras su \u00faltima pel\u00edcula, <strong>Frontera<\/strong>, se estrena en cines este 12 de diciembre.\n<\/p>\n<p class=\"article-photo__footer\">\n            &#8216;Frontera&#8217;, donde sale Asier Etxeandia, se estrena en cines este 12 de diciembre.            Cedida        <\/p>\n<p class=\"article-body__text question-answers__question\">Naci\u00f3 en el 75 en Bilbao, \u00bfcree que su infancia en <a href=\"https:\/\/www.deia.eus\/tags\/euskadi\/\" title=\"Euskadi\" rel=\"nofollow noopener\" target=\"_blank\">Euskadi<\/a> le sirvi\u00f3 como combustible creativo para convertirse en actor?<\/p>\n<p class=\"article-body__text question-answers__answer\">-Absolutamente. Recuerdo Bilbao en esa \u00e9poca, el color que ten\u00eda&#8230; Muy gris, un Bilbao muy sucio, porque acababa de ocurrir la riada. Lo recuerdo volvi\u00e9ndose a acicalar, pero marr\u00f3n y gris. Tambi\u00e9n recuerdo un Bilbao con una energ\u00eda muy punky, transgresora, de calle, de bares, de cuadrilla&#8230;, muy de juntarse con mucho tipo de gente. Un Bilbao sin prejuicios -fiestero- entregado al placer, que viv\u00eda un momento pol\u00edtico y social muy fuerte. Mi infancia no la recuerdo, excepto por mi familia, a la que amo y que siempre me ha cuidado, me entendieran o no&#8230; Porque es algo que me ha pasado siempre: nunca me he sentido muy entendido. Pero creo que eso ha sido un gran motor para mi trabajo: intentar que me entendieran, explicarme&#8230; La \u00fanica manera de explicarse es mediante el arte, porque va directo al coraz\u00f3n. Si yo no hubiese sentido eso, seguramente no hubiese querido dedicarme a esto con tanta pasi\u00f3n. Pero recuerdo un Bilbao muy po\u00e9tico, siempre ha sido una ciudad que se junta y se une para luchar por la justicia. Eso me ha emocionado siempre, est\u00e1 en mi car\u00e1cter tambi\u00e9n.<\/p>\n<p class=\"article-body__text question-answers__question\">Sufri\u00f3 bullying cuando era peque\u00f1o. \u00bfQu\u00e9 tiene que mejorar para que a d\u00eda de hoy dejen de existir estos casos?<\/p>\n<p class=\"article-body__text question-answers__answer\">-Todo est\u00e1 en la educaci\u00f3n y en lo que los ni\u00f1os escuchan en casa. Tiene que ver con c\u00f3mo educamos a nuestros hijos. No hay que permitir pasar una, ni una solamente. Y eso est\u00e1 en la educaci\u00f3n, profesores, el tipo de ambiente que genera el colegio y el tipo de educaci\u00f3n&#8230; Yo estudi\u00e9 en los Jesuitas, donde promov\u00edan la competitividad absoluta -no sana- con unos valores en los que educaban a los ni\u00f1os para que fuesen todos de una misma manera. Y estaba esa cosa que exist\u00eda antes -que es terrible-: separar ni\u00f1os y ni\u00f1as. Creo que es la base del machismo y de los conflictos que luego ocurren. Yo pertenezco a otra \u00e9poca, pero sigue ocurriendo. No solo est\u00e1 en la educaci\u00f3n de las materias, sino en la de la inteligencia emocional y del respeto al humanismo, en la de los valores&#8230;, en la educaci\u00f3n desde su lugar, \u00bfno?<\/p>\n<p class=\"article-body__text question-answers__question\">Se mud\u00f3 a Madrid con veinte a\u00f1os, imagino que se lleva de su tierra a sus amigos y familia&#8230;\u00a0<\/p>\n<p class=\"article-body__text question-answers__answer\">-Yo no me he ido nunca de Bilbao, \u00bfeh? Yo me fui con 27 a\u00f1os a trabajar a Madrid y puse mi residencia aqu\u00ed, porque me empez\u00f3 a salir much\u00edsimo trabajo. Siempre vuelvo, estoy yendo y viniendo, me quedo en casa de colegas&#8230; Mi familia est\u00e1 all\u00ed, no he sentido nunca que he abandonado Bilbao. Es m\u00e1s, yo me traigo a Bilbao aqu\u00ed conmigo. Soy el m\u00e1s vasco de Madrid (risas).<\/p>\n<p class=\"article-body__text question-answers__question\">Vivi\u00f3 momentos muy complicados para pagarse la escuela de interpretaci\u00f3n, desde trabajar en un sex-shop hasta convivir como okupa.\u00a0<\/p>\n<p class=\"article-body__text question-answers__answer\">-Bueno, eso no es complicado&#8230;<\/p>\n<p class=\"article-body__text question-answers__question\">Los j\u00f3venes ahora siguen sufriendo mucha precariedad&#8230;<\/p>\n<p class=\"article-body__text question-answers__answer\">-No tengo las soluciones de c\u00f3mo funcionan los dem\u00e1s. S\u00e9 que a m\u00ed no me import\u00f3 pasar por la precariedad, porque ten\u00eda un motor muy grande. A m\u00ed, lo que mas me preocupa cuando veo a la gente joven es la falta de motivaci\u00f3n, un sue\u00f1o, un objetivo&#8230; Que luego puede cambiar, pero creo que para vivir y para poder soportar cualquier situaci\u00f3n econ\u00f3mica, emocional, amorosa&#8230;, hay que tener algo que te mueva, una ilusi\u00f3n. Y yo ten\u00eda una vocaci\u00f3n. La verdad es que siempre la tuve, desde peque\u00f1o. No me importaba dormir en la calle si ten\u00eda que hacerlo, porque sab\u00eda con absoluta seguridad y firmeza que iba a conseguir trabajar en eso. Ten\u00eda un amor tan grande y me hac\u00eda tant\u00edsima ilusi\u00f3n hacer cualquier cosa de teatro, danza, m\u00fasica, arte&#8230;, que me parec\u00eda que era parte de la bohemia que ten\u00eda que vivir en ese momento. Si tienes un objetivo muy claro, puedes pasar por muchos lugares&#8230; Si no tienes apoyo, es terrible. En Bilbao tenemos un sistema social de ayudas, que es maravilloso. Gracias a eso, al teatro de calle y a trabajar en lo que pod\u00eda, yo pude pagarme la escuela de teatro y pude vivir. Y eso es algo de puta madre que ocurre solamente en Euskadi.<\/p>\n<p class=\"article-photo__footer\">\n            &#8216;La cena&#8217; es una de las \u00faltimas producciones en las que particip\u00f3 Asier Etxeandia.            Picasa \/ Danimantis Fotograf\u00eda        <\/p>\n<p class=\"article-body__text question-answers__question\">\u00bfHubo alguna experiencia a lo largo de su trayectoria que le pareci\u00f3 clave para descubrir lo que no quer\u00eda ser como actor?<\/p>\n<p class=\"article-body__text question-answers__answer\">-A ver, yo nunca voy a hacer algo que me duela o en lo que no creo. Me da igual si no tengo un duro. Creo que no estoy en posici\u00f3n de decir que no a trabajos, porque creo que hay que trabajar; pero s\u00ed estoy en posici\u00f3n de transformarlos y de elevarlos, y de hacer que por lo menos mi trabajo sea digno. Pero no voy a ser nunca pe\u00f3n del veneno. Nunca.<\/p>\n<p class=\"article-body__text question-answers__question\">Ha sido nominado a <a href=\"https:\/\/www.premiosgoya.com\/\" title=\"los Goya\" rel=\"nofollow noopener\" target=\"_blank\">los Goya<\/a> por su participaci\u00f3n en La Novia y en Dolor y gloria. \u00bfQu\u00e9 significado tuvo este reconocimiento?<\/p>\n<p class=\"article-body__text question-answers__answer\">-Hombre, para m\u00ed es maravilloso. La sensaci\u00f3n de que te nominen, que tus compa\u00f1eros o la profesi\u00f3n te valore, te da mucho punch para seguir adelante. No te da seguridad econ\u00f3mica ni te asegura nada. Est\u00e1 la maldici\u00f3n de que te dan un premio y luego no tienes un puto duro&#8230; Pero si te hace creer en ti y sirve para que puedan suceder m\u00e1s cosas, est\u00e1 bien.<\/p>\n<p class=\"article-body__text question-answers__question\">Fue en la segunda donde trabaj\u00f3 con <a href=\"https:\/\/www.deia.eus\/tags\/pedro-almodovar\/pagina-4\/\" title=\"Almod\u00f3var\" rel=\"nofollow noopener\" target=\"_blank\">Almod\u00f3var<\/a>. \u00bfC\u00f3mo fue?<\/p>\n<p class=\"article-body__text question-answers__answer\">-Un sue\u00f1o cumplido. Admiraba a Pedro desde peque\u00f1o, me fascinaba su cine y me quedaba embobado viendo todo lo que hac\u00eda a principios de los 80. Despu\u00e9s, llev\u00e9 al cine a todos los que me pegaban en el colegio, no s\u00e9 c\u00f3mo consegu\u00ed hacer eso&#8230; Les llev\u00e9 a ver Mujeres al borde de un ataque de nervios con sus padres. Creo que se arrepent\u00edan de que yo estuviera en ese grupo. Siempre he sido muy persuasivo. Se volvieron completamente locos. Para m\u00ed, el cine de Pedro ha sido como un arma, algo que me hac\u00eda feliz. Hacer un personaje de una historia suya ha sido un sue\u00f1o cumplido.<\/p>\n<p class=\"article-body__text question-answers__question\">Las plataformas han evolucionado estos \u00faltimos 15 a\u00f1os. Se cancelan programas nuevos todos los d\u00edas, pero mi padre sigue viendo El Comisario&#8230;<\/p>\n<p class=\"article-body__text question-answers__answer\">-Ya, es un misterio&#8230; Menos mal que existen las plataformas. De todas formas, yo soy un poco vintage en todo. Amo el cine, quiero ir a las salas de cine. Me siento afortunado de que existan las plataformas, porque me dan trabajo y puedo ver pel\u00edculas maravillosas desde mi casa, pero animo a la gente a vivir la experiencia. Ya no solamente para que funcione el cine, sino para que funcione el alma del que lo ve.\u00a0<\/p>\n<p class=\"article-body__text question-answers__question\">Dicen que en el panorama estatal actual solo hay actores j\u00f3venes. Sin embargo, viene de hacer La cena y ahora se mete en Frontera&#8230;<\/p>\n<p class=\"article-body__text question-answers__answer\">-Soy un afortunado. No he dejado de trabajar nunca, siempre he sido muy hormiguita. Nunca he pegado un petardazo y me alegro. Me he ido siempre de los sitios sin problema, no he tenido miedo a eso, me gusta mucho trabajar y he hecho muchas cosas a la vez. Si alg\u00fan d\u00eda no lo tengo, me voy a angustiar y me voy a la mierda, porque esta profesi\u00f3n a m\u00ed me salva la vida. Me meto en bosques emocionales, la vida rima conmigo. Me da lo que le doy.<\/p>\n<p class=\"article-body__text question-answers__question\">En el programa de Henar \u00c1lvarez dijo que siempre le dan el papel de malo. \u00bfCu\u00e1l le queda por hacer que le aterre o le fascine?<\/p>\n<p class=\"article-body__text question-answers__answer\">-Hay muchas cosas. Me encantar\u00eda interpretar a Lord Byron, pero me he quedado mayor ya (risas). Me encantan los grandes rom\u00e1nticos, el cine de \u00e9poca y los personajes con muchas aristas que conmocionan y emocionan. Piensas algo de ellos y luego resulta que es todo lo contrario cuando terminas de ver la pel\u00edcula. Eso es lo que m\u00e1s me fascina: romper los esquemas con los personajes.<\/p>\n","protected":false},"excerpt":{"rendered":"Entre la crudeza gris de una Villa que resurg\u00eda tras la riada y la esfervescencia punky de sus&hellip;\n","protected":false},"author":2,"featured_media":276055,"comment_status":"","ping_status":"","sticky":false,"template":"","format":"standard","meta":{"footnotes":""},"categories":[174],"tags":[1014,67288,2601,255,146,147,25,24,256,753,805,23],"class_list":{"0":"post-276054","1":"post","2":"type-post","3":"status-publish","4":"format-standard","5":"has-post-thumbnail","7":"category-famosos","8":"tag-actores","9":"tag-asier-etxeandia","10":"tag-bilbao","11":"tag-celebrities","12":"tag-entertainment","13":"tag-entretenimiento","14":"tag-es","15":"tag-espana","16":"tag-famosos","17":"tag-peliculas","18":"tag-series","19":"tag-spain"},"share_on_mastodon":{"url":"https:\/\/pubeurope.com\/@es\/115678823267364498","error":""},"_links":{"self":[{"href":"https:\/\/www.europesays.com\/es\/wp-json\/wp\/v2\/posts\/276054","targetHints":{"allow":["GET"]}}],"collection":[{"href":"https:\/\/www.europesays.com\/es\/wp-json\/wp\/v2\/posts"}],"about":[{"href":"https:\/\/www.europesays.com\/es\/wp-json\/wp\/v2\/types\/post"}],"author":[{"embeddable":true,"href":"https:\/\/www.europesays.com\/es\/wp-json\/wp\/v2\/users\/2"}],"replies":[{"embeddable":true,"href":"https:\/\/www.europesays.com\/es\/wp-json\/wp\/v2\/comments?post=276054"}],"version-history":[{"count":0,"href":"https:\/\/www.europesays.com\/es\/wp-json\/wp\/v2\/posts\/276054\/revisions"}],"wp:featuredmedia":[{"embeddable":true,"href":"https:\/\/www.europesays.com\/es\/wp-json\/wp\/v2\/media\/276055"}],"wp:attachment":[{"href":"https:\/\/www.europesays.com\/es\/wp-json\/wp\/v2\/media?parent=276054"}],"wp:term":[{"taxonomy":"category","embeddable":true,"href":"https:\/\/www.europesays.com\/es\/wp-json\/wp\/v2\/categories?post=276054"},{"taxonomy":"post_tag","embeddable":true,"href":"https:\/\/www.europesays.com\/es\/wp-json\/wp\/v2\/tags?post=276054"}],"curies":[{"name":"wp","href":"https:\/\/api.w.org\/{rel}","templated":true}]}}