{"id":276056,"date":"2025-12-07T14:47:13","date_gmt":"2025-12-07T14:47:13","guid":{"rendered":"https:\/\/www.europesays.com\/es\/276056\/"},"modified":"2025-12-07T14:47:13","modified_gmt":"2025-12-07T14:47:13","slug":"lista-completa-de-los-concursantes-confirmados-de-la-nueva-edicion","status":"publish","type":"post","link":"https:\/\/www.europesays.com\/es\/276056\/","title":{"rendered":"lista completa de los concursantes confirmados de la nueva edici\u00f3n"},"content":{"rendered":"<p><strong>La Casa de los Gemelos 2<\/strong> aterriza de manera oficial. El popular y pol\u00e9mico <a href=\"https:\/\/okdiario.com\/happyfm\/que-casa-gemelos-asi-polemico-reality-cancelado-violencia-15579549\" target=\"_blank\" rel=\"noopener noreferrer nofollow\">formato<\/a> vuelve a la peque\u00f1a pantalla y lo hace de la mano de nuevas celebridades de Internet. <strong>Los hermanos Carlos y Daniel, dos chicos de la localidad madrile\u00f1a de Getafe y los creadores de este formato, han apostado por continuar llevando a cabo este proyecto<\/strong>. Pues, despu\u00e9s de lo sucedido en la edici\u00f3n anterior, han querido ir a por m\u00e1s.<\/p>\n<p>Y es que, como bien saben los usuarios de redes sociales, <strong>personalidades y rostros de internet<\/strong>, mayoritariamente de TikTok y otras redes sociales, <strong>se re\u00fanen en un mismo hogar.<\/strong> Una convivencia al puro estilo Gran Hermano, pero donde sus participantes suelen cruzar los l\u00edmites. De hecho, tal y como se pudo ver en la edici\u00f3n anterior, <strong>el show tuvo que cancelarse tras apenas nueve horas desde su estreno<\/strong> por el nivel del salvajismo que se estaba proyectando.\u00a0Pues, claramente, no reinaba la paz ni la armon\u00eda entre sus inquilinos.<\/p>\n<p>Concursantes confirmados de \u2018La Casa de los Gemelos 2\u2019Jose Labrador<\/p>\n<p>El primer confirmado de la edici\u00f3n ha sido Jose Labrador. El participante es conocido por su paso por formatos televisivos como Gand\u00eda Shore, Supervivientes, Mujeres y hombres y viceversa y La casa fuerte.<\/p>\n<p>Bea \u2018La Legionaria\u2019<\/p>\n<p>Conocida por su participaci\u00f3n pol\u00e9mica y controvertida en la sexta edici\u00f3n de Gran Hermano (\u2018GH 6\u2019) en 2004. Es un rostro muy recordado en el formato por sus numerosas peleas y personalidad explosiva.<\/p>\n<p>Aram\u00eds Fuster<\/p>\n<p>La participante, de edad indeterminada, es conocida por ser la bruja m\u00e1s famosa de la televisi\u00f3n espa\u00f1ola. Un rostro muy conocido en Mediaset Espa\u00f1a, pues ha participado en formatos como Gran Hermano VIP.<\/p>\n<p>La Marrash<\/p>\n<p><a href=\"https:\/\/okdiario.com\/happyfm\/quien-marrash-casa-gemelos-edad-nombre-real-15598990\" target=\"_blank\" rel=\"noopener noreferrer nofollow\">La joven<\/a> se ha presentado en numerosos formatos televisivos para contar sus vivencias en Dub\u00e1i. Pues, seg\u00fan ha relatado, perteneci\u00f3 al har\u00e9n de un jeque y trabaj\u00f3 a su servicio y al de sus amigos. Asimismo, form\u00f3 parte de la primera edici\u00f3n de La Casa de los Gemelos.<\/p>\n<p>Mar\u00eda Rispa<\/p>\n<p>Conocida por su amistad con La Marrash, la cual ya es inexistente. Al igual que la concursante anterior, es conocida por exponer su vida, sin filtros, en las redes sociales.<\/p>\n<p>Gabriella<\/p>\n<p>Conocida por ser la tentadora de Montoya, participante de La isla de las tentaciones. Asimismo, fue pareja de Manuel, ex participante del mismo reality. Ambos tuvieron una ruptura bastante pol\u00e9mica y problem\u00e1tica debido a infidelidades de la joven.<\/p>\n<p>Sweet Flow<\/p>\n<p>Miguel \u00c1ngel Mart\u00ednez, su nombre real, es conocido por su trabajo como DJ y por tener frases virales. Asimismo, varios medios indican que tambi\u00e9n tuvo una etapa como boxeador.<\/p>\n<p>Nisrrine<\/p>\n<p>Nacida en Marruecos, lleva a\u00f1os viviendo en Murcia y es conocida por participar en Secret Story, programa de Mediaset Espa\u00f1a.<\/p>\n<p>El Patica<\/p>\n<p>El joven es conocido por su faceta como creador de contenido. De hecho, se hizo conocido por subir v\u00eddeos comiendo a la plataforma de TikTok.<\/p>\n<p>La Falete<\/p>\n<p>La mujer es conocida por los usuarios en redes sociales por sus v\u00eddeos virales. Asimismo, su gran parecido con la cantante le han otorgado su apodo. Repite como concursante del formato.<\/p>\n<p>Eros Vidal<\/p>\n<p>El participante se dio a conocer durante su paso por La isla de las tentaciones, programa de Telecinco. Una edici\u00f3n donde comparti\u00f3 convivencia con Montoya.<\/p>\n<p>Andrea Batres<\/p>\n<p>Es una creadora de contenido que triunfa con su faceta como influencer. De hecho, sus publicaciones logran un alcance arrollador en plataformas como TikTok e Instagram.<\/p>\n<p>\u00bfHorario y c\u00f3mo ver el estreno de \u2018La Casa de los Gemelos 2\u2019?<\/p>\n<p>Tal y como han informado sus creadores de manera oficial, La Casa de los Gemelos 2 dar\u00e1 el pistoletazo de salida a su temporada el <strong>7 de diciembre<\/strong>. Un estreno que tendr\u00e1 lugar <strong>a las 22:30h (hora antes en las islas Canarias)<\/strong> y que se podr\u00e1 ver en directo a trav\u00e9s de plataformas como<strong> Twitch, YouTube y Kick.<\/strong> Para ello, ser\u00e1 necesario tener una cuenta y estar registrado en alguna de estas apps.<\/p>\n<p>Como era de esperar, la expectaci\u00f3n entre los seguidores de este formato es m\u00e1xima. Y es que, entre las novedades, se ha informado que rostros televisivos como <strong>V\u00edctor Sandoval, Coto Matamoros y Kiko Hern\u00e1ndez tendr\u00e1n una labor especial.<\/strong><\/p>\n","protected":false},"excerpt":{"rendered":"La Casa de los Gemelos 2 aterriza de manera oficial. El popular y pol\u00e9mico formato vuelve a la&hellip;\n","protected":false},"author":2,"featured_media":276057,"comment_status":"","ping_status":"","sticky":false,"template":"","format":"standard","meta":{"footnotes":""},"categories":[171],"tags":[146,147,25,24,23,214],"class_list":{"0":"post-276056","1":"post","2":"type-post","3":"status-publish","4":"format-standard","5":"has-post-thumbnail","7":"category-tv","8":"tag-entertainment","9":"tag-entretenimiento","10":"tag-es","11":"tag-espana","12":"tag-spain","13":"tag-tv"},"share_on_mastodon":{"url":"https:\/\/pubeurope.com\/@es\/115678835065338566","error":""},"_links":{"self":[{"href":"https:\/\/www.europesays.com\/es\/wp-json\/wp\/v2\/posts\/276056","targetHints":{"allow":["GET"]}}],"collection":[{"href":"https:\/\/www.europesays.com\/es\/wp-json\/wp\/v2\/posts"}],"about":[{"href":"https:\/\/www.europesays.com\/es\/wp-json\/wp\/v2\/types\/post"}],"author":[{"embeddable":true,"href":"https:\/\/www.europesays.com\/es\/wp-json\/wp\/v2\/users\/2"}],"replies":[{"embeddable":true,"href":"https:\/\/www.europesays.com\/es\/wp-json\/wp\/v2\/comments?post=276056"}],"version-history":[{"count":0,"href":"https:\/\/www.europesays.com\/es\/wp-json\/wp\/v2\/posts\/276056\/revisions"}],"wp:featuredmedia":[{"embeddable":true,"href":"https:\/\/www.europesays.com\/es\/wp-json\/wp\/v2\/media\/276057"}],"wp:attachment":[{"href":"https:\/\/www.europesays.com\/es\/wp-json\/wp\/v2\/media?parent=276056"}],"wp:term":[{"taxonomy":"category","embeddable":true,"href":"https:\/\/www.europesays.com\/es\/wp-json\/wp\/v2\/categories?post=276056"},{"taxonomy":"post_tag","embeddable":true,"href":"https:\/\/www.europesays.com\/es\/wp-json\/wp\/v2\/tags?post=276056"}],"curies":[{"name":"wp","href":"https:\/\/api.w.org\/{rel}","templated":true}]}}