{"id":276061,"date":"2025-12-07T14:51:12","date_gmt":"2025-12-07T14:51:12","guid":{"rendered":"https:\/\/www.europesays.com\/es\/276061\/"},"modified":"2025-12-07T14:51:12","modified_gmt":"2025-12-07T14:51:12","slug":"un-patron-molecular-en-enfermedades-del-cerebro-y-el-intestino-permite-detectar-el-parkinson-lider-en-informacion-social","status":"publish","type":"post","link":"https:\/\/www.europesays.com\/es\/276061\/","title":{"rendered":"Un patr\u00f3n molecular en enfermedades del cerebro y el intestino permite detectar el p\u00e1rkinson | L\u00edder en Informaci\u00f3n Social"},"content":{"rendered":"<p>\n      Cient\u00edficos del Instituto de Investigaciones Biom\u00e9dicas de Barcelona del Consejo Superior de Investigaciones Cient\u00edficas (IIBB-CSIC) han descubierto un mecanismo molecular que aparece alterado en el p\u00e1rkinson, la depresi\u00f3n y la disfunci\u00f3n intestinal que abre la puerta a la detecci\u00f3n temprana y a la intervenci\u00f3n precoz en pacientes con este trastorno neurol\u00f3gico progresivo.\n    <\/p>\n<p>Seg\u00fan inform\u00f3 el centro de investigaci\u00f3n, el estudio publicado en la revista \u2018Journal of Neuroinflammation\u2019, estuvo liderado por la investigadora del IIBB-CSIC y del \u00e1rea Ciber de Salud Mental (Cibersam), Analia Bortolozzi. La investigaci\u00f3n confirm\u00f3 que existe un proceso que abarca el eje intestino-cerebro y abre la v\u00eda para facilitar el diagn\u00f3stico temprano del p\u00e1rkinson.<\/p>\n<p>En los \u00faltimos a\u00f1os, los cient\u00edficos relacionaron la acumulaci\u00f3n an\u00f3mala en las neuronas de una prote\u00edna denominada alfa-sinucle\u00edna con el desarrollo de la enfermedad de Parkinson, un proceso que, no s\u00f3lo suceder\u00eda en el cerebro, sino tambi\u00e9n en el sistema nervioso ent\u00e9rico, una red de neuronas encargadas de controlar las funciones del aparato digestivo.<\/p>\n<p>La acumulaci\u00f3n de la alfa-sinucle\u00edna tambi\u00e9n se conect\u00f3 con la depresi\u00f3n, especialmente en las etapas tempranas del p\u00e1rkinson, ya que da\u00f1a las neuronas que producen serotonina, un neurotransmisor clave para el estado de \u00e1nimo.<\/p>\n<p>En este nuevo trabajo, los investigadores identificaron la misma alteraci\u00f3n de tres microRNA (peque\u00f1as mol\u00e9culas reguladoras de la expresi\u00f3n g\u00e9nica) en muestras post-mortem del cerebro de pacientes con p\u00e1rkinson y trastorno depresivo. Ese mismo patr\u00f3n ya se hab\u00eda descrito previamente en pacientes con enfermedades intestinales inflamatorias.<\/p>\n<p>EJE INTESTINO-CEREBRO<\/p>\n<p>Este hallazgo proporciona \u201cevidencia directa de un proceso patol\u00f3gico paralelo que abarca el eje intestino-cerebro y sugiere un bucle inflamatorio bidireccional\u201d, aseguraron los investigadores.<\/p>\n<p>Adem\u00e1s, explicaron, \u201cse sabe que los s\u00edntomas gastrointestinales a menudo preceden a los s\u00edntomas motores en a\u00f1os, si bien no todos los pacientes parecen seguir este patr\u00f3n de propagaci\u00f3n\u201d.<\/p>\n<p>\u201cLa base de nuestro estudio es la elevada correlaci\u00f3n cl\u00ednica ya documentada: m\u00e1s del 80% de los pacientes con p\u00e1rkinson presenta trastornos gastrointestinales, y existe una asociaci\u00f3n bidireccional entre p\u00e1rkinson, depresi\u00f3n y enfermedades inflamatorias intestinales\u201d, apunt\u00f3 Bortolozzi.<\/p>\n<p>\u201cAlgunos estudios sit\u00faan la prevalencia de estos trastornos gastrointestinales en fases tempranas de la enfermedad de P\u00e1rkinson en cifras del 81% e, incluso, del 88,9%\u201d, a\u00f1adi\u00f3.<\/p>\n<p>BIOMARCADOR<\/p>\n<p>Una de las implicaciones futuras m\u00e1s importantes de esta investigaci\u00f3n es el potencial de este patr\u00f3n de microRNA como biomarcador, especialmente en la detecci\u00f3n del p\u00e1rkinson.<\/p>\n<p>Dado que el estudio demuestra que esta alteraci\u00f3n tambi\u00e9n existe en el tejido intestinal del modelo animal, \u201cla idea de analizarlos en biopsias intestinales de pacientes vivos, que son m\u00e1s accesibles que el cerebro, es una extensi\u00f3n l\u00f3gica y muy relevante de este trabajo\u201d, se\u00f1al\u00f3 la investigadora.<\/p>\n<p>\u201cLos microRNA son una opci\u00f3n prometedora como biomarcadores para la detecci\u00f3n del p\u00e1rkinson, ya que son estables en los fluidos corporales y m\u00e1s f\u00e1cilmente accesibles. Asimismo, son los m\u00e1s id\u00f3neos para discriminar con precisi\u00f3n a los pacientes con p\u00e1rkinson de los controles sanos, con el objetivo de lograr un diagn\u00f3stico temprano y permitir una intervenci\u00f3n precoz\u201d, resalt\u00f3 Bortolozzi.<\/p>\n","protected":false},"excerpt":{"rendered":"Cient\u00edficos del Instituto de Investigaciones Biom\u00e9dicas de Barcelona del Consejo Superior de Investigaciones Cient\u00edficas (IIBB-CSIC) han descubierto un&hellip;\n","protected":false},"author":2,"featured_media":276062,"comment_status":"","ping_status":"","sticky":false,"template":"","format":"standard","meta":{"footnotes":""},"categories":[92],"tags":[2670,10475,13137,25,24,165,25480,3351,166,492,23],"class_list":{"0":"post-276061","1":"post","2":"type-post","3":"status-publish","4":"format-standard","5":"has-post-thumbnail","7":"category-salud","8":"tag-cerebro","9":"tag-csic","10":"tag-deteccion-precoz","11":"tag-es","12":"tag-espana","13":"tag-health","14":"tag-intestino","15":"tag-parkinson","16":"tag-salud","17":"tag-sociedad","18":"tag-spain"},"share_on_mastodon":{"url":"https:\/\/pubeurope.com\/@es\/115678850930286652","error":""},"_links":{"self":[{"href":"https:\/\/www.europesays.com\/es\/wp-json\/wp\/v2\/posts\/276061","targetHints":{"allow":["GET"]}}],"collection":[{"href":"https:\/\/www.europesays.com\/es\/wp-json\/wp\/v2\/posts"}],"about":[{"href":"https:\/\/www.europesays.com\/es\/wp-json\/wp\/v2\/types\/post"}],"author":[{"embeddable":true,"href":"https:\/\/www.europesays.com\/es\/wp-json\/wp\/v2\/users\/2"}],"replies":[{"embeddable":true,"href":"https:\/\/www.europesays.com\/es\/wp-json\/wp\/v2\/comments?post=276061"}],"version-history":[{"count":0,"href":"https:\/\/www.europesays.com\/es\/wp-json\/wp\/v2\/posts\/276061\/revisions"}],"wp:featuredmedia":[{"embeddable":true,"href":"https:\/\/www.europesays.com\/es\/wp-json\/wp\/v2\/media\/276062"}],"wp:attachment":[{"href":"https:\/\/www.europesays.com\/es\/wp-json\/wp\/v2\/media?parent=276061"}],"wp:term":[{"taxonomy":"category","embeddable":true,"href":"https:\/\/www.europesays.com\/es\/wp-json\/wp\/v2\/categories?post=276061"},{"taxonomy":"post_tag","embeddable":true,"href":"https:\/\/www.europesays.com\/es\/wp-json\/wp\/v2\/tags?post=276061"}],"curies":[{"name":"wp","href":"https:\/\/api.w.org\/{rel}","templated":true}]}}