{"id":276078,"date":"2025-12-07T15:07:09","date_gmt":"2025-12-07T15:07:09","guid":{"rendered":"https:\/\/www.europesays.com\/es\/276078\/"},"modified":"2025-12-07T15:07:09","modified_gmt":"2025-12-07T15:07:09","slug":"cortocircuito-en-el-clito-dice-el-nuevo-hit-en-espana-bad-gyal-fuera-del-top-40","status":"publish","type":"post","link":"https:\/\/www.europesays.com\/es\/276078\/","title":{"rendered":"\u00abCortocircuito en el clito\u00bb dice el nuevo hit en Espa\u00f1a; Bad Gyal, fuera del top 40"},"content":{"rendered":"<p>Rosal\u00eda contin\u00faa dominando la lista de singles en Espa\u00f1a -adem\u00e1s de por supuesto la de \u00e1lbumes-. \u2018<a href=\"https:\/\/jenesaispop.com\/2025\/11\/07\/510902\/rosalia-perla-critica\/\" rel=\"nofollow noopener\" target=\"_blank\">La perla<\/a>\u2018 contin\u00faa en el n\u00famero 1 de canciones en Espa\u00f1a, por tercera semana consecutiva y certificada como disco de oro. Eso s\u00ed, \u2018Reliquia\u2019 baja al puesto 4 cediendo ya ante Bizarrap y Aitana; \u2018Berghain\u2019 baja al puesto 7; y \u2018Sexo, violencia y llantas\u2019, al 9. Las 15 canciones de \u2018<a href=\"https:\/\/jenesaispop.com\/2025\/11\/07\/510936\/rosalia-lux-critica\/\" rel=\"nofollow noopener\" target=\"_blank\">LUX<\/a>\u2018 subidas a plataformas contin\u00faan en el top 50.<\/p>\n<p>La entrada m\u00e1s fuerte de la semana es la de Juseph y Quevedo, que ha llegado directa al puesto 5. Adem\u00e1s, sabemos que \u2018Chuos\u2019 va a ser un hit por su comportamiento en los \u00faltimos d\u00edas en Spotify, donde est\u00e1 asentada en ese top 5. Juseph es un cantante nacido en Colombia, pero criado entre Rota y Canarias, que en los \u00faltimos a\u00f1os se ha hecho un nombre colaborando con gente como Cruz Cafun\u00e9 o el mismo Quevedo, que podemos considerar paisano, de manera reiterada. En \u2018Chuos\u2019 habla de un \u00abcortocircuito en ese clito\u00bb, entre otras barras sexuales.<\/p>\n<p>Bad Gyal queda esta vez fuera del top 40 con \u2018<a href=\"https:\/\/jenesaispop.com\/2025\/11\/29\/512230\/bad-gyal-fuma-critica\/\" rel=\"nofollow noopener\" target=\"_blank\">Fuma<\/a>\u2018, que solo llega al puesto 42. Casi no llega a superar los datos de esta semana de \u2018Da Me\u2019, que sigue en el n\u00famero 49 tras haber sido top 7 hace 25 semanas, medio a\u00f1o.<\/p>\n<p>Quien s\u00ed se asoma por el top 40 es Fernandocosta, que llega al n\u00famero 39 con \u2018<a href=\"https:\/\/jenesaispop.com\/2025\/11\/24\/511942\/fernandocosta-ayax-te-avise\/\" rel=\"nofollow noopener\" target=\"_blank\">Te avis\u00e9<\/a>\u2018, su diss track hacia Ayax y Prok. Adem\u00e1s, su canci\u00f3n con Grecas, \u2018Grecofernanda\u2019, es la subida m\u00e1s fuerte, del n\u00famero 84 al n\u00famero 64.<\/p>\n<p>Las entradas se completan con \u2018Latin Girl\u2019 de Claudia Arenas (54), \u2018Tora\u2019 de RVFV (59) y \u2018Las guapas\u2019 de Alejandro Sanz (61).<\/p>\n","protected":false},"excerpt":{"rendered":"Rosal\u00eda contin\u00faa dominando la lista de singles en Espa\u00f1a -adem\u00e1s de por supuesto la de \u00e1lbumes-. \u2018La perla\u2018&hellip;\n","protected":false},"author":2,"featured_media":276079,"comment_status":"","ping_status":"","sticky":false,"template":"","format":"standard","meta":{"footnotes":""},"categories":[174],"tags":[255,146,147,25,24,256,67293,14138,23],"class_list":{"0":"post-276078","1":"post","2":"type-post","3":"status-publish","4":"format-standard","5":"has-post-thumbnail","7":"category-famosos","8":"tag-celebrities","9":"tag-entertainment","10":"tag-entretenimiento","11":"tag-es","12":"tag-espana","13":"tag-famosos","14":"tag-juseph","15":"tag-quevedo","16":"tag-spain"},"share_on_mastodon":{"url":"https:\/\/pubeurope.com\/@es\/115678913904130101","error":""},"_links":{"self":[{"href":"https:\/\/www.europesays.com\/es\/wp-json\/wp\/v2\/posts\/276078","targetHints":{"allow":["GET"]}}],"collection":[{"href":"https:\/\/www.europesays.com\/es\/wp-json\/wp\/v2\/posts"}],"about":[{"href":"https:\/\/www.europesays.com\/es\/wp-json\/wp\/v2\/types\/post"}],"author":[{"embeddable":true,"href":"https:\/\/www.europesays.com\/es\/wp-json\/wp\/v2\/users\/2"}],"replies":[{"embeddable":true,"href":"https:\/\/www.europesays.com\/es\/wp-json\/wp\/v2\/comments?post=276078"}],"version-history":[{"count":0,"href":"https:\/\/www.europesays.com\/es\/wp-json\/wp\/v2\/posts\/276078\/revisions"}],"wp:featuredmedia":[{"embeddable":true,"href":"https:\/\/www.europesays.com\/es\/wp-json\/wp\/v2\/media\/276079"}],"wp:attachment":[{"href":"https:\/\/www.europesays.com\/es\/wp-json\/wp\/v2\/media?parent=276078"}],"wp:term":[{"taxonomy":"category","embeddable":true,"href":"https:\/\/www.europesays.com\/es\/wp-json\/wp\/v2\/categories?post=276078"},{"taxonomy":"post_tag","embeddable":true,"href":"https:\/\/www.europesays.com\/es\/wp-json\/wp\/v2\/tags?post=276078"}],"curies":[{"name":"wp","href":"https:\/\/api.w.org\/{rel}","templated":true}]}}