{"id":276082,"date":"2025-12-07T15:10:11","date_gmt":"2025-12-07T15:10:11","guid":{"rendered":"https:\/\/www.europesays.com\/es\/276082\/"},"modified":"2025-12-07T15:10:11","modified_gmt":"2025-12-07T15:10:11","slug":"revivir-una-relacion-muy-querida-de-la-epoca-de-aqui-no-hay-quien-viva","status":"publish","type":"post","link":"https:\/\/www.europesays.com\/es\/276082\/","title":{"rendered":"revivir una relaci\u00f3n muy querida de la \u00e9poca de &#8216;Aqu\u00ed no hay quien viva&#8217;"},"content":{"rendered":"<p data-gtm-element-container=\"modulo-texto-link\" class=\"paragraph\">La nostalgia es un sentimiento que las empresas son expertas en explotar. El manido t\u00f3pico de &#8216;cualquier tiempo pasado fue mejor&#8217; se puede aplicar pr\u00e1cticamente a todos los \u00e1mbitos de la vida. Pero si hay uno en concreto donde se lleva hasta la extenuaci\u00f3n es en el \u00e1mbito audiovisual. Hay ciertas sagas de pel\u00edculas o series que hacen muchos cameos con referencias, intentando despertar esa nostalgia entre sus seguidores. Eso es algo que &#8216;<a href=\"https:\/\/www.lavanguardia.com\/series\/20251117\/11273844\/evolucion-amador-rivas-traves-temporadas-avecina-padre-marido-funcional-prototipo-perfecto-ganan-pueblo-epm.html\" rel=\"nofollow noopener\" target=\"_blank\">La que se avecina<\/a>&#8216; ha hecho desde casi sus inicios. Pero en la \u00faltima temporada los hermanos Caballero parece que est\u00e1n dispuestos a ir un paso m\u00e1s all\u00e1 gracias al regreso de un actor muy querido en &#8216;Aqu\u00ed no hay quien viva&#8217;.<\/p>\n<p data-gtm-element-container=\"modulo-texto-link\" class=\"paragraph\">Adri\u00e1 Collado (Barcelona, 1953) fue uno de los int\u00e9rpretes que hizo la transici\u00f3n desde la serie de <a href=\"https:\/\/www.lavanguardia.com\/television\/programacion-tv\/antena-3\" target=\"_blank\" rel=\"noopener noreferrer nofollow\">Antena 3<\/a> hasta la de Telecinco. Aunque su papel dio un giro de 180 grados. Si en &#8216;ANHQV&#8217; hac\u00eda de Fernando, un homosexual al que le costaba salir del armario al principio, en &#8216;LQSA&#8217; hac\u00eda de Sergio Arias, un actor de telenovela y que es un mujeriego empedernido. Durante los primeros cap\u00edtulos se pudo ver a un gran desfile de mujeres pasar por su casa, con falsas promesas de un futuro juntos.<\/p>\n<p>    Lee tambi\u00e9n<\/p>\n<p data-gtm-element-container=\"modulo-texto-link\" class=\"paragraph\">Su estancia dur\u00f3 poco. A finales de la temporada 2 se march\u00f3 de la serie para dejar paso a la psic\u00f3loga Judith Becker (Cristina Casta\u00f1o). Pero volvi\u00f3 en <a href=\"https:\/\/www.lavanguardia.com\/television\/programacion-tv\/lasexta\" target=\"_blank\" rel=\"noopener noreferrer nofollow\">la sexta<\/a> como alguien en decadencia y buscando desesperadamente recuperar el lustre que tuvo al principio. Tras marcharse con Raquel a M\u00e9xico, ya no volvi\u00f3 al programa hasta la \u00faltima temporada, que se est\u00e1 emitiendo en Amazon Prime Video. Ah\u00ed coincide con Luis Merlo, con el que hac\u00eda pareja en &#8216;Aqu\u00ed no hay quien viva&#8217;. Una circunstancia que la serie apunta que va a aprovechar de nuevo.<\/p>\n<p data-gtm-element-container=\"modulo-texto-link\" class=\"paragraph\">En esta temporada n\u00famero 16 Sergio escribe el guion de una pel\u00edcula. Lola (Macarena Garc\u00eda) se ofrece para aparecer en ella. No obstante, no tienen dinero para producirla. Es entonces cuando aparece la figura de Bruno Quiroga (el personaje de Merlo). Lola intenta seducirle pero este la rechaza. Ah\u00ed es cuando se puede intuir por d\u00f3nde ir\u00e1n los tiros, ya que la cosa cambia y ser\u00e1 Sergio quien intente seducir a Bruno.<\/p>\n<p>                <img loading=\"lazy\" decoding=\"async\" data-full-src=\"https:\/\/www.lavanguardia.com\/uploads\/2025\/01\/28\/67989bb883540.jpeg\" alt=\"Luis Merlo y Adri\u00e1 Collado se reencontraron en 'La que se avecina'.\" width=\"449\" height=\"338\" src=\"https:\/\/www.europesays.com\/es\/wp-content\/uploads\/2025\/12\/67989bb883540.r_d.537-432.jpeg\" class=\"lazy\"\/><\/p>\n<p class=\"caption-title \">Luis Merlo y Adri\u00e1 Collado se reencontraron en &#8216;La que se avecina&#8217;.<\/p>\n<p>                    instagram.com\/adria_collado<\/p>\n<p data-gtm-element-container=\"modulo-texto-link\" class=\"paragraph\">\u201cBruno, yo no soy gay\u201d le dice Sergio, a lo que Bruno responde \u201cyo tampoco, pero&#8230;\u201d. Este tipo de referencias a la otra serie de Laura y Alberto Caballero han sido comunes durante todo &#8216;La que se avecina&#8217;. Eran a\u00fan m\u00e1s evidentes con la presencia de Jos\u00e9 Luis Gil, Fernando Tejero y Eduardo Garc\u00eda. Tejero, al cruzarse con alguno de los otros dos int\u00e9rpretes, alguna vez dec\u00eda: \u201cYo a este hombre lo he visto antes en alguna parte\u201d. Jos\u00e9 Luis Gil directamente menciona al edificio antiguo en un cap\u00edtulo de la temporada 2: \u201cMe voy a mudar, he visto un pisito en la calle Desenga\u00f1o 21&#8230;\u201d.<\/p>\n<p>Un papel que le cambi\u00f3 la vida a su int\u00e9rprete<\/p>\n<p data-gtm-element-container=\"modulo-texto-link\" class=\"paragraph\">Luis Merlo siempre ha hablado maravillas de su papel en &#8216;Aqu\u00ed no hay quien viva&#8217;, recalcando el hecho de que fuera algo bastante diferente a lo que estaban acostumbrados en televisi\u00f3n respecto a los homosexuales:\u00a0\u00bbMauri es un personaje que me ha aportado much\u00edsimas cosas a mi vida y puede que en la vida de la gente de un colectivo que est\u00e1bamos muy arrinconados. A nivel de visibilidad, desde la naturalidad de ese personaje, desde la forma que ten\u00eda de vivir  su homosexualidad sin ning\u00fan tipo de alarde, con naturalidad. Era un hombre homosexual que estaba enamorado de su pareja\u00bb.<\/p>\n<p data-gtm-element-container=\"modulo-texto-link\" class=\"paragraph\">La relaci\u00f3n que tuvieron Mauri y Fernando en &#8216;Aqu\u00ed no hay quien viva&#8217; se dio en un contexto de reclamaci\u00f3n de derechos LGTBI. En plena emisi\u00f3n de la serie se aprob\u00f3 el matrimonio homosexual, algo que el programa aprovech\u00f3. Tambi\u00e9n el hecho que, seg\u00fan un estudio del Pew Research Center en 2013, el 88% de la poblaci\u00f3n espa\u00f1ola consideraba que la homosexualidad \u201cdeber\u00eda ser aceptada por la sociedad\u201d. Adem\u00e1s, un estudio de la Universidad de Zaragoza titulado &#8216;<a href=\"https:\/\/zaguan.unizar.es\/record\/97761\/files\/TAZ-TFG-2020-4646.pdf\" target=\"_blank\" rel=\"nofollow noreferrer noopener\">La homosexualidad en las series de ficci\u00f3n espa\u00f1olas: el caso de &#8216;Aqu\u00ed no hay quien viva<\/a>&#8216; publicado en 2020 considera que esta serie \u201cse esfuerza en mostrar las diferentes realidades de las personas homosexuales, desligando los estereotipos de la identidad sexual\u201d.<\/p>\n<p><script async src=\"\/\/www.instagram.com\/embed.js\"><\/script><\/p>\n","protected":false},"excerpt":{"rendered":"La nostalgia es un sentimiento que las empresas son expertas en explotar. El manido t\u00f3pico de &#8216;cualquier tiempo&hellip;\n","protected":false},"author":2,"featured_media":276083,"comment_status":"","ping_status":"","sticky":false,"template":"","format":"standard","meta":{"footnotes":""},"categories":[171],"tags":[146,147,25,24,23,214],"class_list":{"0":"post-276082","1":"post","2":"type-post","3":"status-publish","4":"format-standard","5":"has-post-thumbnail","7":"category-tv","8":"tag-entertainment","9":"tag-entretenimiento","10":"tag-es","11":"tag-espana","12":"tag-spain","13":"tag-tv"},"share_on_mastodon":{"url":"https:\/\/pubeurope.com\/@es\/115678925880625506","error":""},"_links":{"self":[{"href":"https:\/\/www.europesays.com\/es\/wp-json\/wp\/v2\/posts\/276082","targetHints":{"allow":["GET"]}}],"collection":[{"href":"https:\/\/www.europesays.com\/es\/wp-json\/wp\/v2\/posts"}],"about":[{"href":"https:\/\/www.europesays.com\/es\/wp-json\/wp\/v2\/types\/post"}],"author":[{"embeddable":true,"href":"https:\/\/www.europesays.com\/es\/wp-json\/wp\/v2\/users\/2"}],"replies":[{"embeddable":true,"href":"https:\/\/www.europesays.com\/es\/wp-json\/wp\/v2\/comments?post=276082"}],"version-history":[{"count":0,"href":"https:\/\/www.europesays.com\/es\/wp-json\/wp\/v2\/posts\/276082\/revisions"}],"wp:featuredmedia":[{"embeddable":true,"href":"https:\/\/www.europesays.com\/es\/wp-json\/wp\/v2\/media\/276083"}],"wp:attachment":[{"href":"https:\/\/www.europesays.com\/es\/wp-json\/wp\/v2\/media?parent=276082"}],"wp:term":[{"taxonomy":"category","embeddable":true,"href":"https:\/\/www.europesays.com\/es\/wp-json\/wp\/v2\/categories?post=276082"},{"taxonomy":"post_tag","embeddable":true,"href":"https:\/\/www.europesays.com\/es\/wp-json\/wp\/v2\/tags?post=276082"}],"curies":[{"name":"wp","href":"https:\/\/api.w.org\/{rel}","templated":true}]}}