{"id":276098,"date":"2025-12-07T15:20:10","date_gmt":"2025-12-07T15:20:10","guid":{"rendered":"https:\/\/www.europesays.com\/es\/276098\/"},"modified":"2025-12-07T15:20:10","modified_gmt":"2025-12-07T15:20:10","slug":"acusan-al-comunismo-y-al-socialismo","status":"publish","type":"post","link":"https:\/\/www.europesays.com\/es\/276098\/","title":{"rendered":"Acusan al comunismo y al socialismo"},"content":{"rendered":"\n<p> En pleno D\u00eda de la Constituci\u00f3n, <strong><a href=\"https:\/\/www.elconfidencial.com\/television\/programas-tv\/2025-11-09\/afra-blanco-clase-media-la-sexta-denuncia-sistema-trampa_4244400\/\" target=\"_self\" rel=\"nofollow noopener\">La Sexta Xplica<\/a> no falt\u00f3 a su cita habitual de los s\u00e1bados.<\/strong> Una noche en la que los &#8216;fachavales&#8217; y la ausencia de Vox de los actos oficiales de la jornada marcaron el intenso debate entre invitados y &#8216;xplicadores&#8217; del formato de an\u00e1lisis de <a href=\"https:\/\/www.elconfidencial.com\/television\/programas-tv\/2025-12-05\/mas-vale-tarde-inaki-lopez-eurovision-lasexta_4261022\/\" target=\"_self\" rel=\"nofollow noopener\">La Sexta<\/a>. <\/p>\n<p> Justamente, el auge de la ultraderecha entre los m\u00e1s j\u00f3venes fue uno de los temas a debatir en el programa presentado por Jos\u00e9 Y\u00e9lamo, que cont\u00f3 con la presencia del Vicesecretario de Organizaci\u00f3n de Nuevas Generaciones del PP de Guip\u00fazcoa, <strong>Jon Echevarr\u00eda, que estableci\u00f3 una comparaci\u00f3n entre el comunismo y la dictadura franquista.<\/strong> \u00abFranco nos parece mal porque es un dictador; el comunismo es una ideolog\u00eda igualmente dictatorial y Yolanda D\u00edaz y Sira Rego son del Partido Comunista, \u00bfpor qu\u00e9 nos gobiernan dos ministras partidarias de la dictadura?\u00bb, espet\u00f3 el joven. <\/p>\n<p> Unas declaraciones que no dud\u00f3 en replicar la sindicalista <a href=\"https:\/\/www.elconfidencial.com\/television\/programas-tv\/2025-10-26\/la-sexta-xplica-afra-blanco-rentista-insulto-desangrar_4235538\/\" target=\"_self\" rel=\"nofollow noopener\">Afra Blanco<\/a>. \u00abLa &#8216;peligrosa comunista&#8217;, Yolanda D\u00edaz, hoy ha estado presente en todos los actos de la Constituci\u00f3n. <strong>Quien no ha estado ha sido vuestro socio, Vox,<\/strong> porque no defiende la democracia\u00bb, se\u00f1al\u00f3 la medi\u00e1tica colaboradora, confirmando que no iba a votar a la formaci\u00f3n de Santiago Abascal \u00abporque defiende un modelo de sociedad en el que ni siquiera t\u00fa podr\u00edas criticarlo\u00bb. <\/p>\n<p> \u00abEstamos en un momento en el que, para sorpresa de nadie y como hemos visto a lo largo de la historia de la humanidad, se vuelve a acusar a determinados colectivos de los males de la sociedad\u00bb, continu\u00f3 se\u00f1alando, afirmando que <strong>\u00abhoy se acusa al comunismo y al socialismo;<\/strong> en el pasado, record\u00e9moslo, los nazis culpaban a los jud\u00edos. Llegaron a gobernar a partir de las urnas\u00bb. <\/p>\n<blockquote class=\"twitter-tweet\" data-media-max-width=\"560\">\n<p lang=\"es\" dir=\"ltr\">\u00abNo es culpa de los migrantes que los j\u00f3venes no tengan trabajo, vivienda o salud, es del empresario, del especulador o del pol\u00edtico que se lucra. <br \/>El odio y el miedo de PP Vox se combate con el derecho a la verdad\u00bb<\/p>\n<p>\u2014Afra Blanco (<a href=\"https:\/\/twitter.com\/AfraBlanco?ref_src=twsrc%5Etfw\" rel=\"nofollow noopener\" target=\"_blank\">@AfraBlanco<\/a>)<br \/>BRAVA!! \ud83d\udc4f\ud83c\udffc\ud83d\udc4f\ud83c\udffc<\/p>\n<p>\u25b6\ufe0f<a href=\"https:\/\/twitter.com\/hashtag\/XpliCaTroLaS?src=hash&amp;ref_src=twsrc%5Etfw\" rel=\"nofollow noopener\" target=\"_blank\">#XpliCaTroLaS<\/a> <a href=\"https:\/\/t.co\/8CNFvtKBil\" rel=\"nofollow\">pic.twitter.com\/8CNFvtKBil<\/a><\/p>\n<p>\u2014 \ud835\udde0\ud835\uddee\ud835\uddff\ud835\uddf6\ud835\uddee \ud835\udddf\ud835\uddd4\ud835\ude01\ud835\uddee\ud835\ude01\ud835\ude02\ud835\ude00 \ud83d\udcab (@maria_latatus) <a href=\"https:\/\/twitter.com\/maria_latatus\/status\/1997461064397791474?ref_src=twsrc%5Etfw\" rel=\"nofollow noopener\" target=\"_blank\">December 7, 2025<\/a><\/p><\/blockquote>\n<p> \u00ab\u00bfA qui\u00e9n se acusa hoy? \u00bfA qui\u00e9n acusa vuestro socio Vox de los males de la sociedad? A las personas migrantes y a las mujeres\u00bb, alz\u00f3 la voz Afra Blanco, en La Sexta. \u00abSe dice de los inmigrantes que se llevan las ayudas, que cobran mucho, que quitan el trabajo o que traen criminalidad. Falso, falso y falso. Estamos ante un relato facil\u00f3n, mentiroso y profundamente peligroso. <strong>Y es peligroso hoy, como lo fue en el pasado\u00bb,<\/strong> sentenci\u00f3 la colaboradora de Atresmedia. <\/p>\n<p>              <img decoding=\"async\" class=\"inTextNews__img\" alt=\"Foto: afra-blanco-clase-media-la-sexta-denuncia-sistema-trampa\" src=\"https:\/\/www.europesays.com\/es\/wp-content\/uploads\/2025\/12\/f.elconfidencial.com\/original\/ffb\/41b\/d6e\/ffb41bd6e1a0761ba7c25bc76acc70ef.jpg\"  \/>     <\/p>\n<p>TE PUEDE INTERESAR<\/p>\n<p>      <a class=\"inTextNews__title\" href=\"https:\/\/www.elconfidencial.com\/television\/programas-tv\/2025-11-09\/afra-blanco-clase-media-la-sexta-denuncia-sistema-trampa_4244400\/\" onclick=\"window.ECCO.emit(&#039;amplitude&#039;, { dataEventName: &#039;click_related_article_module&#039;, data: { related_article_url: &#039;https:\/\/www.elconfidencial.com\/television\/programas-tv\/2025-11-09\/afra-blanco-clase-media-la-sexta-denuncia-sistema-trampa_4244400\/&#039;, related_article_author: &#039;Paco Mart\u00edn-V\u00e1zquez Car\u00edas&#039;, related_article_section: &#039;programas-tv&#039; } })\" rel=\"nofollow noopener\" target=\"_blank\"> \u00ab\u00a1Bienvenidos a la trampa!\u00bb: Afra Blanco desmonta a la clase media en La Sexta con una rotunda denuncia al sistema <\/a>   <\/p>\n<p>    P. M-V.   <\/p>\n<p> \u00abEs cierto que los j\u00f3venes lo ten\u00e9is dif\u00edcil, <strong>pero no es culpa de la persona inmigrante que los salarios sean bajos;<\/strong> es culpa del empresario que no reparte la riqueza. No es culpa de la persona migrante que los j\u00f3venes no puedan pagar una vivienda o emanciparse; es culpa de quienes especulan con la vivienda\u00bb, apunt\u00f3 antes de concluir con un dardo a los partidos conservadores: \u00abQue las aulas est\u00e9n masificadas no es culpa de la inmigraci\u00f3n, sino del pol\u00edtico o la pol\u00edtica que decide invertir en toros o en toldos para plazas en lugar de invertir en educaci\u00f3n o en poner \u00e1rboles\u00bb. <\/p>\n<p> En pleno D\u00eda de la Constituci\u00f3n, <strong><a href=\"https:\/\/www.elconfidencial.com\/television\/programas-tv\/2025-11-09\/afra-blanco-clase-media-la-sexta-denuncia-sistema-trampa_4244400\/\" target=\"_self\" rel=\"nofollow noopener\">La Sexta Xplica<\/a> no falt\u00f3 a su cita habitual de los s\u00e1bados.<\/strong> Una noche en la que los &#8216;fachavales&#8217; y la ausencia de Vox de los actos oficiales de la jornada marcaron el intenso debate entre invitados y &#8216;xplicadores&#8217; del formato de an\u00e1lisis de <a href=\"https:\/\/www.elconfidencial.com\/television\/programas-tv\/2025-12-05\/mas-vale-tarde-inaki-lopez-eurovision-lasexta_4261022\/\" target=\"_self\" rel=\"nofollow noopener\">La Sexta<\/a>. <\/p>\n<p>              <script async src=\"https:\/\/platform.twitter.com\/widgets.js\" charset=\"utf-8\"><\/script><\/p>\n","protected":false},"excerpt":{"rendered":"En pleno D\u00eda de la Constituci\u00f3n, La Sexta Xplica no falt\u00f3 a su cita habitual de los s\u00e1bados.&hellip;\n","protected":false},"author":2,"featured_media":276099,"comment_status":"","ping_status":"","sticky":false,"template":"","format":"standard","meta":{"footnotes":""},"categories":[8],"tags":[17,18,25,24,13,14,11,19,20,9,10,15,16,23,12,21,22],"class_list":{"0":"post-276098","1":"post","2":"type-post","3":"status-publish","4":"format-standard","5":"has-post-thumbnail","7":"category-espana","8":"tag-breaking-news","9":"tag-breakingnews","10":"tag-es","11":"tag-espana","12":"tag-featured-news","13":"tag-featurednews","14":"tag-headlines","15":"tag-latest-news","16":"tag-latestnews","17":"tag-news","18":"tag-noticias","19":"tag-noticias-destacadas","20":"tag-noticiasdestacadas","21":"tag-spain","22":"tag-titulares","23":"tag-ultimas-noticias","24":"tag-ultimasnoticias"},"share_on_mastodon":{"url":"","error":""},"_links":{"self":[{"href":"https:\/\/www.europesays.com\/es\/wp-json\/wp\/v2\/posts\/276098","targetHints":{"allow":["GET"]}}],"collection":[{"href":"https:\/\/www.europesays.com\/es\/wp-json\/wp\/v2\/posts"}],"about":[{"href":"https:\/\/www.europesays.com\/es\/wp-json\/wp\/v2\/types\/post"}],"author":[{"embeddable":true,"href":"https:\/\/www.europesays.com\/es\/wp-json\/wp\/v2\/users\/2"}],"replies":[{"embeddable":true,"href":"https:\/\/www.europesays.com\/es\/wp-json\/wp\/v2\/comments?post=276098"}],"version-history":[{"count":0,"href":"https:\/\/www.europesays.com\/es\/wp-json\/wp\/v2\/posts\/276098\/revisions"}],"wp:featuredmedia":[{"embeddable":true,"href":"https:\/\/www.europesays.com\/es\/wp-json\/wp\/v2\/media\/276099"}],"wp:attachment":[{"href":"https:\/\/www.europesays.com\/es\/wp-json\/wp\/v2\/media?parent=276098"}],"wp:term":[{"taxonomy":"category","embeddable":true,"href":"https:\/\/www.europesays.com\/es\/wp-json\/wp\/v2\/categories?post=276098"},{"taxonomy":"post_tag","embeddable":true,"href":"https:\/\/www.europesays.com\/es\/wp-json\/wp\/v2\/tags?post=276098"}],"curies":[{"name":"wp","href":"https:\/\/api.w.org\/{rel}","templated":true}]}}