{"id":276106,"date":"2025-12-07T15:31:13","date_gmt":"2025-12-07T15:31:13","guid":{"rendered":"https:\/\/www.europesays.com\/es\/276106\/"},"modified":"2025-12-07T15:31:13","modified_gmt":"2025-12-07T15:31:13","slug":"de-supervivientes-a-ot-y-la-voz-todos-los-programas-que-ha-presentado","status":"publish","type":"post","link":"https:\/\/www.europesays.com\/es\/276106\/","title":{"rendered":"de &#8216;Supervivientes&#8217; a &#8216;OT&#8217; y &#8216;La Voz&#8217;, todos los programas que ha presentado"},"content":{"rendered":"<p class=\"paragraph\" id=\"paragraph_1\"><strong>Jes\u00fas V\u00e1zquez<\/strong> cierra una de sus etapas profesionales m\u00e1s importantes: <a href=\"https:\/\/www.elespanol.com\/bluper\/20251205\/jesus-vazquez-javier-ambrossi-fichajes-bomba-tve-presentar-benidorm-fest-ines-hernand-lalachus\/1003744044653_0.html?utm_cmp_rs=linksinline\" rel=\"nofollow noopener\" target=\"_blank\"><strong>abandona Mediaset <\/strong>tras 25 a\u00f1os siendo uno de los rostros m\u00e1s importantes de la cadena<\/a>. El gallego ser\u00e1 uno de los presentadores del Benidorm Fest 2026. Una marcha que deja detr\u00e1s una serie de proyectos que lo impulsaron como una de las estrellas de la cadena privada.<\/p>\n<p class=\"paragraph\" id=\"paragraph_2\">El presentador se va por la puerta grande del grupo de comunicaci\u00f3n ubicado en Fuencarral. <a href=\"https:\/\/www.elespanol.com\/bluper\/20251128\/final-bailando-estrellas-ultimo-programa-jesus-vazquez-telecinco-despues-toda-vida\/1003744032394_0.html?utm_cmp_rs=linksinline\" rel=\"nofollow noopener\" target=\"_blank\">El pasado 29 de noviembre, <strong>V\u00e1zquez conduc\u00eda la final de la segunda edici\u00f3n de Bailando con las estrellas en Telecinco<\/strong><\/a>, uno de los \u00e9xitos de la cadena en el prime time en este primer trimestre de la temporada.<\/p>\n<p class=\"paragraph\" id=\"paragraph_3\">Realmente, V\u00e1zquez ya dejaba caer en sus \u00faltimas intervenciones en medios que su futuro en la cadena ten\u00eda los d\u00edas contados. De hecho, en el pasado FesTVal de Vitoria, lleg\u00f3 a deslizar que <strong>su contrato con Mediaset Espa\u00f1a finalizaba en diciembre.<\/strong><\/p>\n<p><img loading=\"lazy\" decoding=\"async\" alt=\"Jes\u00fas V\u00e1zquez en 'Bailando con las estrellas'.\" height=\"180\" src=\"https:\/\/www.europesays.com\/es\/wp-content\/uploads\/2025\/12\/1003743924125_258683701_320x180.jpg\" width=\"320\" data-lazy-status=\"processed\" data-lazy-info=\"remove loading item 1\"\/><\/p>\n<p class=\"paragraph\" id=\"paragraph_4\">\u201c<strong>A partir de enero empezar\u00e9 a pensarme bien lo que quiero<\/strong> y lo que no quiero hacer. De hecho, hay vida ah\u00ed fuera. Despu\u00e9s de este programa soy libre\u201d, declaraba en una entrevista concedida a El Televisero.<\/p>\n<p class=\"paragraph\" id=\"paragraph_5\">Aunque, tras cumplir 60 a\u00f1os el pasado 9 de septiembre, <strong>dijo que pensaba tomarse con m\u00e1s calma sus pr\u00f3ximos proyectos<\/strong>, lo cierto es que Jes\u00fas V\u00e1zquez ha realizado un arriesgado movimiento al saltar a la televisi\u00f3n p\u00fablica.<\/p>\n<p><img decoding=\"async\" alt=\"Jes\u00fas V\u00e1zquez y Risto Mejide en 'Operaci\u00f3n Triunfo'.\" data-imgm=\"true\" height=\"180\" loading=\"lazy\"  src=\"https:\/\/www.europesays.com\/es\/wp-content\/uploads\/2025\/12\/1003744045974_260360111_1024x576.jpg\"  width=\"320\"\/><\/p>\n<p>                                                            Jes\u00fas V\u00e1zquez y Risto Mejide en &#8216;Operaci\u00f3n Triunfo&#8217;.<\/p>\n<p>                    Mediaset<\/p>\n<p class=\"paragraph\" id=\"paragraph_6\">Tras recibir <strong>su propio R\u00e9cord Guinness en La noche de los r\u00e9cords<\/strong> por ser el presentador con m\u00e1s formatos de televisi\u00f3n en lengua hispana, hasta un total de 46, toca ver todos los programas que ha conducido desde su llegada a Mediaset hasta su final con Bailando con las estrellas.<\/p>\n<p class=\"paragraph\" id=\"paragraph_7\">Con Telecinco, <strong>V\u00e1zquez ha tenido dos etapas.<\/strong> La primera fue entre 1990 y 1994 y la segunda entre 2002 y este 2025 que se acerca a su final.<\/p>\n<p class=\"paragraph\" id=\"paragraph_8\">Fueron <strong>La quinta marcha y Hablando se entiende la basca los programas que le catapultaron<\/strong> a la fama a principios de los noventa. Tras pasar por Canal Sur, Antena 3 y Telemadrid, Jes\u00fas fich\u00f3 por Telecinco, donde se convirti\u00f3 en el presentador estrella de la cadena.<\/p>\n<p><img decoding=\"async\" alt=\"DL_u500072_005\" height=\"180\" loading=\"lazy\" width=\"320\" data-lazy-status=\"processed\" id=\"7e63b6fd00\" src=\"https:\/\/www.elespanol.com\/bluper\/20251207\/jesus-vazquez-va-telecinco-anos-supervivientes-ot-voz-programas-presentado\/[\" https:=\"\" data-lazy-info=\"changed src\"\/><\/p>\n<p class=\"paragraph\" id=\"paragraph_9\">Fue en 2002 cuando <strong>V\u00e1zquez regresaba a Mediaset y para vivir su etapa m\u00e1s extensa<\/strong>. El de Ferrol present\u00f3 el concurso musical Popstar: todo por un sue\u00f1o. Una labor que compagin\u00f3 con su programa de entrevista Esta es mi gente en Telemadrid.<\/p>\n<p class=\"paragraph\" id=\"paragraph_10\">Su profesionalidad le hizo ganarse la confianza de Paolo Vasile, quien le comenz\u00f3 a confiar varios proyectos para la cadena ubicada en Fuencarral.<\/p>\n<p class=\"paragraph\" id=\"paragraph_11\"><strong>Se convirti\u00f3 en el presentador omnipresente<\/strong>. Primero comenz\u00f3 con Nadie es perfecto, un talk show similar al que condujo para la FORTA. A pesar de que dur\u00f3 s\u00f3lo tres semanas en la parrilla, fue un ligero traspi\u00e9 en una senda llena de \u00e9xitos.<\/p>\n<p><img decoding=\"async\" alt=\"Jes\u00fas V\u00e1zquez en 'Supervivientes'.\" data-imgm=\"true\" height=\"180\" loading=\"lazy\"  src=\"https:\/\/www.europesays.com\/es\/wp-content\/uploads\/2025\/12\/1003744045975_260360132_1024x576.jpg\"  width=\"320\"\/><\/p>\n<p>                                                            Jes\u00fas V\u00e1zquez en &#8216;Supervivientes&#8217;.<\/p>\n<p>                    Mediaset<\/p>\n<p class=\"paragraph\" id=\"paragraph_12\">En 2003, <strong>present\u00f3 los debates de Gran Hermano, Hotel Glam y Vivo cantando<\/strong>. Un a\u00f1o despu\u00e9s, comenz\u00f3 a conducir GH VIP, presentando dos ediciones, y el emblem\u00e1tico All\u00e1 t\u00fa, formato que heredar\u00e1 pr\u00f3ximamente Juanra Bonet y que present\u00f3 hasta 2008.<\/p>\n<p class=\"paragraph\" id=\"paragraph_13\">En 2005, comenz\u00f3 su etapa como presentador de formatos muy diversos. Ese a\u00f1o, <strong>fue el presentador de Operaci\u00f3n Triunfo tras su desembarco en Telecinco<\/strong> tras ser uno de los buques insignia de La 1. Condujo cuatro temporadas, entre 2005 y 2009, viviendo varios rifirrafes con Risto Mejide en directo.<\/p>\n<p class=\"paragraph\" id=\"paragraph_14\"><strong>En 2006 se convirti\u00f3 en conductor de Supervivientes<\/strong>, reality de aventuras que aterrizaba en Telecinco tras cuatro ediciones en Antena 3 con otros nombres. El coru\u00f1\u00e9s estuvo al frente de las cinco primeras temporadas del reality tras su regreso a Telecinco.<\/p>\n<p><img decoding=\"async\" alt=\"El presentador Jes\u00fas V\u00e1zquez en una imagen de archivo junto a su madre.\" height=\"180\" loading=\"lazy\" width=\"320\" data-lazy-status=\"processed\" id=\"012dc5917f\" src=\"https:\/\/www.elespanol.com\/bluper\/20251207\/jesus-vazquez-va-telecinco-anos-supervivientes-ot-voz-programas-presentado\/[\" https:=\"\" data-lazy-info=\"changed src\"\/><\/p>\n<p class=\"paragraph\" id=\"paragraph_15\">Tras ello, se encarg\u00f3 de formatos muy diferentes dentro de la cadena. El concurso Guerra de sesos, el programa La guillotina o el dating show I Love Escassi. En 2011, tras la absorci\u00f3n de Cuatro por parte de Mediaset, <strong>salt\u00f3 al segundo canal para conducir Pek\u00edn Express<\/strong>.<\/p>\n<p class=\"paragraph\" id=\"paragraph_16\">En Cuatro present\u00f3 el concurso Uno para ganar. <strong>En 2012 le lleg\u00f3 otro \u00e9xito emblem\u00e1tico: La Voz.<\/strong> Jes\u00fas V\u00e1zquez estuvo detr\u00e1s de las cinco primeras temporadas, todas las que emiti\u00f3 Telecinco. S\u00f3lo la marcha del formato a Antena 3 provoc\u00f3 que el gallego dejase el talent show.<\/p>\n<p><img decoding=\"async\" alt=\"Jes\u00fas V\u00e1zquez.\" data-imgm=\"true\" height=\"180\" loading=\"lazy\"  src=\"https:\/\/www.europesays.com\/es\/wp-content\/uploads\/2025\/12\/826177909_239254324_1024x576.jpg\"  width=\"320\"\/><\/p>\n<p class=\"paragraph\" id=\"paragraph_17\">En el tiempo en el que present\u00f3 La Voz, estuvo detr\u00e1s tambi\u00e9n de Mira qui\u00e9n salta, La Voz Kids, Peque\u00f1os gigantes, Lev\u00e1ntate y Me lo dices o me lo cantas. <strong>En 2018, condujo el salto de Factor X a Telecinco<\/strong>.<\/p>\n<p class=\"paragraph\" id=\"paragraph_18\">En 2019, volvi\u00f3 a Cuatro para conducir el dating show Me quedo contigo y la versi\u00f3n con an\u00f3nimos de Bake Off. Tal era su popularidad, que Telecinco lo eligi\u00f3 para <strong>presentar las Campanadas de Fin de A\u00f1o de 2019-2020<\/strong>.<\/p>\n<p><img decoding=\"async\" alt=\"El presentador de televisi\u00f3n, Jes\u00fas V\u00e1zquez, este jueves en el Congreso de los Diputados.\" height=\"180\" loading=\"lazy\" width=\"320\" data-lazy-status=\"processed\" id=\"2c34149064\" src=\"https:\/\/www.elespanol.com\/bluper\/20251207\/jesus-vazquez-va-telecinco-anos-supervivientes-ot-voz-programas-presentado\/[\" https:=\"\" data-lazy-info=\"changed src\"\/><\/p>\n<p class=\"paragraph\" id=\"paragraph_19\">2020 lo estren\u00f3 con Idol Kids y tomando <strong>el relevo de To\u00f1i Moreno en Mujeres y hombres y viceversa.<\/strong> Entre 2021 y 2023, condujo formatos muy distintos, desde Top Star: \u00bfCu\u00e1nto vale tu voz? a las versiones especiales de First Dates, Caf\u00e9 y Crucero.<\/p>\n<p class=\"paragraph\" id=\"paragraph_20\">En 2022, <strong>se hizo cargo de las galas de Nochebuena y Nochevieja<\/strong>. Despu\u00e9s se hizo cargo de The Bachelorette, adem\u00e1s del regreso de All\u00e1 t\u00fa entre 2023 y 2025, tanto en formato para el prime time como en tira diaria.<\/p>\n<p class=\"paragraph\" id=\"paragraph_21\">Entre los \u00faltimos formatos que ha presentado en Telecinco est\u00e1n <strong>Desnudos por la vida, las dos ediciones de Bailando con las estrellas y<\/strong> La noche de los r\u00e9cords.<\/p>\n","protected":false},"excerpt":{"rendered":"Jes\u00fas V\u00e1zquez cierra una de sus etapas profesionales m\u00e1s importantes: abandona Mediaset tras 25 a\u00f1os siendo uno de&hellip;\n","protected":false},"author":2,"featured_media":276107,"comment_status":"","ping_status":"","sticky":false,"template":"","format":"standard","meta":{"footnotes":""},"categories":[174],"tags":[36235,1535,255,146,147,25,24,256,38778,1533,17079,23,692,3156,31033],"class_list":{"0":"post-276106","1":"post","2":"type-post","3":"status-publish","4":"format-standard","5":"has-post-thumbnail","7":"category-famosos","8":"tag-benidorm-fest","9":"tag-bluper","10":"tag-celebrities","11":"tag-entertainment","12":"tag-entretenimiento","13":"tag-es","14":"tag-espana","15":"tag-famosos","16":"tag-jesus-vazquez","17":"tag-rtve-radiotelevision-espanola","18":"tag-soft","19":"tag-spain","20":"tag-telecinco","21":"tag-tve","22":"tag-tve-television-espanola"},"share_on_mastodon":{"url":"https:\/\/pubeurope.com\/@es\/115679008988665796","error":""},"_links":{"self":[{"href":"https:\/\/www.europesays.com\/es\/wp-json\/wp\/v2\/posts\/276106","targetHints":{"allow":["GET"]}}],"collection":[{"href":"https:\/\/www.europesays.com\/es\/wp-json\/wp\/v2\/posts"}],"about":[{"href":"https:\/\/www.europesays.com\/es\/wp-json\/wp\/v2\/types\/post"}],"author":[{"embeddable":true,"href":"https:\/\/www.europesays.com\/es\/wp-json\/wp\/v2\/users\/2"}],"replies":[{"embeddable":true,"href":"https:\/\/www.europesays.com\/es\/wp-json\/wp\/v2\/comments?post=276106"}],"version-history":[{"count":0,"href":"https:\/\/www.europesays.com\/es\/wp-json\/wp\/v2\/posts\/276106\/revisions"}],"wp:featuredmedia":[{"embeddable":true,"href":"https:\/\/www.europesays.com\/es\/wp-json\/wp\/v2\/media\/276107"}],"wp:attachment":[{"href":"https:\/\/www.europesays.com\/es\/wp-json\/wp\/v2\/media?parent=276106"}],"wp:term":[{"taxonomy":"category","embeddable":true,"href":"https:\/\/www.europesays.com\/es\/wp-json\/wp\/v2\/categories?post=276106"},{"taxonomy":"post_tag","embeddable":true,"href":"https:\/\/www.europesays.com\/es\/wp-json\/wp\/v2\/tags?post=276106"}],"curies":[{"name":"wp","href":"https:\/\/api.w.org\/{rel}","templated":true}]}}