{"id":276110,"date":"2025-12-07T15:34:14","date_gmt":"2025-12-07T15:34:14","guid":{"rendered":"https:\/\/www.europesays.com\/es\/276110\/"},"modified":"2025-12-07T15:34:14","modified_gmt":"2025-12-07T15:34:14","slug":"el-beso-que-lo-cambia-todo","status":"publish","type":"post","link":"https:\/\/www.europesays.com\/es\/276110\/","title":{"rendered":"\u00a1El beso que lo cambia todo!"},"content":{"rendered":"<p data-journey-content=\"true\" data-node-id=\"3\" class=\"css-6wxqfj emevuu60\">Esta semana en &#8216;<a href=\"https:\/\/www.diezminutos.es\/suenos-de-libertad\/\" target=\"_blank\" data-vars-ga-outbound-link=\"https:\/\/www.diezminutos.es\/suenos-de-libertad\/\" data-vars-ga-ux-element=\"Hyperlink\" data-vars-ga-call-to-action=\"Sue\u00f1os de libertad\" data-node-id=\"3.1\" class=\"body-link css-177bzfx emevuu60\" rel=\"nofollow noopener\">Sue\u00f1os de libertad<\/a>&#8216;, la mansi\u00f3n de los De la Reina, el aire se llena de esperanza. Digna y Dami\u00e1n, tras tantas tormentas, <strong data-node-id=\"3.3\">disfrutan al fin de su reconciliaci\u00f3n<\/strong>. Ella, con voz serena, le recuerda que tienen derecho a caminar libres, ligeros, despojados de las mochilas del pasado. Sus palabras convierten al patriarca en el hombre m\u00e1s feliz del mundo, como si la vida les ofreciera <a href=\"https:\/\/www.diezminutos.es\/telenovela\/espanolas\/a69604093\/suenos-de-libertad-capitulo-451-avance-jueves-4-diciembre-serie-antena-3\/\" target=\"_blank\" data-vars-ga-outbound-link=\"https:\/\/www.diezminutos.es\/telenovela\/espanolas\/a69604093\/suenos-de-libertad-capitulo-451-avance-jueves-4-diciembre-serie-antena-3\/\" data-vars-ga-ux-element=\"Hyperlink\" data-vars-ga-call-to-action=\"una segunda oportunidad\" data-node-id=\"3.5\" class=\"body-link css-177bzfx emevuu60\" rel=\"nofollow noopener\">una segunda oportunidad<\/a> para amar sin cadenas. Mientras tanto, Carmen se acerca cada vez m\u00e1s a David. Entre ellos florece una complicidad que se disfraza de amistad, pero que late con fuerza en cada gesto. <strong data-node-id=\"3.7\">La joven agradece la ternura<\/strong> y los detalles de su amigo, mientras se aleja de Tasio, atrapado en los problemas de su empresa y en la presi\u00f3n de los accionistas franceses. En su obsesi\u00f3n por mantener el negocio a flote, ha olvidado por completo las necesidades de su esposa.<\/p>\n<p><img draggable=\"true\" alt=\"sue\u00f1os de libertad\" title=\"Sue\u00f1os de libertad\" loading=\"lazy\" width=\"3500\" height=\"2333\" decoding=\"async\" data-nimg=\"1\" style=\"color:transparent;width:100%;height:auto;\"   src=\"https:\/\/www.europesays.com\/es\/wp-content\/uploads\/2025\/12\/alta-sdl-t03-e452-14-12-6-25-cmanuelfiestas-2298-692ec8ec9a7a3.jpg\" class=\"css-0 e1g79fud0\"\/><\/p>\n<p>Manuel Fiestas Moreno<\/p>\n<p>Marta conversa con su suegra, Do\u00f1a Clara en &#8216;Sue\u00f1os de libertad&#8217;<\/p>\n<p data-journey-content=\"true\" data-node-id=\"8\" class=\"css-6wxqfj emevuu60\">En otro rinc\u00f3n, Luis confiesa a su madre que Gema est\u00e1 embarazada. No era un hijo buscado, pues la pareja planeaba marcharse al extranjero para huir de los problemas. <strong data-node-id=\"8.1\">Pero Gema ha decidido continuar<\/strong>, aun sabiendo que pone en riesgo su vida. Digna, preocupada, se convierte en su mayor apoyo, comprendiendo la valent\u00eda de su nuera y tratando de que Joaqu\u00edn permanezca a su lado en este proceso lleno de incertidumbre.<\/p>\n<p data-journey-content=\"true\" data-node-id=\"10\" class=\"css-6wxqfj emevuu60\">Pelayo, por su parte, se muestra inquieto. Marta conversa con su suegra, Do\u00f1a Clara, quien percibe la preocupaci\u00f3n de su hijo. Marta calla, aunque sabe que el origen de esa angustia es la visita de C\u00e1rdenas, rival pol\u00edtico que lo amenaza con una denuncia p\u00fablica. <strong data-node-id=\"10.1\">El silencio se convierte en un peso que amenaza con quebrar la calma familiar<\/strong>. La tragedia golpea con fuerza cuando Cristina recibe la llamada de su madre: Beltr\u00e1n se ha suicidado. El dolor la atraviesa como un rayo. Se siente culpable por las discusiones, por haber roto con \u00e9l para seguir su carrera. Viaja a Madrid para acompa\u00f1ar a sus padres en el funeral, mientras confiesa a Claudia que cree que Beltr\u00e1n rob\u00f3 el peligroso tolueno del laboratorio, la sustancia con la que decidi\u00f3 acabar con su vida.<\/p>\n<p>Bego\u00f1a y Gabriel ya son los padres de Julia en &#8216;Sue\u00f1os de libertad&#8217;<img draggable=\"true\" alt=\"gabriel y begona en suenos de libertad\" title=\"Gabriel y Begona en Suenos de libertad\" loading=\"lazy\" width=\"3500\" height=\"2333\" decoding=\"async\" data-nimg=\"1\" style=\"color:transparent;width:100%;height:auto;\"   src=\"https:\/\/www.europesays.com\/es\/wp-content\/uploads\/2025\/12\/alta-sdl-t03-e449-10-30-6-25-cmanuelfiestas-0037-692848e76f665.jpg\" class=\"css-0 e1g79fud0\"\/><\/p>\n<p>Manuel Fiestas Moreno<\/p>\n<p data-journey-content=\"true\" data-node-id=\"16\" class=\"css-6wxqfj emevuu60\">En medio de las sombras, surge tambi\u00e9n la luz de la sinceridad. Tras su primer beso, Cloe y Marta hablan abiertamente de su orientaci\u00f3n. Marta recuerda a Fina, aquella mujer que cambi\u00f3 su manera de ver la vida y la dej\u00f3 rota en pedacitos. Cloe insiste en que el pa\u00eds debe avanzar y permitir que cada persona ame con libertad. La cena en la mansi\u00f3n culmina con un anuncio: <strong data-node-id=\"16.1\">Bego\u00f1a y Gabriel ya son los padres legales de Julia<\/strong>. La noticia llena de ilusi\u00f3n a Dami\u00e1n, pero enciende la furia de Andr\u00e9s, incapaz de aceptar que la ni\u00f1a pueda escapar de su control.<\/p>\n<p><img src=\"https:\/\/www.europesays.com\/es\/wp-content\/uploads\/2025\/12\/1765121654_82_43af9b8f-983e-4e74-8e74-9a7479b0966b_1681831601.file\" alt=\"Headshot of Pilar Mart\u00ednez\" title=\"Headshot of Pilar Mart\u00ednez\" width=\"100%\" height=\"100%\" decoding=\"async\" loading=\"lazy\" class=\"css-o0wq4v ev8dhu53\"\/><\/p>\n<p>Pilar Mart\u00ednez es periodista especializada en contenidos de televisi\u00f3n y cultura, se gradu\u00f3 en la carrera en Periodismo en la Facultad de Ciencias de la Informaci\u00f3n (Universidad Complutense de Madrid) en el a\u00f1o 2018. Desde entonces ha pasado por las redacciones de Ecoteuve (El Economista), donde realiz\u00f3 sus primeras pr\u00e1cticas durante el verano del 2016.<\/p>\n<p>Posteriormente, concretamente, en el a\u00f1o 2017 se pas\u00f3 al grupo Hearst Espa\u00f1a, donde comenz\u00f3 su andadura en las revistas de televisi\u00f3n: Supertele, Teleprograma, Telenovela. Ahora colabora con Diez Minutos, en su versi\u00f3n web, donde se encarga de realizar los avances semanales de las ficciones diarias de moda, as\u00ed como entrevistas y art\u00edculos sobre los melodramas o telenovelas que aterrizan en nuestro pa\u00eds y aquellos que est\u00e1n por venir.<\/p>\n<p>Toda una cazadora de exclusivas. A esto, se suma su puesto como redactora jefe de la secci\u00f3n de novela narrativa en la revista Culturamas, medio digital de alto impacto al que lleva unida desde el a\u00f1o 2013. \u00c1vida lectora, cin\u00e9fila y seri\u00e9fila de primer nivel, ha hecho de su vocaci\u00f3n su oficio. \u00a0<\/p>\n","protected":false},"excerpt":{"rendered":"Esta semana en &#8216;Sue\u00f1os de libertad&#8216;, la mansi\u00f3n de los De la Reina, el aire se llena de&hellip;\n","protected":false},"author":2,"featured_media":276111,"comment_status":"","ping_status":"","sticky":false,"template":"","format":"standard","meta":{"footnotes":""},"categories":[171],"tags":[253,146,147,25,24,23,214],"class_list":{"0":"post-276110","1":"post","2":"type-post","3":"status-publish","4":"format-standard","5":"has-post-thumbnail","7":"category-tv","8":"tag-discover","9":"tag-entertainment","10":"tag-entretenimiento","11":"tag-es","12":"tag-espana","13":"tag-spain","14":"tag-tv"},"share_on_mastodon":{"url":"https:\/\/pubeurope.com\/@es\/115679020756621279","error":""},"_links":{"self":[{"href":"https:\/\/www.europesays.com\/es\/wp-json\/wp\/v2\/posts\/276110","targetHints":{"allow":["GET"]}}],"collection":[{"href":"https:\/\/www.europesays.com\/es\/wp-json\/wp\/v2\/posts"}],"about":[{"href":"https:\/\/www.europesays.com\/es\/wp-json\/wp\/v2\/types\/post"}],"author":[{"embeddable":true,"href":"https:\/\/www.europesays.com\/es\/wp-json\/wp\/v2\/users\/2"}],"replies":[{"embeddable":true,"href":"https:\/\/www.europesays.com\/es\/wp-json\/wp\/v2\/comments?post=276110"}],"version-history":[{"count":0,"href":"https:\/\/www.europesays.com\/es\/wp-json\/wp\/v2\/posts\/276110\/revisions"}],"wp:featuredmedia":[{"embeddable":true,"href":"https:\/\/www.europesays.com\/es\/wp-json\/wp\/v2\/media\/276111"}],"wp:attachment":[{"href":"https:\/\/www.europesays.com\/es\/wp-json\/wp\/v2\/media?parent=276110"}],"wp:term":[{"taxonomy":"category","embeddable":true,"href":"https:\/\/www.europesays.com\/es\/wp-json\/wp\/v2\/categories?post=276110"},{"taxonomy":"post_tag","embeddable":true,"href":"https:\/\/www.europesays.com\/es\/wp-json\/wp\/v2\/tags?post=276110"}],"curies":[{"name":"wp","href":"https:\/\/api.w.org\/{rel}","templated":true}]}}