{"id":276112,"date":"2025-12-07T15:36:13","date_gmt":"2025-12-07T15:36:13","guid":{"rendered":"https:\/\/www.europesays.com\/es\/276112\/"},"modified":"2025-12-07T15:36:13","modified_gmt":"2025-12-07T15:36:13","slug":"el-new-yorker-elige-sirat-de-oliver-laxe-mejor-pelicula-del-2025-desgarradora-y-estimulante","status":"publish","type":"post","link":"https:\/\/www.europesays.com\/es\/276112\/","title":{"rendered":"El New Yorker elige\u00a0\u00abSir\u00e2t\u00bb, de Oliver Laxe, mejor pel\u00edcula del 2025:\u00a0\u00abDesgarradora y estimulante\u00bb"},"content":{"rendered":"<p>\t\t\t \t\t \t\t\t\t\t\t\tOliver Laxe, durante una entrevista en Santiago <strong class=\"pd-l\">PACO RODR\u00cdGUEZ  <\/strong><\/p>\n<p>\t\t\t\t\t\tLos cr\u00edticos Justin Chang y Richard Brody la han colocado en primer lugar en el 2025 Review que ha publicado el medio estadounidense, lo que apuntala la posible candidatura al \u00d3scar del filme del director gallego<br \/>\n\t\t\t\t\t\t\t\t\t\t\t\t<strong>07 dic 2025<\/strong> . Actualizado a las 15:23 h.\t\t\t\t\t\t<\/p>\n<p class=\"first-paragraph txt\">Desde su estreno, no ha dejado de recibir reconocimientos y el \u00faltimo ha llegado del New Yorker: sus cr\u00edticos de <a href=\"https:\/\/www.lavozdegalicia.es\/temas\/cine\" rel=\"nofollow noopener\" target=\"_blank\">cine<\/a> han elegido <strong>Sir\u00e2t<\/strong>, de <a class=\"link-txt\" href=\"https:\/\/www.lavozdegalicia.es\/noticia\/cultura\/2025\/05\/17\/oliver-laxe-gallego-enganchado-medio-rural-vuelve-arrasar-festival-cannes\/00031747474466690206170.htm\" rel=\"nofollow noopener\" target=\"_blank\">Oliver Laxe<\/a>, como <strong>mejor pel\u00edcula del a\u00f1o<\/strong>, lo que viene a<a class=\"link-txt\" href=\"https:\/\/www.lavozdegalicia.es\/noticia\/cultura\/2025\/09\/03\/dos-peliculas-gallegas-tres-preseleccionadas-representar-espana-oscar\/00031756889224501661807.htm\" rel=\"nofollow noopener\" target=\"_blank\"> apuntalar su posible candidatura al \u00d3scar del filme del director gallego<\/a>, que ha sido seleccionado por Espa\u00f1a para la carrera por la estatuilla.<\/p>\n<p class=\"txt\">Justin Chang (ganador del Pulitzer de cr\u00edtica del 2024) calificaba la pel\u00edcula de\u00a0\u00abdanza de la muerte desgarradora y estimulante\u00bb en una amplia pieza que publicaba el 14 de noviembre en <strong>The New Yorker<\/strong>, en la que recomendaba ver el largometraje no una, sino dos veces: la primera para vivir \u00abel shock brutal de la experiencia\u00bb y la segunda para encontrar con suelo en su esp\u00edritu \u00aby en la insistencia de que las familias m\u00e1s significativas pueden forjarse en las circunstancias m\u00e1s sombr\u00edas\u00bb.<\/p>\n<p class=\"txt\">\n<p>\t\t\t\t\t\t\t\t\t\t\t\t&#13;<br \/>\n\t\t\t\t\t\t\t\t&#13;<br \/>\n&#13;<br \/>\n&#13;<\/p>\n<p>\t\t\t&#13;<br \/>\n\t&#13;<\/p>\n<p>\t\t\t<a href=\"https:\/\/www.lavozdegalicia.es\/noticia\/cultura\/2025\/11\/30\/rivales-oliver-oscar\/0003_202511G30P50991.htm\" data-analytics=\"link-embed\" rel=\"nofollow noopener\" target=\"_blank\">Los rivales de Oliver Laxe por el Oscar<\/a><\/p>\n<p class=\"a-min-author\">\n<p>\t\t\t\t\t\t\t\t\t\t\tJos\u00e9 Luis Losa<\/p>\n<p>\t&#13;<br \/>\n\t&#13;<br \/>\n&#13;<\/p>\n<p class=\"txt\">Por su parte, Richard Brody rememoraba estos d\u00edas la cr\u00edtica que hizo en el 2011 a Todos v\u00f3s sodes capit\u00e1ns, que el New Yorker calificaba como una de las pel\u00edculas m\u00e1s sutiles sobre el cine y\u00a0\u00absorprendentemente autocr\u00edtica por parte del propio director\u00bb.<\/p>\n<p class=\"txt\">Los cr\u00edticos de cine del New Yorker colocan as\u00ed a Sir\u00e2t por encima de Una batalla tras otra, protagonizada por Leonardo DiCaprio, en un listado compuesto por 25 t\u00edtulos, entre los que se incluye tambi\u00e9n O agente secreto, de Kleber Mendon\u00e7a Filho, un retrato de la vida bajo la dictadura militar de los 70.\u00a0<\/p>\n<p class=\"txt\">Sir\u00e2t\u00a0ha ido cosechando desde su estreno un amplio apoyo por parte de la cr\u00edtica. Adem\u00e1s de ser la apuesta de Espa\u00f1a para los <strong>\u00d3scar<\/strong>, ha sido <a class=\"link-txt\" href=\"https:\/\/www.lavozdegalicia.es\/noticia\/cultura\/2025\/05\/16\/oliver-laxe-estremece-cannes-dolor-piedad-atraviesan-sirat\/0003_202505G16P35991.htm\" rel=\"nofollow noopener\" target=\"_blank\">premio del jurado en el Festival de Cannes<\/a> y ha sido nominada a los European Film Awards en las categor\u00edas de mejor pel\u00edcula, direcci\u00f3n, guion y actor. Sir\u00e2t tambi\u00e9n ha obtenido siete candidaturas a los Premios Feroz.<\/p>\n<p class=\"txt\">El entusiasmo en Estados Unidos es evidente, no solo por la elecci\u00f3n del New Yorker como <strong>mejor pel\u00edcula<\/strong>, sino porque los cr\u00edticos de Hollywood se han fijado tambi\u00e9n el Sir\u00e2t, que est\u00e1 nominada en la categor\u00eda de mejor pel\u00edcula extranjera y mejor sonido en los Critics Choice Awards.<\/p>\n<blockquote class=\"twitter-tweet\">\n<p lang=\"en\" dir=\"ltr\">Congratulations to our Critics Choice BEST FOREIGN LANGUAGE FILM nominees! \u00e2\u00ad\u0090\u00ef\u00b8\u008f\u00e2\u00ad\u0090\u00ef\u00b8\u008f\u00e2\u00ad\u0090\u00ef\u00b8\u008f\u00e2\u00ad\u0090\u00ef\u00b8\u008f<br \/>Find out who takes home the award at the star-studded 31st Annual Critics Choice Awards, LIVE on Sunday, January 4th, 2026 on <a href=\"https:\/\/twitter.com\/eentertainment?ref_src=twsrc%5Etfw\" rel=\"nofollow noopener\" target=\"_blank\">@eentertainment<\/a> and <a href=\"https:\/\/twitter.com\/USANetwork?ref_src=twsrc%5Etfw\" rel=\"nofollow noopener\" target=\"_blank\">@USANetwork<\/a>! \u00e2\u009c\u00a8<a href=\"https:\/\/twitter.com\/hashtag\/CriticsChoice?src=hash&amp;ref_src=twsrc%5Etfw\" rel=\"nofollow noopener\" target=\"_blank\">#CriticsChoice<\/a>\u00e2\u0080\u00a6 <a href=\"https:\/\/t.co\/LLkS6R1pf9\" rel=\"nofollow\">pic.twitter.com\/LLkS6R1pf9<\/a><\/p>\n<p>\u2014 Critics Choice Awards (@CriticsChoice) <a href=\"https:\/\/twitter.com\/CriticsChoice\/status\/1996991318275281003?ref_src=twsrc%5Etfw\" rel=\"nofollow noopener\" target=\"_blank\">December 5, 2025<\/a><\/p><\/blockquote>\n<p class=\"txt\">A eso hay que sumar su candidatura en los\u00a0Independent Spirit Awards, que destacan lo mejor del a\u00f1o en el circuito independiente y las producciones con un presupuesto que no haya superado los 30 millones de d\u00f3lares. La cinta de <strong><a href=\"https:\/\/www.lavozdegalicia.es\/temas\/oliver-laxe\" rel=\"nofollow noopener\" target=\"_blank\">Oliver Laxe<\/a><\/strong> ha sido nominada a mejor pel\u00edcula internacional, categor\u00eda en la que compite con la palestina All that&#8217;s left of you, la brit\u00e1nica On becoming a Guinea fowl, la colombiana Un poeta y la brasile\u00f1a O agente secreto.<\/p>\n<p>&#13;<br \/>\n\tArchivado en:&#13;<br \/>\n\t\t\t\t\t<a href=\"https:\/\/www.lavozdegalicia.es\/temas\/oliver-laxe\/\" target=\"_blank\" class=\"mg-l\" rel=\"nofollow noopener\">Oliver Laxe<\/a>&#13;<br \/>\n\t\t\t\t\t<a href=\"https:\/\/www.lavozdegalicia.es\/temas\/cine\/\" target=\"_blank\" class=\"mg-l\" rel=\"nofollow noopener\">Cine<\/a>&#13;<br \/>\n\t&#13;<\/p>\n<p>\t\t\t\t<script async src=\"https:\/\/platform.twitter.com\/widgets.js\" charset=\"utf-8\"><\/script><\/p>\n","protected":false},"excerpt":{"rendered":"Oliver Laxe, durante una entrevista en Santiago PACO RODR\u00cdGUEZ Los cr\u00edticos Justin Chang y Richard Brody la han&hellip;\n","protected":false},"author":2,"featured_media":276113,"comment_status":"","ping_status":"","sticky":false,"template":"","format":"standard","meta":{"footnotes":""},"categories":[169],"tags":[177,146,147,25,24,176,175,25700,23],"class_list":{"0":"post-276112","1":"post","2":"type-post","3":"status-publish","4":"format-standard","5":"has-post-thumbnail","7":"category-cine","8":"tag-cine","9":"tag-entertainment","10":"tag-entretenimiento","11":"tag-es","12":"tag-espana","13":"tag-film","14":"tag-movies","15":"tag-oliver-laxe","16":"tag-spain"},"share_on_mastodon":{"url":"","error":""},"_links":{"self":[{"href":"https:\/\/www.europesays.com\/es\/wp-json\/wp\/v2\/posts\/276112","targetHints":{"allow":["GET"]}}],"collection":[{"href":"https:\/\/www.europesays.com\/es\/wp-json\/wp\/v2\/posts"}],"about":[{"href":"https:\/\/www.europesays.com\/es\/wp-json\/wp\/v2\/types\/post"}],"author":[{"embeddable":true,"href":"https:\/\/www.europesays.com\/es\/wp-json\/wp\/v2\/users\/2"}],"replies":[{"embeddable":true,"href":"https:\/\/www.europesays.com\/es\/wp-json\/wp\/v2\/comments?post=276112"}],"version-history":[{"count":0,"href":"https:\/\/www.europesays.com\/es\/wp-json\/wp\/v2\/posts\/276112\/revisions"}],"wp:featuredmedia":[{"embeddable":true,"href":"https:\/\/www.europesays.com\/es\/wp-json\/wp\/v2\/media\/276113"}],"wp:attachment":[{"href":"https:\/\/www.europesays.com\/es\/wp-json\/wp\/v2\/media?parent=276112"}],"wp:term":[{"taxonomy":"category","embeddable":true,"href":"https:\/\/www.europesays.com\/es\/wp-json\/wp\/v2\/categories?post=276112"},{"taxonomy":"post_tag","embeddable":true,"href":"https:\/\/www.europesays.com\/es\/wp-json\/wp\/v2\/tags?post=276112"}],"curies":[{"name":"wp","href":"https:\/\/api.w.org\/{rel}","templated":true}]}}