{"id":276130,"date":"2025-12-07T15:50:10","date_gmt":"2025-12-07T15:50:10","guid":{"rendered":"https:\/\/www.europesays.com\/es\/276130\/"},"modified":"2025-12-07T15:50:10","modified_gmt":"2025-12-07T15:50:10","slug":"3a-copa-mundo-cabras-cerdena-vanthourenhout-y-brand","status":"publish","type":"post","link":"https:\/\/www.europesays.com\/es\/276130\/","title":{"rendered":"3\u00aa Copa Mundo Cabras Cerde\u00f1a: Vanthourenhout y Brand"},"content":{"rendered":"<p><a href=\"https:\/\/www.europesays.com\/es\/wp-content\/uploads\/2025\/11\/292473741_440927264698964_5150690911356868724_n.png\" target=\"_blank\" rel=\"noopener\"><img fetchpriority=\"high\" decoding=\"async\" aria-describedby=\"caption-attachment-350888\" class=\"wp-image-350888 size-full lazy\" src=\"data:image\/svg+xml,%3Csvg%20xmlns=\" http:=\"\" data-src=\"https:\/\/www.europesays.com\/es\/wp-content\/uploads\/2025\/11\/292473741_440927264698964_5150690911356868724_n.png\" alt=\"\" width=\"2047\" height=\"1393\" data- data-\/><\/a><\/p>\n<p id=\"caption-attachment-350888\" class=\"wp-caption-text\">Logo oficial \u00a9 UCI CX World Cup<\/p>\n<p><a href=\"https:\/\/www.rtve.es\/play\/videos\/directo\/deportes\/ciclocross-mundial-2025\/\" target=\"_blank\" rel=\"noopener nofollow\"><strong>ENLACE TVE<\/strong><\/a><\/p>\n<p><strong>\u00c9lite hombres<\/strong><\/p>\n<p><a href=\"https:\/\/www.europesays.com\/es\/wp-content\/uploads\/2025\/12\/G7k06s6XoAAxuo2.jpg\" target=\"_blank\" rel=\"noopener\"><img loading=\"lazy\" decoding=\"async\" class=\"aligncenter wp-image-454170 size-full lazy\" src=\"data:image\/svg+xml,%3Csvg%20xmlns=\" http:=\"\" data-src=\"https:\/\/www.europesays.com\/es\/wp-content\/uploads\/2025\/12\/G7k06s6XoAAxuo2.jpg\" alt=\"\" width=\"1920\" height=\"1080\" data- data-\/><\/a><\/p>\n<p style=\"text-align: justify;\"><strong>Michael Vanthourenhout<\/strong> se ha llevado la victoria en una de las mejores carreras de la temporada, sobre el barro, sobreviviendo a todos los obst\u00e1culos y despu\u00e9s de una \u00faltima vuelta de infarto frente a<strong> Joris Nieuwenhuis<\/strong>. Uno y otro se han superado varias veces, se han retado y desafiado y durante muchos minutos el ganador ha estado en duda. Se ha decidido por peque\u00f1os detalles, lejos de exhibiciones o mon\u00f3logos. Ha sido en los \u00faltimos segundos cuando Vanthourenhout ha logrado imponerse al neerland\u00e9s para celebrar un nuevo \u00e9xito y demostrar que es uno de los m\u00e1s grandes del planeta de esta especialidad.<\/p>\n<p style=\"text-align: justify;\">Tambi\u00e9n ha estado en la pelea por la victoria hasta casi el final el tercero en cuesti\u00f3n, el belga <strong>Laurens Sweeck,<\/strong> que ha cruzado la meta a tan solo un segundo del ganador, en el mismo tiempo que Nieuwenhuis. As\u00ed de equilibrada ha sido la carrera, disputada en unas condiciones complicadas y donde la igualdad ha sido la nota predominante a la espera de que este mes de diciembre nos de la oportunidad de c\u00f3mo de cerca o lejos est\u00e1n este tipo de ciclistas del d\u00fao Van der Poel \u2013 Van Aert.\u00a0<\/p>\n<p style=\"text-align: justify;\">No ha habido ning\u00fan ciclista espa\u00f1ol corriendo en esta cita.<\/p>\n<p><strong>CLASIFICACI\u00d3N<\/strong><\/p>\n<tr class=\"rider natbe odd vin\" role=\"row\">\n<td>01<\/td>\n<td>\u00a0Vanthourenhout\u00a0Michael<\/td>\n<td>\u00a0<\/td>\n<td>\u2013<\/td>\n<td align=\"right\">01:03:17<\/td>\n<\/tr>\n<tr class=\"rider natnl even\" role=\"row\">\n<td>02<\/td>\n<td>\u00a0Nieuwenhuis\u00a0Joris<\/td>\n<td>\u00a0<\/td>\n<td>\u2013<\/td>\n<td align=\"right\">+ 01<\/td>\n<\/tr>\n<tr class=\"rider natbe odd\" role=\"row\">\n<td>03<\/td>\n<td>\u00a0Sweeck\u00a0Laurens<\/td>\n<td>\u00a0<\/td>\n<td>\u2013<\/td>\n<td align=\"right\">+ 01<\/td>\n<\/tr>\n<tr class=\"rider natnl even\" role=\"row\">\n<td>04<\/td>\n<td>\u00a0Kamp\u00a0Ryan<\/td>\n<td>\u00a0<\/td>\n<td>\u2013<\/td>\n<td align=\"right\">+ 07<\/td>\n<\/tr>\n<tr class=\"rider natbe odd\" role=\"row\">\n<td>05<\/td>\n<td>\u00a0Vandeputte\u00a0Niels<\/td>\n<td>\u00a0<\/td>\n<td>\u2013<\/td>\n<td align=\"right\">+ 08<\/td>\n<\/tr>\n<tr class=\"rider natbe even\" role=\"row\">\n<td>06<\/td>\n<td>\u00a0Van de Putte\u00a0Victor<\/td>\n<td>\u00a0<\/td>\n<td>\u2013<\/td>\n<td align=\"right\">+ 11<\/td>\n<\/tr>\n<tr class=\"rider natbe odd\" role=\"row\">\n<td>07<\/td>\n<td>\u00a0Vandebosch\u00a0Toon<\/td>\n<td>\u00a0<\/td>\n<td>\u2013<\/td>\n<td align=\"right\">+ 13<\/td>\n<\/tr>\n<tr class=\"rider natit even\" role=\"row\">\n<td>08<\/td>\n<td>\u00a0Agostinacchio\u00a0Filippo<\/td>\n<td>\u00a0<\/td>\n<td>\u2013<\/td>\n<td align=\"right\">+ 23<\/td>\n<\/tr>\n<tr class=\"rider natnl odd\" role=\"row\">\n<td>09<\/td>\n<td>\u00a0Hendrikx\u00a0Mees<\/td>\n<td>\u00a0<\/td>\n<td>\u2013<\/td>\n<td align=\"right\">+ 53<\/td>\n<\/tr>\n<tr class=\"rider natnl even\" role=\"row\">\n<td>10<\/td>\n<td>\u00a0Ronhaar\u00a0Pim<\/td>\n<td>\u00a0<\/td>\n<td>\u2013<\/td>\n<td align=\"right\">+ 59<\/td>\n<\/tr>\n<tr class=\"rider natbe odd\" role=\"row\">\n<td>11<\/td>\n<td>\u00a0Wyseure\u00a0Joran<\/td>\n<td>\u00a0<\/td>\n<td>\u2013<\/td>\n<td align=\"right\">+ 01:13<\/td>\n<\/tr>\n<tr class=\"rider natbe even\" role=\"row\">\n<td>12<\/td>\n<td>\u00a0Meeussen\u00a0Witse<\/td>\n<td>\u00a0<\/td>\n<td>\u2013<\/td>\n<td align=\"right\">+ 01:37<\/td>\n<\/tr>\n<tr class=\"rider natbe odd\" role=\"row\">\n<td>13<\/td>\n<td>\u00a0Janssen\u00a0Wout<\/td>\n<td>\u00a0<\/td>\n<td>\u2013<\/td>\n<td align=\"right\">+ 01:51<\/td>\n<\/tr>\n<tr class=\"rider natit even\" role=\"row\">\n<td>14<\/td>\n<td>\u00a0Ceolin\u00a0Federico<\/td>\n<td>\u00a0<\/td>\n<td>\u2013<\/td>\n<td align=\"right\">+ 01:56<\/td>\n<\/tr>\n<tr class=\"rider natbe odd\" role=\"row\">\n<td>15<\/td>\n<td>\u00a0Vanden Eynde\u00a0Mats<\/td>\n<td>\u00a0<\/td>\n<td>\u2013<\/td>\n<td align=\"right\">+ 02:12<\/td>\n<\/tr>\n<tr class=\"rider natit even\" role=\"row\">\n<td>16<\/td>\n<td>\u00a0Bertolini\u00a0Gioele<\/td>\n<td>\u00a0<\/td>\n<td>\u2013<\/td>\n<td align=\"right\">+ 02:31<\/td>\n<\/tr>\n<tr class=\"rider natbe odd\" role=\"row\">\n<td>17<\/td>\n<td>\u00a0Corsus\u00a0Yordi<\/td>\n<td>\u00a0<\/td>\n<td>\u2013<\/td>\n<td align=\"right\">+ 03:12<\/td>\n<\/tr>\n<tr class=\"rider natnl even\" role=\"row\">\n<td>18<\/td>\n<td>\u00a0Haverdings\u00a0David<\/td>\n<td>\u00a0<\/td>\n<td>\u2013<\/td>\n<td align=\"right\">+ 03:28<\/td>\n<\/tr>\n<tr class=\"rider natit odd\" role=\"row\">\n<td>19<\/td>\n<td>\u00a0Ferri\u00a0Tommaso<\/td>\n<td>\u00a0<\/td>\n<td>\u2013<\/td>\n<td align=\"right\">+ 03:34<\/td>\n<\/tr>\n<tr class=\"rider natfr even\" role=\"row\">\n<td>20<\/td>\n<td>\u00a0Gaillard\u00a0Florian<\/td>\n<td>\u00a0<\/td>\n<td>\u2013<\/td>\n<td align=\"right\">+ 04:01<\/td>\n<\/tr>\n<tr class=\"rider natit odd\" role=\"row\">\n<td>21<\/td>\n<td>\u00a0Scappini\u00a0Samuele<\/td>\n<td>\u00a0<\/td>\n<td>\u2013<\/td>\n<td align=\"right\">+ 04:28<\/td>\n<\/tr>\n<tr class=\"rider natnl even\" role=\"row\">\n<td>22<\/td>\n<td>\u00a0Haverdings\u00a0Floris<\/td>\n<td>\u00a0<\/td>\n<td>\u2013<\/td>\n<td align=\"right\">+ 04:36<\/td>\n<\/tr>\n<tr class=\"rider natfr odd\" role=\"row\">\n<td>23<\/td>\n<td>\u00a0Courcier\u00a0Thomas<\/td>\n<td>\u00a0<\/td>\n<td>\u2013<\/td>\n<td align=\"right\">+ 04:40<\/td>\n<\/tr>\n<tr class=\"rider natit even\" role=\"row\">\n<td>24<\/td>\n<td>\u00a0Folcarelli\u00a0Antonio<\/td>\n<td>\u00a0<\/td>\n<td>\u2013<\/td>\n<td align=\"right\">+ 04:46<\/td>\n<\/tr>\n<tr class=\"rider natit odd\" role=\"row\">\n<td>25<\/td>\n<td>\u00a0De Longhi\u00a0Lorenzo<\/td>\n<td>\u00a0<\/td>\n<td>\u2013<\/td>\n<td align=\"right\">+ 05:19<\/td>\n<\/tr>\n<tr class=\"rider natde even\" role=\"row\">\n<td>26<\/td>\n<td>\u00a0Harter\u00a0Luca<\/td>\n<td>\u00a0<\/td>\n<td>\u2013<\/td>\n<td align=\"right\">\u00a0<\/td>\n<\/tr>\n<tr class=\"rider natus odd\" role=\"row\">\n<td>27<\/td>\n<td>\u00a0King\u00a0Carden<\/td>\n<td>\u00a0<\/td>\n<td>\u2013<\/td>\n<td align=\"right\">\u00a0<\/td>\n<\/tr>\n<tr class=\"rider natit even\" role=\"row\">\n<td>28<\/td>\n<td>\u00a0Zanolini\u00a0Alan<\/td>\n<td>\u00a0<\/td>\n<td>\u2013<\/td>\n<td align=\"right\">\u00a0<\/td>\n<\/tr>\n<tr class=\"rider natus odd\" role=\"row\">\n<td>29<\/td>\n<td>\u00a0Frederick\u00a0Ben<\/td>\n<td>\u00a0<\/td>\n<td>\u2013<\/td>\n<td align=\"right\">\u00a0<\/td>\n<\/tr>\n<tr class=\"rider natit even\" role=\"row\">\n<td>30<\/td>\n<td>\u00a0Cecchi\u00a0Filippo<\/td>\n<td>\u00a0<\/td>\n<td>\u2013<\/td>\n<td align=\"right\">\u00a0<\/td>\n<\/tr>\n<tr class=\"rider natit odd\" role=\"row\">\n<td>31<\/td>\n<td>\u00a0Cao\u00a0Pietro<\/td>\n<td>\u00a0<\/td>\n<td>\u2013<\/td>\n<td align=\"right\">\u00a0<\/td>\n<\/tr>\n<tr class=\"rider natus even\" role=\"row\">\n<td>32<\/td>\n<td>\u00a0Westover\u00a0Finn<\/td>\n<td>\u00a0<\/td>\n<td>\u2013<\/td>\n<td align=\"right\">\u00a0<\/td>\n<\/tr>\n<tr class=\"rider natit odd\" role=\"row\">\n<td>33<\/td>\n<td>\u00a0Valentini\u00a0Matteo<\/td>\n<td>\u00a0<\/td>\n<td>\u2013<\/td>\n<td align=\"right\">\u00a0<\/td>\n<\/tr>\n<tr class=\"rider natus even\" role=\"row\">\n<td>34<\/td>\n<td>\u00a0Junge\u00a0Frederick<\/td>\n<td>\u00a0<\/td>\n<td>\u2013<\/td>\n<td align=\"right\">\u00a0<\/td>\n<\/tr>\n<tr class=\"rider natit odd\" role=\"row\">\n<td>35<\/td>\n<td>\u00a0Bramati\u00a0Marco<\/td>\n<td>\u00a0<\/td>\n<td>\u2013<\/td>\n<\/tr>\n<p><strong>\u00c9lite f\u00e9minas<\/strong><\/p>\n<p style=\"text-align: justify;\"><strong>Lucinda Brand domin\u00f3 de principio a fin en la Copa del Mundo de Cerde\u00f1a<\/strong>, disputada en Terralba, firmando una <strong>victoria en solitario tras 50 minutos de control absoluto<\/strong>. La neerlandesa del Baloise Lions se mostr\u00f3 intratable en las secciones embarradas y logr\u00f3 su quinta victoria consecutiva en la competici\u00f3n. <strong>Aniek van Alphen fue segunda y Shirin van Anrooij cerr\u00f3 el podio<\/strong>, celebrando su primer top-3 en ciclocross desde el 22 de diciembre de 2023.<\/p>\n<p style=\"text-align: justify;\"><strong>El trazado costero y el casco antiguo de Terralba ofrecieron una carrera vistosa<\/strong>. Brand se escap\u00f3 definitivamente tras la<strong> retirada inesperada de Ceylin del Carmen Alvarado<\/strong>, mientras que Van Alphen super\u00f3 a Van Anrooij en la \u00faltima vuelta y la italiana Sara Casasola tuvo que conformarse con un amargo cuarto puesto en casa.<\/p>\n<p><a href=\"https:\/\/www.europesays.com\/es\/wp-content\/uploads\/2025\/12\/CORVOS_00038502-035-e1765112275593-1280x640-1.jpg\" target=\"_blank\" rel=\"noopener\"><img loading=\"lazy\" decoding=\"async\" aria-describedby=\"caption-attachment-454157\" class=\"wp-image-454157 size-full lazy\" src=\"data:image\/svg+xml,%3Csvg%20xmlns=\" http:=\"\" data-src=\"https:\/\/www.europesays.com\/es\/wp-content\/uploads\/2025\/12\/CORVOS_00038502-035-e1765112275593-1280x640-1.jpg\" alt=\"\" width=\"1280\" height=\"640\" data- data-\/><\/a><\/p>\n<p id=\"caption-attachment-454157\" class=\"wp-caption-text\">En Cerde\u00f1a, Lucinda Brand logr\u00f3 su segunda victoria en Copa del Mundo esta temporada<\/p>\n<p><a href=\"https:\/\/firstcycling.com\/race.php?r=24273&amp;y=2025\" rel=\"nofollow noopener\" target=\"_blank\"><strong>CLASIFICACI\u00d3N<\/strong><\/a><\/p>\n<tr class=\"rider natnl odd\" role=\"row\">\n<td>01<\/td>\n<td>\u00a0Brand\u00a0Lucinda<\/td>\n<td>\u00a0<\/td>\n<td>\u2013<\/td>\n<td align=\"right\">47:14<\/td>\n<\/tr>\n<tr class=\"rider natnl even\" role=\"row\">\n<td>02<\/td>\n<td>\u00a0van Alphen\u00a0Aniek<\/td>\n<td>\u00a0<\/td>\n<td>\u2013<\/td>\n<td align=\"right\">+ 20<\/td>\n<\/tr>\n<tr class=\"rider natnl odd\" role=\"row\">\n<td>03<\/td>\n<td>\u00a0van Anrooij\u00a0Shirin<\/td>\n<td>\u00a0<\/td>\n<td>\u2013<\/td>\n<td align=\"right\">+ 33<\/td>\n<\/tr>\n<tr class=\"rider natnl even\" role=\"row\">\n<td>04<\/td>\n<td>\u00a0Bentveld\u00a0Leonie<\/td>\n<td>\u00a0<\/td>\n<td>\u2013<\/td>\n<td align=\"right\">+ 01:02<\/td>\n<\/tr>\n<tr class=\"rider natit odd\" role=\"row\">\n<td>05<\/td>\n<td>\u00a0Casasola\u00a0Sara<\/td>\n<td>\u00a0<\/td>\n<td>\u2013<\/td>\n<td align=\"right\">+ 01:02<\/td>\n<\/tr>\n<tr class=\"rider natnl even\" role=\"row\">\n<td>06<\/td>\n<td>\u00a0Bakker\u00a0Manon<\/td>\n<td>\u00a0<\/td>\n<td>\u2013<\/td>\n<td align=\"right\">+ 01:11<\/td>\n<\/tr>\n<tr class=\"rider natnl odd\" role=\"row\">\n<td>07<\/td>\n<td>\u00a0Betsema\u00a0Denise<\/td>\n<td>\u00a0<\/td>\n<td>\u2013<\/td>\n<td align=\"right\">+ 01:26<\/td>\n<\/tr>\n<tr class=\"rider natit even\" role=\"row\">\n<td>08<\/td>\n<td>\u00a0Gariboldi\u00a0Rebecca<\/td>\n<td>\u00a0<\/td>\n<td>\u2013<\/td>\n<td align=\"right\">+ 01:48<\/td>\n<\/tr>\n<tr class=\"rider natit odd\" role=\"row\">\n<td>09<\/td>\n<td>\u00a0Bramati\u00a0Lucia<\/td>\n<td>\u00a0<\/td>\n<td>\u2013<\/td>\n<td align=\"right\">+ 01:52<\/td>\n<\/tr>\n<tr class=\"rider natnl even\" role=\"row\">\n<td>10<\/td>\n<td>\u00a0Worst\u00a0Annemarie<\/td>\n<td>\u00a0<\/td>\n<td>\u2013<\/td>\n<td align=\"right\">+ 01:58<\/td>\n<\/tr>\n<tr class=\"rider natbe odd\" role=\"row\">\n<td>11<\/td>\n<td>\u00a0Brouwers\u00a0Julie<\/td>\n<td>\u00a0<\/td>\n<td>\u2013<\/td>\n<td align=\"right\">+ 02:25<\/td>\n<\/tr>\n<tr class=\"rider natnl even\" role=\"row\">\n<td>12<\/td>\n<td>\u00a0Molengraaf\u00a0Lauren<\/td>\n<td>\u00a0<\/td>\n<td>\u2013<\/td>\n<td align=\"right\">+ 02:28<\/td>\n<\/tr>\n<tr class=\"rider natit odd\" role=\"row\">\n<td>13<\/td>\n<td>\u00a0Borello\u00a0Carlotta<\/td>\n<td>\u00a0<\/td>\n<td>\u2013<\/td>\n<td align=\"right\">+ 02:38<\/td>\n<\/tr>\n<tr class=\"rider natbe even\" role=\"row\">\n<td>14<\/td>\n<td>\u00a0Verdonschot\u00a0Laura<\/td>\n<td>\u00a0<\/td>\n<td>\u2013<\/td>\n<td align=\"right\">+ 02:57<\/td>\n<\/tr>\n<tr class=\"rider natca odd\" role=\"row\">\n<td>15<\/td>\n<td>\u00a0McGill\u00a0Sidney<\/td>\n<td>\u00a0<\/td>\n<td>\u2013<\/td>\n<td align=\"right\">+ 03:10<\/td>\n<\/tr>\n<tr class=\"rider natit even\" role=\"row\">\n<td>16<\/td>\n<td>\u00a0Pellizotti\u00a0Giorgia<\/td>\n<td>\u00a0<\/td>\n<td>\u2013<\/td>\n<td align=\"right\">+ 03:19<\/td>\n<\/tr>\n<tr class=\"rider natbe odd\" role=\"row\">\n<td>17<\/td>\n<td>\u00a0De Schoesitter\u00a0Shanyl<\/td>\n<td>\u00a0<\/td>\n<td>\u2013<\/td>\n<td align=\"right\">+ 03:47<\/td>\n<\/tr>\n<tr class=\"rider natbe even\" role=\"row\">\n<td>18<\/td>\n<td>\u00a0Vervloet\u00a0Sterre<\/td>\n<td>\u00a0<\/td>\n<td>\u2013<\/td>\n<td align=\"right\">+ 04:04<\/td>\n<\/tr>\n<tr class=\"rider natbe odd\" role=\"row\">\n<td>19<\/td>\n<td>\u00a0Peeters\u00a0Jinse<\/td>\n<td>\u00a0<\/td>\n<td>\u2013<\/td>\n<td align=\"right\">+ 04:11<\/td>\n<\/tr>\n<tr class=\"rider natus even\" role=\"row\">\n<td>20<\/td>\n<td>\u00a0Megale\u00a0Anna<\/td>\n<td>\u00a0<\/td>\n<td>\u2013<\/td>\n<td align=\"right\">+ 04:16<\/td>\n<\/tr>\n<tr class=\"rider natit odd\" role=\"row\">\n<td>21<\/td>\n<td>\u00a0Ferri\u00a0Elisa<\/td>\n<td>\u00a0<\/td>\n<td>\u2013<\/td>\n<td align=\"right\">+ 04:21<\/td>\n<\/tr>\n<tr class=\"rider natit even\" role=\"row\">\n<td>22<\/td>\n<td>\u00a0Azzetti\u00a0Nicole<\/td>\n<td>\u00a0<\/td>\n<td>\u2013<\/td>\n<td align=\"right\">+ 04:46<\/td>\n<\/tr>\n<tr class=\"rider natit odd\" role=\"row\">\n<td>23<\/td>\n<td>\u00a0Bianchi\u00a0Elisa<\/td>\n<td>\u00a0<\/td>\n<td>\u2013<\/td>\n<td align=\"right\">+ 05:37<\/td>\n<\/tr>\n<tr class=\"rider natfr even\" role=\"row\">\n<td>24<\/td>\n<td>\u00a0Hurteloup\u00a0Ad\u00e8le<\/td>\n<td>\u00a0<\/td>\n<td>\u2013<\/td>\n<td align=\"right\">+ 06:09<\/td>\n<\/tr>\n<tr class=\"rider natit odd\" role=\"row\">\n<td>25<\/td>\n<td>\u00a0Tambosco\u00a0Ilaria<\/td>\n<td>\u00a0<\/td>\n<td>\u2013<\/td>\n<td align=\"right\">+ 06:21<\/td>\n<\/tr>\n<tr class=\"rider natit even\" role=\"row\">\n<td>26<\/td>\n<td>\u00a0Peruta\u00a0Sara<\/td>\n<td>\u00a0<\/td>\n<td>\u2013<\/td>\n<td align=\"right\">+ 06:41<\/td>\n<\/tr>\n<tr class=\"rider natit odd\" role=\"row\">\n<td>27<\/td>\n<td>\u00a0Secchi\u00a0Giorgia<\/td>\n<td>\u00a0<\/td>\n<td>\u2013<\/td>\n<td align=\"right\">\u00a0<\/td>\n<\/tr>\n<tr class=\"rider natit even\" role=\"row\">\n<td>28<\/td>\n<td>\u00a0Franceschini\u00a0Emma<\/td>\n<td>\u00a0<\/td>\n<td>\u2013<\/td>\n<td align=\"right\">\u00a0<\/td>\n<\/tr>\n<tr class=\"rider natnl odd\" role=\"row\">\n<td>DNF<\/td>\n<td>\u00a0Alvarado\u00a0Ceylin del Carmen<\/td>\n<td>\u00a0<\/td>\n<td>\u2013<\/td>\n<td align=\"right\">\u00a0<\/td>\n<\/tr>\n<p><a href=\"https:\/\/www.ucicyclocrossworldcup.com\/storage\/programs\/file_participants\/523\/523.pdf?t=1764667995\" target=\"_blank\" rel=\"noopener nofollow\"><strong>PARTICIPANTES<\/strong><\/a><\/p>\n<p><strong>CIRCUITO<\/strong><\/p>\n<p><a href=\"https:\/\/www.europesays.com\/es\/wp-content\/uploads\/2025\/12\/course-uci-world-cup-cyclocross-terralba-sardinia-2025.jpg\" target=\"_blank\" rel=\"noopener\"><img loading=\"lazy\" decoding=\"async\" class=\"aligncenter wp-image-454114 size-full lazy\" src=\"data:image\/svg+xml,%3Csvg%20xmlns=\" http:=\"\" data-src=\"https:\/\/www.europesays.com\/es\/wp-content\/uploads\/2025\/12\/course-uci-world-cup-cyclocross-terralba-sardinia-2025.jpg\" alt=\"\" width=\"1772\" height=\"1772\" data- data-\/><\/a><\/p>\n<p style=\"text-align: justify;\"><strong><a href=\"https:\/\/www.ciclo21.com\/calendario-cx-2025-2026\/\" target=\"_blank\" rel=\"noopener nofollow\">CALENDARIO 2025-2026<\/a><\/strong><\/p>\n<ul>\n<li style=\"text-align: justify;\"><a href=\"https:\/\/www.ciclo21.com\/copa-mundo-cx-tabor-2025-nys-brand\/\" target=\"_blank\" rel=\"noopener nofollow\"><strong>23\/11: Tabor (Rep\u00fablica Checa)*<\/strong><\/a><\/li>\n<li style=\"text-align: justify;\"><a href=\"https:\/\/www.ciclo21.com\/2a-copa-mundo-cx-2025-flamanville-resultados\/\" target=\"_blank\" rel=\"noopener nofollow\"><strong>30\/11: Flamanville (Francia)*<\/strong><\/a><\/li>\n<li style=\"text-align: justify;\"><strong>07\/12: Cabras Cerde\u00f1a (Italia)<\/strong><\/li>\n<li style=\"text-align: justify;\"><strong>14\/12: Namur (B\u00e9lgica)<\/strong><\/li>\n<li style=\"text-align: justify;\"><strong>20\/12: Amberes (B\u00e9lgica)<\/strong><\/li>\n<li style=\"text-align: justify;\"><strong>21\/12: Koksijde (B\u00e9lgica)<\/strong><\/li>\n<li style=\"text-align: justify;\"><strong>26\/12: Gavere (B\u00e9lgica)<\/strong><\/li>\n<li style=\"text-align: justify;\"><strong>28\/12: Dendermonde (B\u00e9lgica)*<\/strong><\/li>\n<li style=\"text-align: justify;\"><strong>04\/01: Zonhoven (B\u00e9lgica)<\/strong><\/li>\n<li style=\"text-align: justify;\"><strong>18\/01: Benidorm (Espa\u00f1a)*<\/strong><\/li>\n<li style=\"text-align: justify;\"><strong>24\/01: Maasmechelen (B\u00e9lgica)<\/strong><\/li>\n<li><strong>25\/01: Hoogerheide (Pa\u00edses Bajos)<\/strong><\/li>\n<\/ul>\n<p style=\"text-align: justify;\">* Las pruebas marcadas con un asterisco incluyen las carreras en las categor\u00edas masculina sub-23, masculino j\u00fanior y femenino j\u00fanior, adem\u00e1s de las carreras en las categor\u00edas masculino \u00e9lite y femenino \u00e9lite.<\/p>\n<p style=\"text-align: justify;\">Las rondas celebradas en <b>Tabor, Flamanville, Cabras Cerde\u00f1a, Amberes y Dendermonde <\/b>han recibido el\u00a0estatus de \u00abevento protegido\u00bb.<\/p>\n","protected":false},"excerpt":{"rendered":"Logo oficial \u00a9 UCI CX World Cup ENLACE TVE \u00c9lite hombres Michael Vanthourenhout se ha llevado la victoria&hellip;\n","protected":false},"author":2,"featured_media":263221,"comment_status":"","ping_status":"","sticky":false,"template":"","format":"standard","meta":{"footnotes":""},"categories":[273],"tags":[313,67303,312,168,25,24,23,167],"class_list":{"0":"post-276130","1":"post","2":"type-post","3":"status-publish","4":"format-standard","5":"has-post-thumbnail","7":"category-ciclismo","8":"tag-ciclismo","9":"tag-copa-mundo-ciclocross","10":"tag-cycling","11":"tag-deportes","12":"tag-es","13":"tag-espana","14":"tag-spain","15":"tag-sports"},"share_on_mastodon":{"url":"https:\/\/pubeurope.com\/@es\/115679082790659952","error":""},"_links":{"self":[{"href":"https:\/\/www.europesays.com\/es\/wp-json\/wp\/v2\/posts\/276130","targetHints":{"allow":["GET"]}}],"collection":[{"href":"https:\/\/www.europesays.com\/es\/wp-json\/wp\/v2\/posts"}],"about":[{"href":"https:\/\/www.europesays.com\/es\/wp-json\/wp\/v2\/types\/post"}],"author":[{"embeddable":true,"href":"https:\/\/www.europesays.com\/es\/wp-json\/wp\/v2\/users\/2"}],"replies":[{"embeddable":true,"href":"https:\/\/www.europesays.com\/es\/wp-json\/wp\/v2\/comments?post=276130"}],"version-history":[{"count":0,"href":"https:\/\/www.europesays.com\/es\/wp-json\/wp\/v2\/posts\/276130\/revisions"}],"wp:featuredmedia":[{"embeddable":true,"href":"https:\/\/www.europesays.com\/es\/wp-json\/wp\/v2\/media\/263221"}],"wp:attachment":[{"href":"https:\/\/www.europesays.com\/es\/wp-json\/wp\/v2\/media?parent=276130"}],"wp:term":[{"taxonomy":"category","embeddable":true,"href":"https:\/\/www.europesays.com\/es\/wp-json\/wp\/v2\/categories?post=276130"},{"taxonomy":"post_tag","embeddable":true,"href":"https:\/\/www.europesays.com\/es\/wp-json\/wp\/v2\/tags?post=276130"}],"curies":[{"name":"wp","href":"https:\/\/api.w.org\/{rel}","templated":true}]}}