{"id":276135,"date":"2025-12-07T15:54:28","date_gmt":"2025-12-07T15:54:28","guid":{"rendered":"https:\/\/www.europesays.com\/es\/276135\/"},"modified":"2025-12-07T15:54:28","modified_gmt":"2025-12-07T15:54:28","slug":"david-beckham-campeon-de-la-mls-gracias-a-messi-mientras-la-ausencia-de-brooklyn-ensombrece-la-fiesta-familiar","status":"publish","type":"post","link":"https:\/\/www.europesays.com\/es\/276135\/","title":{"rendered":"David Beckham, campe\u00f3n de la MLS \u00abgracias\u00bb a Messi, mientras la ausencia de Brooklyn ensombrece la fiesta familiar"},"content":{"rendered":"<p id=\"eWD6wVutkP\" data-wc=\"168\">La noche del s\u00e1bado en Florida se visti\u00f3 de rosa y negro para celebrar un hito hist\u00f3rico: el Inter Miami de David Beckham se alzaba con el t\u00edtulo de la MLS tras vencer 3-1 a los Vancouver Whitecaps. Un triunfo que es la guinda de una traves\u00eda de 12 a\u00f1os para el exfutbolista desde que colg\u00f3 las botas. <strong>Y si hay un nombre que hizo posible este sue\u00f1o, ese es, sin duda, el de Lionel Messi.<\/strong> El \u00e9xito de Beckham como propietario es, en gran medida, un triunfo logrado gracias al genio argentino, quien fue el art\u00edfice de los goles cruciales de la final. \u00a0Lo cierto es que esta victoria no pudo evitar tener un sabor agridulce, pues, como ocurre en la familia Beckham desde hace un tiempo, su felicidad se ve empa\u00f1ada por un detalle que no pasa desapercibido: la ausencia del hijo mayor, Brooklyn, cuya falta se ha vuelto un recordatorio constante de las tensiones y la distancia que parecen haberse instalado en el n\u00facleo familiar. \u00a0<\/p>\n<p> <img src=\"https:\/\/www.europesays.com\/es\/wp-content\/uploads\/2025\/12\/033f7fdeff47-gettyimages-2250417032.jpg\"   width=\"1024\" height=\"682\" loading=\"lazy\" decoding=\"async\" alt=\"David Beckham celebra el hist\u00f3rico t\u00edtulo junto a Lionel Messi\" fetchpriority=\"auto\" class=\"image ho-image\"\/>\u00a9 Getty ImagesDavid Beckham celebra el hist\u00f3rico t\u00edtulo junto a Lionel Messi<\/p>\n<p> <img src=\"https:\/\/www.europesays.com\/es\/wp-content\/uploads\/2025\/12\/2e568fd33370-i-couldnt-be-prouder-of-you-davidyou-had-a-huge-dream-and-through-hard-workper.jpg\"   width=\"768\" height=\"1024\" loading=\"lazy\" decoding=\"async\" alt=\"No pueden estar m\u00e1s orgullosos de la victoria\" fetchpriority=\"auto\" class=\"image ho-image\"\/>\u00a9 victoriabeckhamNo pueden estar m\u00e1s orgullosos de la victoria<\/p>\n<p id=\"evHdRSbKywR\" data-wc=\"114\">La familia Beckham, al completo (o casi), se volc\u00f3 en la celebraci\u00f3n, mostr\u00e1ndose incre\u00edblemente cercana y feliz junto al astro del f\u00fatbol. David, Victoria y sus hijos vivieron el partido en una suite, compartiendo la emoci\u00f3n de la victoria con una calidez que hac\u00eda pensar en una gran amistad con el propio Messi y su c\u00edrculo. Esta imagen de uni\u00f3n familiar y de cercan\u00eda con las grandes estrellas que rodean a David en Miami contrasta, de manera a\u00fan m\u00e1s punzante, con <strong>la ausencia de Brooklyn, a quien no han visto p\u00fablicamente desde hace meses, un silencio que no hace m\u00e1s que alimentar la sensaci\u00f3n de distancia entre el primog\u00e9nito y el resto del clan.\u00a0<\/strong>\u00a0<\/p>\n<p> <img src=\"https:\/\/www.europesays.com\/es\/wp-content\/uploads\/2025\/12\/33edec008ab6-gettyimages-2250391082.jpg\"   width=\"1024\" height=\"682\" loading=\"lazy\" decoding=\"async\" alt=\"Un festejo familiar casi completo\" fetchpriority=\"auto\" class=\"image ho-image\"\/>\u00a9 Getty ImagesUn festejo familiar casi completo<\/p>\n<p> <img src=\"https:\/\/www.europesays.com\/es\/wp-content\/uploads\/2025\/12\/ae5be47191c4-champions-1.jpg\"   width=\"1024\" height=\"749\" loading=\"lazy\" decoding=\"async\" alt=\"Cruz comparti\u00f3 unas divertidas fotos en redes sociales\" fetchpriority=\"auto\" class=\"image ho-image\"\/>\u00a9 cruzbeckhamCruz comparti\u00f3 unas divertidas fotos en redes sociales<\/p>\n<p id=\"ey1m9YoHceg\" data-wc=\"101\">David Beckham, a sus 50 a\u00f1os, no pod\u00eda borrar la sonrisa de su rostro mientras sosten\u00eda el reluciente trofeo. A su lado, su esposa, <strong>Victoria Beckham<\/strong> (51), se mostr\u00f3 orgullosa y radiante, demostrando una vez m\u00e1s ser el pilar de su marido. El festejo fue un aut\u00e9ntico asunto familiar, con los hijos menores del matrimonio, <strong>Romeo<\/strong> (23), <strong>Cruz<\/strong> (20), y la peque\u00f1a <strong>Harper<\/strong> (14), arropando a su padre en el palco. Incluso se sum\u00f3 a la celebraci\u00f3n la novia de Cruz, <strong>Jackie Apostel<\/strong>. Todos ellos posaron con un estilo impecable, demostrando que la elegancia es un rasgo gen\u00e9tico en los Beckham.<\/p>\n<p> <img src=\"https:\/\/www.europesays.com\/es\/wp-content\/uploads\/2025\/12\/8b5f19eb10eb-gettyimages-2250411038.jpg\"   width=\"1024\" height=\"682\" loading=\"lazy\" decoding=\"async\" alt=\"La celebraci\u00f3n contrasta con la falta de Brooklyn Beckham\" fetchpriority=\"auto\" class=\"image ho-image\"\/>\u00a9 Getty ImagesLa celebraci\u00f3n contrasta con la falta de Brooklyn Beckham<\/p>\n<p> <img src=\"https:\/\/www.europesays.com\/es\/wp-content\/uploads\/2025\/12\/782ea522ea3e-zds.jpg\"   width=\"841\" height=\"1024\" loading=\"lazy\" decoding=\"async\" alt=\"Romeo comparti\u00f3 un cari\u00f1oso abrazo con el argentino\" fetchpriority=\"auto\" class=\"image ho-image\"\/>\u00a9 romeobeckhamRomeo comparti\u00f3 un cari\u00f1oso abrazo con el argentino<\/p>\n<p id=\"eSzmFtuZauNR\" data-wc=\"61\">La victoria del s\u00e1bado, que corona la andadura de David como propietario del club, fue un momento de gran emoci\u00f3n. En las gradas, se pudo ver a David y Victoria visiblemente nerviosos antes del pitido inicial, compartiendo luego un emotivo abrazo tras la victoria. La ex Spice Girl miraba a su marido con una ternura infinita mientras este saboreaba el \u00e9xito.<\/p>\n<p> <img src=\"https:\/\/www.europesays.com\/es\/wp-content\/uploads\/2025\/12\/f611b4aa3410-gettyimages-2250411041.jpg\"   width=\"1024\" height=\"682\" loading=\"lazy\" decoding=\"async\" alt=\"Victoria Beckham estuvo radiante y orgullosa\" fetchpriority=\"auto\" class=\"image ho-image\"\/>\u00a9 Getty ImagesVictoria Beckham estuvo radiante y orgullosa<\/p>\n<p> <img src=\"https:\/\/www.europesays.com\/es\/wp-content\/uploads\/2025\/12\/6080734ba486-gettyimages-2249739313.jpg\"   width=\"1024\" height=\"682\" loading=\"lazy\" decoding=\"async\" alt=\"La tensi\u00f3n en el partido mereci\u00f3 la pena\" fetchpriority=\"auto\" class=\"image ho-image\"\/>\u00a9 Getty ImagesLa tensi\u00f3n en el partido mereci\u00f3 la pena<br \/>\nLa sombra de Brooklyn<\/p>\n<p id=\"e61_apIxyipl\" data-wc=\"91\">Mientras su padre celebraba uno de los momentos m\u00e1s importantes de su carrera deportiva como empresario, el primog\u00e9nito, <strong>Brooklyn Beckham<\/strong> (26), volv\u00eda a acaparar titulares por motivos ajenos al triunfo. Una vez m\u00e1s, el joven fue la gran ausencia de la noche. En lugar de sumarse al festejo familiar en Florida, Brooklyn eligi\u00f3 compartir en su cuenta de Instagram su \u00faltima aventura culinaria: un v\u00eddeo donde mostraba a sus seguidores c\u00f3mo preparar una sopa de cebolla a la francesa. Un contraste agridulce que subraya la delicada situaci\u00f3n que atraviesa la familia.<\/p>\n<p> <img src=\"https:\/\/www.europesays.com\/es\/wp-content\/uploads\/2025\/12\/c6d2b3370f31-59042180612224538630603453252615595705881618n.jpg\"   width=\"576\" height=\"1024\" loading=\"lazy\" decoding=\"async\" alt=\"Media Image\" fetchpriority=\"auto\" class=\"image ho-image\"\/>\u00a9 brooklynpeltzbeckham<\/p>\n<p id=\"eiPMVWzusGuv\" data-wc=\"83\">Este no es el primer evento importante en el que Brooklyn, y su esposa <strong>Nicola Peltz<\/strong> (30), han brillado por su ausencia. La pareja tampoco estuvo presente cuando David Beckham recibi\u00f3 su nombramiento como caballero y, en otra ocasi\u00f3n, declin\u00f3 promocionar el reciente documental de Victoria en Netflix. Los rumores de un distanciamiento entre Brooklyn, su esposa y el resto del clan se han hecho persistentes desde la \u00faltima Navidad, momento en el que se les vio a todos juntos por \u00faltima vez.<\/p>\n<p> <img src=\"https:\/\/www.europesays.com\/es\/wp-content\/uploads\/2025\/10\/cfd055912b19-gettyimages-1976115166.jpg\"   width=\"1024\" height=\"776\" loading=\"lazy\" decoding=\"async\" alt=\"Brooklyn Beckham y Nicola Peltz posan con Victoria con Cruz Bexckham durante un estreno\" fetchpriority=\"auto\" class=\"image ho-image\"\/>\u00a9 Getty ImagesBrooklyn Beckham y Nicola Peltz posan con Victoria con Cruz Bexckham durante un estreno<br \/>\nUn conflicto que no cesa y el ruego de la abuela<\/p>\n<p id=\"e5qLbgugMcB8\" data-wc=\"91\">Los detalles sobre la fractura familiar han salido a la luz en los \u00faltimos meses. El drama se hizo a\u00fan m\u00e1s patente en las redes sociales, donde se revel\u00f3 que los hermanos <strong>Cruz y Romeo<\/strong> habr\u00edan dejado de seguir, e incluso bloqueado, a su hermano mayor y a Nicola en Instagram. Esta acci\u00f3n se produjo despu\u00e9s de que Brooklyn compartiera un tributo de cumplea\u00f1os a su hermana Harper que, curiosamente, exclu\u00eda a Cruz y Romeo en la foto. Sin embargo, Brooklyn y Nicola contin\u00faan siguiendo a sus padres, David y Victoria.<\/p>\n<p> <img src=\"https:\/\/www.europesays.com\/es\/wp-content\/uploads\/2025\/12\/529184783574-gettyimages-2043996197.jpg\"   width=\"1080\" height=\"1080\" loading=\"lazy\" decoding=\"async\" alt=\"Brooklyn y Nicola posan con Harper en el front row de uno de los desfiles de la dise\u00f1adora\" fetchpriority=\"auto\" class=\"image ho-image\"\/>\u00a9 Getty ImagesBrooklyn y Nicola posan con Harper en el front row de uno de los desfiles de la dise\u00f1adora<\/p>\n<p id=\"eQHLH3hSc5CA\" data-wc=\"74\">El distanciamiento es especialmente doloroso para las abuelas del joven, Jackie y Sandra. Seg\u00fan fuentes cercanas a la familia: <strong>\u201cDavid y Victoria est\u00e1n haciendo las paces con no tener a Brooklyn cerca, est\u00e1n tristes pero tienen que aceptarlo\u201d<\/strong>. Pero el nudo en la garganta lo tienen las matriarcas: \u201cPero son las abuelas. Adoran a Brooklyn, estaban muy, muy cerca de \u00e9l. \u00c9l las quer\u00eda much\u00edsimo, de hecho las adoraba, pero ahora no le ven.\u201d<\/p>\n<p> <img src=\"https:\/\/www.europesays.com\/es\/wp-content\/uploads\/2025\/12\/fb93d05861c8-gettyimages-1080525730.jpg\"   width=\"869\" height=\"1024\" loading=\"lazy\" decoding=\"async\" alt=\"Brooklyn Beckham, David Beckham y Victoria Beckham en los Fashion Awards 2018 en Londres\" fetchpriority=\"auto\" class=\"image ho-image\"\/>\u00a9 Getty ImagesBrooklyn Beckham, David Beckham y Victoria Beckham en los Fashion Awards 2018 <\/p>\n<p id=\"erFjIwq1QKZx\" data-wc=\"74\">Las mismas fuentes insisten en que Brooklyn estaba muy unido a ellas, especialmente a Jackie, que pas\u00f3 mucho tiempo con \u00e9l cuando era un beb\u00e9, ya que David y Victoria viajaban mucho por trabajo. Ahora, <strong>\u201cNo se est\u00e1n volviendo m\u00e1s j\u00f3venes y la cruda verdad es que nadie sabe cu\u00e1ndo volver\u00e1n a ver a Brooklyn. Es por Jackie y Sandra por quienes todo el mundo siente l\u00e1stima en medio de todo el cisma familiar\u201d<\/strong>.<\/p>\n<p> <img src=\"https:\/\/www.europesays.com\/es\/wp-content\/uploads\/2025\/12\/25dfa371297e-gettyimages-1194136515edited.jpg\"   width=\"1024\" height=\"682\" loading=\"lazy\" decoding=\"async\" alt=\"David Beckham, Brooklyn Beckham, Victoria Beckham  en el desfile de Dior en Par\u00eds, en 2021.\" fetchpriority=\"auto\" class=\"image ho-image\"\/>\u00a9 Dave Benett\/Getty ImagesDavid Beckham, Brooklyn Beckham, Victoria Beckham en el desfile de Dior en Par\u00eds, en 2021<\/p>\n<p id=\"eIsWcOVFTfoS\" data-wc=\"73\">De hecho, hace tan solo unas semanas, la abuela <a class=\"hm-link ho-link\" href=\"https:\/\/www.hola.com\/actualidad\/20251024863496\/victoria-david-beckham-gesto-reconciliacion-hijo-brooklyn-beckham\/\" rel=\"noopener nofollow\" target=\"_blank\" data-mrf-recirculation=\"article-body-link\">Jackie hizo un ruego p\u00fablico para que Brooklyn regresara a casa\u00a0<\/a>en el periodo festivo. Victoria comparti\u00f3 un v\u00eddeo de la decoraci\u00f3n navide\u00f1a de su madre, donde se ve\u00edan calcetines id\u00e9nticos y personalizados para Brooklyn, Romeo, Cruz y Harper colgados sobre la chimenea, junto a los de sus numerosos primos. Un gesto que sus fans interpretaron como un deseo para sanar la brecha familiar.<\/p>\n<p>Messi, \u00edntimo de los Beckham<\/p>\n<p id=\"eMHBpXGwe7\" data-wc=\"147\">M\u00e1s all\u00e1 de la saga familiar, la victoria del Inter Miami tiene un nombre propio: <strong>Lionel Messi<\/strong>. El astro argentino (38) fue la pieza clave que David Beckham fich\u00f3 para llevar al equipo a la cima, un fichaje que ha disparado la popularidad del f\u00fatbol en Estados Unidos. El encuentro final fue una exhibici\u00f3n de su talento. El argentino asisti\u00f3 el gol que decant\u00f3 el partido en el minuto 72, regalando un pase magistral a su compatriota <strong>Rodrigo De Paul<\/strong>. El mediocampista, conocido tambi\u00e9n por ser la pareja de la cantante <strong>Tini Stoessel<\/strong>, sell\u00f3 el tanto que puso al Inter Miami por delante, sumando un toque de romanticismo y m\u00fasica a la celebraci\u00f3n. Y es que Tini, que se encuentra inmersa en su gira Futura, ha estado siguiendo de cerca los partidos de De Paul en Miami, por lo que tampoco se perdi\u00f3 este momento de triunfo.<\/p>\n<p> <img src=\"https:\/\/www.europesays.com\/es\/wp-content\/uploads\/2025\/12\/ca328319097f-gettyimages-2249106548.jpg\"   width=\"1024\" height=\"682\" loading=\"lazy\" decoding=\"async\" alt=\"Tini y Rodrigo De Paul celebrando el Audi 2025 MLS Cup\" fetchpriority=\"auto\" class=\"image ho-image\"\/>\u00a9 Getty ImagesTini y Rodrigo De Paul celebrando el Audi 2025 MLS Cup<\/p>\n<p> <img src=\"https:\/\/www.europesays.com\/es\/wp-content\/uploads\/2025\/12\/55a26d56aa82-gettyimages-2250411773.jpg\"   width=\"1024\" height=\"682\" loading=\"lazy\" decoding=\"async\" alt=\"Un trofeo muy merecido\" fetchpriority=\"auto\" class=\"image ho-image\"\/>\u00a9 Getty ImagesUn trofeo muy merecido<\/p>\n<p id=\"eZjzgPTgg2ob\" data-wc=\"96\">La alegr\u00eda se desbord\u00f3 en el estadio, con un efusivo abrazo entre el propietario y el capit\u00e1n del equipo. David Beckham no dud\u00f3 en deshacerse en elogios hacia el jugador: <strong>\u201cNo est\u00e1 aqu\u00ed solo para disfrutar de vivir en Miami. Ha venido aqu\u00ed para ganar\u201d<\/strong>. Y a\u00f1adi\u00f3: \u201cSu esposa y los ni\u00f1os adoran Miami, pero \u00e9l ha venido aqu\u00ed para ganar, y eso es realmente lo que Leo representa. \u00c9l quiere ganar. Tiene esa dedicaci\u00f3n, la lealtad que muestra a sus compa\u00f1eros, a la ciudad, al club. Leo es un ganador. Es tan simple como eso\u201d.<\/p>\n<p> <img src=\"https:\/\/www.europesays.com\/es\/wp-content\/uploads\/2025\/12\/26ba41c5aafd-gettyimages-2250423683.jpg\"   width=\"720\" height=\"1024\" loading=\"lazy\" decoding=\"async\" alt=\"David Beckham abraza a Messi tras la victoria, mostrando su complicidad\" fetchpriority=\"auto\" class=\"image ho-image\"\/>\u00a9 Getty ImagesDavid Beckham abraza a Messi tras la victoria, mostrando su complicidad<\/p>\n<p> <img src=\"https:\/\/www.europesays.com\/es\/wp-content\/uploads\/2025\/12\/462d3a37d46b-gettyimages-2250417030.jpg\"   width=\"1024\" height=\"682\" loading=\"lazy\" decoding=\"async\" alt=\"Lionel Messi celebra el triunfo junto a los Beckham\" fetchpriority=\"auto\" class=\"image ho-image\"\/>\u00a9 Getty ImagesLionel Messi celebra el triunfo junto a los Beckham<\/p>\n<p id=\"eepE97j-c8KR\" data-wc=\"73\"><a class=\"hm-link ho-link\" href=\"https:\/\/www.hola.com\/actualidad\/20251112867083\/leo-messi-se-cuela-video-viral-cita-romantica\/\" rel=\"noopener nofollow\" target=\"_blank\" data-mrf-recirculation=\"article-body-link\">Messi, por su parte, celebr\u00f3 el triunfo junto a su esposa, Antonella Roccuzzo<\/a>, en un emotivo abrazo en el campo de juego. La final tambi\u00e9n tuvo un sabor a despedida para dos leyendas, pues supuso el \u00faltimo partido como profesionales para los espa\u00f1oles <strong>Sergio Busquets<\/strong> y <strong>Jordi Alba<\/strong>, quienes, junto a Messi, formaron parte de la mejor \u00e9poca del FC Barcelona. Su retiro como campeones pone un broche de oro a carreras legendarias.<\/p>\n<p> <img src=\"https:\/\/www.europesays.com\/es\/wp-content\/uploads\/2025\/12\/8723f3f5d908-gettyimages-2250411847.jpg\"   width=\"1024\" height=\"682\" loading=\"lazy\" decoding=\"async\" alt=\"Lionel Messi y Antonella Roccuzzo celebran el triunfo\" fetchpriority=\"auto\" class=\"image ho-image\"\/>\u00a9 Getty ImagesLionel Messi y Antonella Roccuzzo celebran el triunfo<\/p>\n","protected":false},"excerpt":{"rendered":"La noche del s\u00e1bado en Florida se visti\u00f3 de rosa y negro para celebrar un hito hist\u00f3rico: el&hellip;\n","protected":false},"author":2,"featured_media":276136,"comment_status":"","ping_status":"","sticky":false,"template":"","format":"standard","meta":{"footnotes":""},"categories":[174],"tags":[517,3064,255,3062,146,147,25,24,256,11788,23,3063],"class_list":{"0":"post-276135","1":"post","2":"type-post","3":"status-publish","4":"format-standard","5":"has-post-thumbnail","7":"category-famosos","8":"tag-actualidad","9":"tag-brooklyn-beckham","10":"tag-celebrities","11":"tag-david-beckham","12":"tag-entertainment","13":"tag-entretenimiento","14":"tag-es","15":"tag-espana","16":"tag-famosos","17":"tag-leo-messi","18":"tag-spain","19":"tag-victoria-beckham"},"share_on_mastodon":{"url":"https:\/\/pubeurope.com\/@es\/115679099432060968","error":""},"_links":{"self":[{"href":"https:\/\/www.europesays.com\/es\/wp-json\/wp\/v2\/posts\/276135","targetHints":{"allow":["GET"]}}],"collection":[{"href":"https:\/\/www.europesays.com\/es\/wp-json\/wp\/v2\/posts"}],"about":[{"href":"https:\/\/www.europesays.com\/es\/wp-json\/wp\/v2\/types\/post"}],"author":[{"embeddable":true,"href":"https:\/\/www.europesays.com\/es\/wp-json\/wp\/v2\/users\/2"}],"replies":[{"embeddable":true,"href":"https:\/\/www.europesays.com\/es\/wp-json\/wp\/v2\/comments?post=276135"}],"version-history":[{"count":0,"href":"https:\/\/www.europesays.com\/es\/wp-json\/wp\/v2\/posts\/276135\/revisions"}],"wp:featuredmedia":[{"embeddable":true,"href":"https:\/\/www.europesays.com\/es\/wp-json\/wp\/v2\/media\/276136"}],"wp:attachment":[{"href":"https:\/\/www.europesays.com\/es\/wp-json\/wp\/v2\/media?parent=276135"}],"wp:term":[{"taxonomy":"category","embeddable":true,"href":"https:\/\/www.europesays.com\/es\/wp-json\/wp\/v2\/categories?post=276135"},{"taxonomy":"post_tag","embeddable":true,"href":"https:\/\/www.europesays.com\/es\/wp-json\/wp\/v2\/tags?post=276135"}],"curies":[{"name":"wp","href":"https:\/\/api.w.org\/{rel}","templated":true}]}}