{"id":276213,"date":"2025-12-07T16:50:08","date_gmt":"2025-12-07T16:50:08","guid":{"rendered":"https:\/\/www.europesays.com\/es\/276213\/"},"modified":"2025-12-07T16:50:08","modified_gmt":"2025-12-07T16:50:08","slug":"un-boleto-de-segunda-categoria-del-sorteo-de-la-primitiva-deja-50-188e-en-briviesca","status":"publish","type":"post","link":"https:\/\/www.europesays.com\/es\/276213\/","title":{"rendered":"Un boleto de segunda categor\u00eda del sorteo de la Primitiva deja 50.188\u20ac en Briviesca"},"content":{"rendered":"<p class=\"paragraph\">Uno de los cuatro boletos acertantes de segunda categor\u00eda del sorteo de ayer de la Loter\u00eda Primitiva se sell\u00f3 en la localidad burgalesa de Briviesca.<\/p>\n<p class=\"paragraph\">El boleto, con cinco aciertos m\u00e1s el complementario, se sell\u00f3 en la Administraci\u00f3n de Loter\u00edas n\u00ba 1 de la localidad, situada en Plaza Mayor, 19, informa Ical.<\/p>\n<p class=\"paragraph\">El premio est\u00e1 dotado con 50.188,59 euros.<\/p>\n","protected":false},"excerpt":{"rendered":"Uno de los cuatro boletos acertantes de segunda categor\u00eda del sorteo de ayer de la Loter\u00eda Primitiva se&hellip;\n","protected":false},"author":2,"featured_media":276214,"comment_status":"","ping_status":"","sticky":false,"template":"","format":"standard","meta":{"footnotes":""},"categories":[80],"tags":[57778,82,95,94,25,24,21836,11589,23],"class_list":{"0":"post-276213","1":"post","2":"type-post","3":"status-publish","4":"format-standard","5":"has-post-thumbnail","7":"category-economia","8":"tag-briviesca","9":"tag-business","10":"tag-economia","11":"tag-economy","12":"tag-es","13":"tag-espana","14":"tag-la-primitiva","15":"tag-plaza-mayor","16":"tag-spain"},"share_on_mastodon":{"url":"https:\/\/pubeurope.com\/@es\/115679318911343089","error":""},"_links":{"self":[{"href":"https:\/\/www.europesays.com\/es\/wp-json\/wp\/v2\/posts\/276213","targetHints":{"allow":["GET"]}}],"collection":[{"href":"https:\/\/www.europesays.com\/es\/wp-json\/wp\/v2\/posts"}],"about":[{"href":"https:\/\/www.europesays.com\/es\/wp-json\/wp\/v2\/types\/post"}],"author":[{"embeddable":true,"href":"https:\/\/www.europesays.com\/es\/wp-json\/wp\/v2\/users\/2"}],"replies":[{"embeddable":true,"href":"https:\/\/www.europesays.com\/es\/wp-json\/wp\/v2\/comments?post=276213"}],"version-history":[{"count":0,"href":"https:\/\/www.europesays.com\/es\/wp-json\/wp\/v2\/posts\/276213\/revisions"}],"wp:featuredmedia":[{"embeddable":true,"href":"https:\/\/www.europesays.com\/es\/wp-json\/wp\/v2\/media\/276214"}],"wp:attachment":[{"href":"https:\/\/www.europesays.com\/es\/wp-json\/wp\/v2\/media?parent=276213"}],"wp:term":[{"taxonomy":"category","embeddable":true,"href":"https:\/\/www.europesays.com\/es\/wp-json\/wp\/v2\/categories?post=276213"},{"taxonomy":"post_tag","embeddable":true,"href":"https:\/\/www.europesays.com\/es\/wp-json\/wp\/v2\/tags?post=276213"}],"curies":[{"name":"wp","href":"https:\/\/api.w.org\/{rel}","templated":true}]}}