{"id":276217,"date":"2025-12-07T16:52:20","date_gmt":"2025-12-07T16:52:20","guid":{"rendered":"https:\/\/www.europesays.com\/es\/276217\/"},"modified":"2025-12-07T16:52:20","modified_gmt":"2025-12-07T16:52:20","slug":"mujeres-del-psoe-piden-al-partido-una-transformacion-feminista","status":"publish","type":"post","link":"https:\/\/www.europesays.com\/es\/276217\/","title":{"rendered":"Mujeres del PSOE piden al partido una transformaci\u00f3n feminista"},"content":{"rendered":"<p>El <strong>caso Salazar<\/strong> est\u00e1 haciendo mella en el<strong> PSOE<\/strong>, tanto que el presidente del Gobierno, <strong>Pedro S\u00e1nchez, <\/strong><strong><a href=\"https:\/\/www.rtve.es\/noticias\/20251206\/sanchez-asume-en-primera-persona-la-mala-gestion-en-los-casos-de-acoso-a-salazar-fue-un-error-no-premeditado\/16848154.shtml\" rel=\"nofollow noopener\" target=\"_blank\">ha entonado el &#8216;mea culpa&#8217;<\/a><\/strong> \u00aben primera persona\u00bb por <a href=\"https:\/\/www.rtve.es\/noticias\/20251204\/psoe-pide-calma-paciencia-investigacion-acoso-paco-salazar-no-toleramos-ningun-acto-reprobable\/16844603.shtml\" rel=\"nofollow noopener\" target=\"_blank\">los fallos en la gesti\u00f3n de las denuncias por acoso<\/a> contra el que fuera su asesor en Moncloa, que se conocen desde julio. Un \u00aberror no premeditado\u00bb que choca con el ideario de una organizaci\u00f3n que dice ser <strong>\u00abel partido de las mujeres\u00bb<\/strong>, que son una parte importante de su electorado. En este contexto, mujeres que ocupan cargos de responsabilidad en el Partido Socialista <strong>exigen una transformaci\u00f3n feminista \u00abprofunda<\/strong>\u00bb en la organizaci\u00f3n, <strong>que se acabe con cualquier posibilidad de \u00abproteger\u00bb a los agresores<\/strong> y que \u00abse escuche\u00bb a las v\u00edctimas.<\/p>\n<p>\u00abAnte la violencia machista, las feministas que militamos en el PSOE siempre hemos pedido, desde la autonom\u00eda que la conciencia feminista nos proporciona,<strong> que se alineen los discursos con la pr\u00e1ctica de los principios que declaramos defender<\/strong>\u00ab. Es lo que firman este domingo en <a href=\"https:\/\/elpais.com\/opinion\/2025-12-07\/mujeres-del-psoe-desde-la-conciencia-feminista.html\" target=\"_blank\" rel=\"nofollow noopener\">un art\u00edculo de opini\u00f3n en El Pa\u00eds<\/a> <strong>Andrea Fern\u00e1ndez<\/strong> (portavoz de la Comisi\u00f3n de Igualdad en el Congreso), <strong>Carmela Silva<\/strong> (portavoz de la Comisi\u00f3n de Seguimiento de la Violencia de G\u00e9nero en el Senado) y <strong>Araceli Mart\u00ednez<\/strong> (vicepresidenta de la Comisi\u00f3n de Cultura en el Senado). <\/p>\n<p>Estas tres mujeres avisan de que <strong>las contradicciones <\/strong>entre lo que el partido dice defender en p\u00fablico (al feminismo y a las mujeres) y las pr\u00e1cticas que se han conocido<strong> \u00abdebilitan la credibilidad\u00bb del PSOE <\/strong>en esta materia. El esc\u00e1ndalo del caso Salazar se suma al <strong>desprecio hacia las mujeres mostrado por el exministro Jos\u00e9 Luis \u00c1balos y su exasesor Koldo Garc\u00eda<\/strong>, tras hacerse p\u00fablico c\u00f3mo <strong><a href=\"https:\/\/www.rtve.es\/noticias\/20250617\/audios-sobre-prostitucion-indignan-mujeres-psoe\/16628573.shtml\" rel=\"nofollow noopener\" target=\"_blank\">se repart\u00edan prostitutas<\/a><\/strong> por cat\u00e1logo o por ser \u00abla m\u00e1s guarra\u00bb, algo que las feministas del partido ya tildaron en su momento de \u00abvomitivo\u00bb. O a la denuncia p\u00fablica que hizo la delegada del Gobierno en Asturias y ex n\u00famero dos en el partido, <strong>Adriana Lastra<\/strong>, tambi\u00e9n una de las voces feministas m\u00e1s fuertes en el PSOE, respecto a que el ex secretario de Organizaci\u00f3n socialista<strong> Santos Cerd\u00e1n <\/strong>orquest\u00f3 <a href=\"https:\/\/www.rtve.es\/noticias\/20250618\/adriana-lastra-asegura-cerdan-engano-traiciono-orquesto-operacion-acoso-derribo-contra-ella\/16630103.shtml\" rel=\"nofollow noopener\" target=\"_blank\">una operaci\u00f3n \u00abde acoso y derribo\u00bb<\/a> contra ella estando embarazada en 2022 que la llev\u00f3 a dimitir.<\/p>\n<p>Las tres socialistas admiten que \u00ab<strong>el machismo no es una suma de conductas puntuales,<\/strong> sino un sistema que atraviesa de manera estructural y transversal todas las esferas de la vida\u00bb, lo que incluye tambi\u00e9n a los partidos pol\u00edticos. Por ello, <strong>exigen \u00abtransformaciones profundas<\/strong> que garanticen una igualdad real, plena y efectiva\u00bb tambi\u00e9n en estas esferas. <\/p>\n<p>Ante lo sucedido con Salazar o ante casos que puedan ser similares, <strong>exigen \u00abproceder con determinaci\u00f3n\u00bb y \u00abatajando cualquier posibilidad de generar entornos protectores con los agresores, silenciar a las v\u00edctimas <\/strong>o, como ya se ha apuntado, debilitar la credibilidad de un partido que, sin duda, ha contribuido de manera decisiva al avance de los derechos de las mujeres\u00bb.<\/p>\n<p>Agradecen que la Secretar\u00eda de Igualdad haya \u00abinformado de los pasos que se han ido dando\u00bb respecto a este caso, pero consideran que, desde el primer momento<strong>, \u00abdebieron haber sido los \u00f3rganos competentes los que pidieran perd\u00f3n<\/strong><a href=\"https:\/\/archive.is\/o\/jS9pi\/https:\/\/elpais.com\/espana\/2025-12-06\/sanchez-asume-en-primera-persona-el-error-de-no-llamar-a-las-victimas-de-salazar-pero-asegura-que-no-hubo-connivencia.html\" rel=\"nofollow noopener\" target=\"_blank\"> <\/a>tanto a las v\u00edctimas como, de forma m\u00e1s amplia, a todas las mujeres, entre ellas <strong>las compa\u00f1eras<\/strong> que llevan d\u00e9cadas sosteniendo la acci\u00f3n pol\u00edtica del partido desde el feminismo, muchas veces con <strong>enormes costes personales y pol\u00edticos<\/strong>, y que hoy ven cuestionado un trabajo construido con esfuerzo y compromiso\u00bb.<\/p>\n<p>El \u00abinjusto\u00bb coste personal y pol\u00edtico a las mujeres por conductas de otros<\/p>\n<p>Insisten en que \u00abla coherencia no puede reducirse a un mero recurso discursivo\u00bb ya que es \u00abcondici\u00f3n necesaria\u00bb para la credibilidad en el partido. \u00abPor ello resulta <strong>injusto<\/strong>, pero tambi\u00e9n <strong>injustificable<\/strong>, que cuando se evidencian actuaciones contradictorias con los principios y valores que nos permiten avanzar hacia la democracia plena, <strong>parezca que debamos ser las mujeres las que demos las explicaciones que no nos corresponden<\/strong>\u00ab, sentencian.<\/p>\n<p>Se da la circunstancia de que una de las personas que ha estado en el foco de las cr\u00edticas por las actitudes machistas de sus compa\u00f1eros es la portavoz del Gobierno, <strong>Pilar Alegr\u00eda<\/strong>, que fue<strong> fotografiada en noviembre comiendo en un restaurante de Madrid junto a Salazar<\/strong>, pese a que ya se conoc\u00edan las denuncias por acoso y hab\u00eda sido apartado. Alegr\u00eda tambi\u00e9n sufri\u00f3 <strong><a href=\"https:\/\/www.rtve.es\/noticias\/20250413\/sanchez-carga-contra-ataques-insultos-machistas-vertidos-redes-sociales-contra-ministra-alegria\/16539439.shtml\" rel=\"nofollow noopener\" target=\"_blank\">ataques machistas<\/a><\/strong> despu\u00e9s de conocerse que ella se hab\u00eda alojado en el Parador de Teruel en septiembre de 2020 al mismo tiempo que <strong>\u00c1balos<\/strong>, cuando este habr\u00eda realizado una <strong>fiesta con prostitutas<\/strong>. Fue a ella, que entonces era delegada del Gobierno en Arag\u00f3n, a la que le pidieron explicaciones al respecto.<\/p>\n<p>Las firmantes del art\u00edculo tambi\u00e9n han lamentado que<strong> las responsables de Igualdad del PSOE, <\/strong>\u00abclaves en la defensa de las reivindicaciones feministas\u00bb <strong>con frecuencia \u00abterminan recibiendo las cr\u00edticas<\/strong> que deber\u00edan asumirse desde otros espacios de responsabilidad\u00bb. Y que \u00aben demasiadas ocasiones\u00bb<strong> se interpela a la Secretar\u00eda de Igualdad \u00abcomo si estuviera obligada a ofrecer respuestas a problemas que el feminismo no ha generado<\/strong>, poni\u00e9ndose de este modo en el foco precisamente sobre las compa\u00f1eras que m\u00e1s han trabajado para evitar llegar al escenario\u00bb.<\/p>\n<p><strong>Andrea Fern\u00e1ndez<\/strong>, que fue aupada por Adriana Lastra como secretaria de Igualdad en la Comisi\u00f3n Ejecutiva del PSOE, fue<strong> relegada por Pedro S\u00e1nchez en enero de 2024<\/strong>, pese a que en la legislatura anterior hab\u00eda adquirido gran protagonismo en las ruedas de prensa del partido y en el Congreso. El relevo se dio al tiempo que asum\u00eda mayores cotas de poder Javier Alfonso Cend\u00f3n, n\u00famero uno de los socialistas de Le\u00f3n, como portavoz adjunto en la C\u00e1mara Baja, tras tensiones entre ambos. <\/p>\n<p>Unos meses antes, precisamente <strong>para las elecciones generales de 2023, el PSOE decidi\u00f3 relegar en las listas a perfiles feministas j\u00f3venes<\/strong> que estaban despuntando en el partido, como Beatriz Carrillo (que hab\u00eda sido Comisi\u00f3n de seguimiento y evaluaci\u00f3n del pacto de Estado contra la Violencia de G\u00e9nero) o Raquel Pedraja (que fue ponente de la Ley Trans y secretaria LGTBI de la ejecutiva del PSOE en La Rioja).<\/p>\n<p>\u00abSon muchas las mujeres que desean seguir confiando en el PSOE\u00bb<\/p>\n<p>Las tres dirigentes que firman el art\u00edculo avisan de que<strong> la perspectiva feminista debe aplicarse \u00abde manera integral\u00bb en la organizaci\u00f3n<\/strong>, con un mayor control sobre los protocolos contra el acoso y otras violencias. \u00abY, por supuesto, escuchar a las v\u00edctimas, acompa\u00f1arlas y articular medidas que ayuden a reparar el da\u00f1o causado\u00bb.<\/p>\n<p>Por \u00faltimo, advierten de que las mujeres que participan en la vida del partido, desde todos los territorios, de todas las edades y desde sus distintas responsabilidades \u00abno van a renunciar a exigir que se haga lo correcto\u00bb: \u00ab<strong>Son muchas las mujeres de nuestro pa\u00eds que desean seguir confiando en el PSOE<\/strong>\u00ab.<\/p>\n<p>Precisamente este domingo, <strong>unas 300 mujeres del PSOE de M\u00e1laga han respaldado ya el manifiesto<\/strong> que promovi\u00f3 este pasado jueves la Secretaria de Igualdad del partido en esta provincia a en el que expresaba \u00abde manera clara y contundente\u00bb su condena \u00ababsoluta a cualquier forma de acoso, violencia o conducta machista, venga de quien venga y ocurra donde ocurra\u00bb, tras la <strong><a href=\"https:\/\/www.rtve.es\/noticias\/20251205\/psoe-militancia-torremolinos-presunto-acoso-sexual\/16846448.shtml\" rel=\"nofollow noopener\" target=\"_blank\">denuncia de una militante socialista de Torremolinos<\/a><\/strong> (M\u00e1laga) <strong>contra el secretario general del PSOE Local,<\/strong> Antonio Navarro, suspendido de militancia, por presunto acoso sexual: \u00abNi una mujer sola, ni una agresi\u00f3n sin respuesta\u00bb.<\/p>\n","protected":false},"excerpt":{"rendered":"El caso Salazar est\u00e1 haciendo mella en el PSOE, tanto que el presidente del Gobierno, Pedro S\u00e1nchez, ha&hellip;\n","protected":false},"author":2,"featured_media":276218,"comment_status":"","ping_status":"","sticky":false,"template":"","format":"standard","meta":{"footnotes":""},"categories":[8],"tags":[17,18,25,24,13,14,11,19,20,9,10,15,16,23,12,21,22],"class_list":{"0":"post-276217","1":"post","2":"type-post","3":"status-publish","4":"format-standard","5":"has-post-thumbnail","7":"category-espana","8":"tag-breaking-news","9":"tag-breakingnews","10":"tag-es","11":"tag-espana","12":"tag-featured-news","13":"tag-featurednews","14":"tag-headlines","15":"tag-latest-news","16":"tag-latestnews","17":"tag-news","18":"tag-noticias","19":"tag-noticias-destacadas","20":"tag-noticiasdestacadas","21":"tag-spain","22":"tag-titulares","23":"tag-ultimas-noticias","24":"tag-ultimasnoticias"},"share_on_mastodon":{"url":"https:\/\/pubeurope.com\/@es\/115679327053071855","error":""},"_links":{"self":[{"href":"https:\/\/www.europesays.com\/es\/wp-json\/wp\/v2\/posts\/276217","targetHints":{"allow":["GET"]}}],"collection":[{"href":"https:\/\/www.europesays.com\/es\/wp-json\/wp\/v2\/posts"}],"about":[{"href":"https:\/\/www.europesays.com\/es\/wp-json\/wp\/v2\/types\/post"}],"author":[{"embeddable":true,"href":"https:\/\/www.europesays.com\/es\/wp-json\/wp\/v2\/users\/2"}],"replies":[{"embeddable":true,"href":"https:\/\/www.europesays.com\/es\/wp-json\/wp\/v2\/comments?post=276217"}],"version-history":[{"count":0,"href":"https:\/\/www.europesays.com\/es\/wp-json\/wp\/v2\/posts\/276217\/revisions"}],"wp:featuredmedia":[{"embeddable":true,"href":"https:\/\/www.europesays.com\/es\/wp-json\/wp\/v2\/media\/276218"}],"wp:attachment":[{"href":"https:\/\/www.europesays.com\/es\/wp-json\/wp\/v2\/media?parent=276217"}],"wp:term":[{"taxonomy":"category","embeddable":true,"href":"https:\/\/www.europesays.com\/es\/wp-json\/wp\/v2\/categories?post=276217"},{"taxonomy":"post_tag","embeddable":true,"href":"https:\/\/www.europesays.com\/es\/wp-json\/wp\/v2\/tags?post=276217"}],"curies":[{"name":"wp","href":"https:\/\/api.w.org\/{rel}","templated":true}]}}