{"id":276219,"date":"2025-12-07T16:53:33","date_gmt":"2025-12-07T16:53:33","guid":{"rendered":"https:\/\/www.europesays.com\/es\/276219\/"},"modified":"2025-12-07T16:53:33","modified_gmt":"2025-12-07T16:53:33","slug":"gallardo-el-candidato-del-psoe","status":"publish","type":"post","link":"https:\/\/www.europesays.com\/es\/276219\/","title":{"rendered":"Gallardo, el candidato del PSOE"},"content":{"rendered":"<p>El actual secretario general del PSOE de Extremadura, <strong>Miguel \u00c1ngel Gallardo<\/strong>, ser\u00e1 el<strong> candidato socialista<\/strong> a las <a href=\"https:\/\/www.rtve.es\/noticias\/20251027\/guardiola-convoca-elecciones-anticipadas-extremadura-21-diciembre\/16788761.shtml\" target=\"_blank\" rel=\"nofollow noopener\">elecciones anticipadas extreme\u00f1as<\/a>, a pesar de que en mayo,<strong> tendr\u00e1 otra cita, pero esta vez con los tribunales<\/strong>, por su procesamiento en el caso de la presunta contrataci\u00f3n irregular de David S\u00e1nchez, hermano del presidente del Gobierno, Pedro S\u00e1nchez, en la Diputaci\u00f3n de Badajoz en 2017. <\/p>\n<p>Gallardo se ha convertido as\u00ed en el <strong>primer candidato que concurre como cabeza de lista a una cita electoral, estando procesado<\/strong> por los supuestos delitos de tr\u00e1fico de influencias y prevaricaci\u00f3n administrativa.<\/p>\n<p>A pesar de su imputaci\u00f3n, para los comicios del 21-D en Extremadura, el l\u00edder socialista toma el relevo del <a href=\"https:\/\/www.rtve.es\/noticias\/20251005\/muere-guillermo-fernandez-vara-expresidente-socialista-extremadura\/16756938.shtml\" target=\"_blank\" rel=\"nofollow noopener\">fallecido Guillermo Fern\u00e1ndez Vara<\/a>, que <a href=\"https:\/\/www.rtve.es\/noticias\/20230515\/elecciones-extremadura-2023-28m-candidatos\/2443548.shtml\" target=\"_blank\" rel=\"nofollow noopener\">fue el candidato del PSOE en las anteriores auton\u00f3micas en esta regi\u00f3n en mayo de 2023<\/a>, y lo hace <strong>sin haber pasado por unas primarias,<\/strong> como ser\u00eda lo habitual, <strong>por la situaci\u00f3n de \u00abexcepcionalidad\u00bb,<\/strong> dada la sorpresiva convocatoria de los comicios. <\/p>\n<p><strong>Gallardo fue elegido sucesor de Fern\u00e1ndez Vara en marzo de 2024, <\/strong>en un congreso extraordinario que celebr\u00f3 el partido cuando este dio un paso a un lado, despu\u00e9s de que <a href=\"https:\/\/www.rtve.es\/noticias\/20230528\/resultados-elecciones-extremadura-28m-ganador-pactos\/2447654.shtml\" target=\"_blank\" rel=\"nofollow noopener\">en los \u00faltimos comicios auton\u00f3micos en Extremadura, el PSOE no lograra la mayor\u00eda suficiente para mantener el poder en la Junta<\/a>. Entonces logr\u00f3 el respaldo del 55,72% de los militantes extreme\u00f1os. Adem\u00e1s, en el congreso ordinario celebrado el pasado mes de enero, <strong>revalid\u00f3 su liderazgo al frente del PSOE extreme\u00f1o,<\/strong> cuando gan\u00f3 las primarias con el 62,61% de los votos.<\/p>\n<p>En la \u00faltima cita electoral, los socialistas lograron 28 esca\u00f1os, los mismos que el PP, pero gracias al apoyo de Vox, la &#8216;popular&#8217; Mar\u00eda Guardiola logr\u00f3 hacerse con la Presidencia regional.<\/p>\n<p>Presidente de la Diputaci\u00f3n de Badajoz y alcalde de su pueblo<\/p>\n<p>Nacido en Villanueva de la Serena (Badajoz), en 1974, Gallardo <strong>se afili\u00f3 al PSOE en 1995<\/strong>. Con 28 a\u00f1os se convirti\u00f3 en alcalde de Villanueva de la Serena, puesto en el que se ha mantenido durante m\u00e1s de 20 a\u00f1os, gracias a <strong>seis mayor\u00edas absolutas <\/strong>consecutivas. Dej\u00f3 la Alcald\u00eda al ser elegido l\u00edder del PSOE de Extremadura en marzo de 2024. <\/p>\n<p>Fue uno de los impulsores del <a href=\"https:\/\/www.rtve.es\/noticias\/20220221\/villanueva-don-benito-union-futuro-ciudad\/2293342.shtml\" rel=\"nofollow noopener\" target=\"_blank\">proyecto de fusi\u00f3n de Villanueva de la Serena con la vecina localidad de Don Benito<\/a>, cuya uni\u00f3n supondr\u00eda que se convirtiera en la tercera ciudad extreme\u00f1a, solo por detr\u00e1s de Badajoz y C\u00e1ceres. En la consulta popular que se hizo, <a href=\"https:\/\/www.rtve.es\/noticias\/20220221\/consulta-fusion-don-benito-villanueva-serena\/2293040.shtml\" rel=\"nofollow noopener\" target=\"_blank\">Villanueva de la Serena apoy\u00f3 el proyecto con el 91% de los votos, mientras que en Don Benito gan\u00f3 por la m\u00ednima con el 66,27% de los votos<\/a>. Sin embargo, el <strong>proceso de fusi\u00f3n, que tendr\u00eda que culminarse en 2027, est\u00e1 por ahora paralizado<\/strong>.<\/p>\n<p>Adem\u00e1s, el ahora candidato socialista <strong>compagin\u00f3 su cargo de primer edil con el de presidente de la Diputaci\u00f3n de Badajoz,<\/strong> desde 2015 hasta el pasado mes de mayo, <a href=\"https:\/\/www.rtve.es\/noticias\/20250530\/gallardo-renuncia-a-presidencia-diputacion-badajoz-para-estar-oposicion-desde-asamblea-extremena\/16603301.shtml\" target=\"_blank\" rel=\"nofollow noopener\">cuando renunci\u00f3 al cargo un d\u00eda despu\u00e9s de tomar posesi\u00f3n de su acta de diputado en la Asamblea de Extremadura<\/a>. Puede presumir de haber sido el \u00fanico presidente de la Diputaci\u00f3n de Badajoz que ha estado tres legislaturas seguidas al frente.<\/p>\n<p>Casado y padre de dos hijos, es <strong>diplomado en Educaci\u00f3n Social<\/strong> por la Universidad Nacional de Educaci\u00f3n a Distancia, adem\u00e1s de t\u00e9cnico especialista en Educaci\u00f3n Infantil y Mantenimiento Electr\u00f3nico.<\/p>\n<p>Expectativas electorales del PSOE<\/p>\n<p>El <strong>PSOE de Miguel \u00c1ngel Gallardo dejar\u00eda de ser la primera fuerza en Extremadura<\/strong> por primera vez, seg\u00fan el <a href=\"https:\/\/www.rtve.es\/noticias\/20251119\/encuestas-elecciones-extremadura-2025\/16818850.shtml\" target=\"_blank\" rel=\"nofollow noopener\">promedio de encuestas elaborado por DatosRTVE<\/a>. Descender\u00eda a la segunda posici\u00f3n, quedando por detr\u00e1s del PP de Mar\u00eda Guardiola, al perder cinco esca\u00f1os y pasar de los 28 actuales a 23 asientos en la Asamblea extreme\u00f1a. Ni siquiera con el avance de Unidas por Extremadura, lograr\u00eda sumar lo suficiente para arrebatarle la Junta a la actual presidenta y candidata a la reelecci\u00f3n. <\/p>\n<p>Para estas elecciones auton\u00f3micas, el PSOE incluye en su programa electoral <strong>m\u00e1s de 500 de medidas<\/strong>, divididas en cinco apartados: compromiso, universalidad, igualdad, dignidad y arraigo, y cuyas primeras letras forman la palabra CUIDA. Entre otras cosas, Gallardo se ha comprometido a <strong>construir mil viviendas para j\u00f3venes<\/strong> en suelo p\u00fablico a 90.000 euros y a <strong>blindar por ley el acceso universal a la sanidad, la educaci\u00f3n y los cuidados<\/strong>.<\/p>\n","protected":false},"excerpt":{"rendered":"El actual secretario general del PSOE de Extremadura, Miguel \u00c1ngel Gallardo, ser\u00e1 el candidato socialista a las elecciones&hellip;\n","protected":false},"author":2,"featured_media":276220,"comment_status":"","ping_status":"","sticky":false,"template":"","format":"standard","meta":{"footnotes":""},"categories":[5],"tags":[17,18,25,24,13,14,11,19,20,9,10,15,16,23,12,21,22],"class_list":{"0":"post-276219","1":"post","2":"type-post","3":"status-publish","4":"format-standard","5":"has-post-thumbnail","7":"category-titulares","8":"tag-breaking-news","9":"tag-breakingnews","10":"tag-es","11":"tag-espana","12":"tag-featured-news","13":"tag-featurednews","14":"tag-headlines","15":"tag-latest-news","16":"tag-latestnews","17":"tag-news","18":"tag-noticias","19":"tag-noticias-destacadas","20":"tag-noticiasdestacadas","21":"tag-spain","22":"tag-titulares","23":"tag-ultimas-noticias","24":"tag-ultimasnoticias"},"share_on_mastodon":{"url":"https:\/\/pubeurope.com\/@es\/115679330509475486","error":""},"_links":{"self":[{"href":"https:\/\/www.europesays.com\/es\/wp-json\/wp\/v2\/posts\/276219","targetHints":{"allow":["GET"]}}],"collection":[{"href":"https:\/\/www.europesays.com\/es\/wp-json\/wp\/v2\/posts"}],"about":[{"href":"https:\/\/www.europesays.com\/es\/wp-json\/wp\/v2\/types\/post"}],"author":[{"embeddable":true,"href":"https:\/\/www.europesays.com\/es\/wp-json\/wp\/v2\/users\/2"}],"replies":[{"embeddable":true,"href":"https:\/\/www.europesays.com\/es\/wp-json\/wp\/v2\/comments?post=276219"}],"version-history":[{"count":0,"href":"https:\/\/www.europesays.com\/es\/wp-json\/wp\/v2\/posts\/276219\/revisions"}],"wp:featuredmedia":[{"embeddable":true,"href":"https:\/\/www.europesays.com\/es\/wp-json\/wp\/v2\/media\/276220"}],"wp:attachment":[{"href":"https:\/\/www.europesays.com\/es\/wp-json\/wp\/v2\/media?parent=276219"}],"wp:term":[{"taxonomy":"category","embeddable":true,"href":"https:\/\/www.europesays.com\/es\/wp-json\/wp\/v2\/categories?post=276219"},{"taxonomy":"post_tag","embeddable":true,"href":"https:\/\/www.europesays.com\/es\/wp-json\/wp\/v2\/tags?post=276219"}],"curies":[{"name":"wp","href":"https:\/\/api.w.org\/{rel}","templated":true}]}}