{"id":276225,"date":"2025-12-07T17:02:07","date_gmt":"2025-12-07T17:02:07","guid":{"rendered":"https:\/\/www.europesays.com\/es\/276225\/"},"modified":"2025-12-07T17:02:07","modified_gmt":"2025-12-07T17:02:07","slug":"susto-con-joan-garcia-pero-estara-en-la-champions","status":"publish","type":"post","link":"https:\/\/www.europesays.com\/es\/276225\/","title":{"rendered":"Susto con Joan Garcia pero estar\u00e1 en la Champions"},"content":{"rendered":"<p data-gtm-element-container=\"modulo-texto-link\" class=\"paragraph\"><strong>Joan Garcia <\/strong>no peligra para la<strong> Champions League. <\/strong>El portero\u00a0sufri\u00f3 un golpe durante el partido que el <strong>Bar\u00e7a<\/strong> disput\u00f3 en La Cartuja ante el <strong>Betis <\/strong>(3-5) que no le impedir\u00e1 estar ante el <strong>Eintracht de Frankfurt<\/strong>, en el partido de la sexta jornada de la fase inicial europea que se jugar\u00e1 este martes 9 de diciembre en el <strong>Spotify Camp Nou.<\/strong><\/p>\n<p data-gtm-element-container=\"modulo-texto-link\" class=\"paragraph\">Al meta catal\u00e1n se le vio subir cojeando ligeramente al autob\u00fas que llev\u00f3 a la expedici\u00f3n azulgrana del campo al aeropuerto de\u00a0<strong>Sevilla<\/strong> y tambi\u00e9n al ascender al avi\u00f3n. Fuentes del vestuario cuentan que no reviste importancia y que estar\u00e1 disponible ante los alemanes. Al igual que <strong>Balde y Eric Garcia,<\/strong> que asistieron a la sesi\u00f3n de recuperaci\u00f3n con normalidad. <strong>Szczesny<\/strong>,\u00a0<strong>Ter Stegen, Marc Bernal, Raphinha, De Jong, Lewandowski, Casad\u00f3, Ferm\u00edn<\/strong>\u00a0y los j\u00f3venes <strong>Jofre<\/strong>, <strong>Dro <\/strong>y <strong>Tommy Marqu\u00e9s<\/strong> se han ejercitado sobre el c\u00e9sped, mientras que los titulares realizaron trabajo de recuperaci\u00f3n en el interior.<\/p>\n<p>    Lee tambi\u00e9n<\/p>\n<p data-gtm-element-container=\"modulo-texto-link\" class=\"paragraph\"><strong>Joan Garcia <\/strong>estuvo correcto ante los andaluces. Le fue imposible parar el trallazo a un metro de<strong> Antony. <\/strong>Ese 1-0 tuvo poco jugo porque enseguida se dio la vuelta al marcador, aunque con la defensa avanzada, tuvo que estar atento. Su actuaci\u00f3n se vio empa\u00f1ada por dos goles encajados ante la falta de contundencia defensiva .<\/p>\n","protected":false},"excerpt":{"rendered":"Joan Garcia no peligra para la Champions League. El portero\u00a0sufri\u00f3 un golpe durante el partido que el Bar\u00e7a&hellip;\n","protected":false},"author":2,"featured_media":276226,"comment_status":"","ping_status":"","sticky":false,"template":"","format":"standard","meta":{"footnotes":""},"categories":[268],"tags":[168,25,24,280,282,281,23,167],"class_list":{"0":"post-276225","1":"post","2":"type-post","3":"status-publish","4":"format-standard","5":"has-post-thumbnail","7":"category-futbol","8":"tag-deportes","9":"tag-es","10":"tag-espana","11":"tag-football","12":"tag-futbol","13":"tag-soccer","14":"tag-spain","15":"tag-sports"},"share_on_mastodon":{"url":"https:\/\/pubeurope.com\/@es\/115679366133862426","error":""},"_links":{"self":[{"href":"https:\/\/www.europesays.com\/es\/wp-json\/wp\/v2\/posts\/276225","targetHints":{"allow":["GET"]}}],"collection":[{"href":"https:\/\/www.europesays.com\/es\/wp-json\/wp\/v2\/posts"}],"about":[{"href":"https:\/\/www.europesays.com\/es\/wp-json\/wp\/v2\/types\/post"}],"author":[{"embeddable":true,"href":"https:\/\/www.europesays.com\/es\/wp-json\/wp\/v2\/users\/2"}],"replies":[{"embeddable":true,"href":"https:\/\/www.europesays.com\/es\/wp-json\/wp\/v2\/comments?post=276225"}],"version-history":[{"count":0,"href":"https:\/\/www.europesays.com\/es\/wp-json\/wp\/v2\/posts\/276225\/revisions"}],"wp:featuredmedia":[{"embeddable":true,"href":"https:\/\/www.europesays.com\/es\/wp-json\/wp\/v2\/media\/276226"}],"wp:attachment":[{"href":"https:\/\/www.europesays.com\/es\/wp-json\/wp\/v2\/media?parent=276225"}],"wp:term":[{"taxonomy":"category","embeddable":true,"href":"https:\/\/www.europesays.com\/es\/wp-json\/wp\/v2\/categories?post=276225"},{"taxonomy":"post_tag","embeddable":true,"href":"https:\/\/www.europesays.com\/es\/wp-json\/wp\/v2\/tags?post=276225"}],"curies":[{"name":"wp","href":"https:\/\/api.w.org\/{rel}","templated":true}]}}