{"id":276250,"date":"2025-12-07T17:22:10","date_gmt":"2025-12-07T17:22:10","guid":{"rendered":"https:\/\/www.europesays.com\/es\/276250\/"},"modified":"2025-12-07T17:22:10","modified_gmt":"2025-12-07T17:22:10","slug":"el-ciclismo-y-la-musica-son-mis-dos-grandes-pasiones","status":"publish","type":"post","link":"https:\/\/www.europesays.com\/es\/276250\/","title":{"rendered":"\u201cEl ciclismo y la m\u00fasica son mis dos grandes pasiones\u201d"},"content":{"rendered":"<p class=\"paragraph\">\u00c1ngel Bara naci\u00f3 en Sabi\u00f1\u00e1nigo en 1950. Con 29 a\u00f1os se afinc\u00f3 en Gran Canaria donde fund\u00f3 la Vuelta Cicloturista Internacional de Gran Canaria, iniciativa de amplio impacto internacional que le vali\u00f3 la Medalla de Honor de la Asociaci\u00f3n Espa\u00f1ola de la Carretera en reconocimiento a su contribuci\u00f3n a la seguridad vial. Hace unos d\u00edas recib\u00eda all\u00ed un caluroso homenaje. A caballo entre Sabi\u00f1\u00e1nigo y Gran Canaria, \u00c1ngel Bara, un apasionado de la bicicleta, tambi\u00e9n se ha dedicado a la m\u00fasica,  un terreno que domina y le fascina.<\/p>\n<p class=\"paragraph\"><b>\u00bfDe d\u00f3nde le viene la afici\u00f3n por el deporte de la bicicleta?<\/b><\/p>\n<p class=\"paragraph\">-Siempre me ha gustado andar en bici, no competir. Adem\u00e1s, he llevado este deporte asociado al turismo, se complementan muy bien.<\/p>\n<p class=\"paragraph\"><b>\u00bfPor qu\u00e9 elige Gran Canaria para vivir?<\/b><\/p>\n<p class=\"paragraph\">-Yo estaba tocando con una orquesta, primero en Pamplona y luego en Madrid, despu\u00e9s de la mili, y el representante nos dijo de ir en el invierno de 1979 a Gran Canaria a tocar a un hotel, y as\u00ed llegu\u00e9 all\u00ed, Pasada la primera semana yo me dije: De aqu\u00ed no me muevo, y ah\u00ed he vivido 44 a\u00f1os. Ahora vivo en Sabi\u00f1\u00e1nigo, pero sigo viajando a la isla, ahora he estado unos d\u00edas.<\/p>\n<p class=\"paragraph\"><b>\u00bfQu\u00e9 le lleva a fundar la Vuelta Cicloturista de Gran Canaria?<\/b><\/p>\n<p class=\"paragraph\">-En 1987 hice la primera vuelta cicloturista al Pa\u00eds Vasco que era de seis d\u00edas, yo ya viv\u00eda en Gran Canaria. Y entonces pens\u00e9 que se pod\u00eda hacer una vuelta de una semana en la isla porque all\u00ed la gente no va para un d\u00eda. Fui a ver al alcalde de Maspalomas y apoy\u00f3 la idea desde el primer momento. La verdad que ha sido un revulsivo muy importante, para el turismo de Gran Canaria.<\/p>\n<p class=\"paragraph\"><b>Esa vinculaci\u00f3n al cicloturismo le ha valido un homenaje reciente y varios premios. \u00bfQu\u00e9 se siente?<\/b><\/p>\n<p class=\"paragraph\">-Sientes una alegr\u00eda y un agradecimiento a que se haya visto reconocido tu trabajo, tu labor, durante los a\u00f1os, y que a alguien le haya parecido bien esa labor. Yo dej\u00e9 la organizaci\u00f3n de la Vuelta en 2017 tras 29 ediciones, y que hoy te reconozcan ese trabajo pues sientes una alegr\u00eda inmensa.<\/p>\n<p class=\"paragraph\"><b>Sabi\u00f1\u00e1nigo y Gran Canaria, dir\u00edamos que est\u00e1n unidos por el cicloturismo. \u00bfQu\u00e9 piensa de la Quebrantahuesos?<\/b><\/p>\n<p class=\"paragraph\">-La Quebrantahuesos es el top de las pruebas cicloturistas en Espa\u00f1a, est\u00e1 dentro de lo que es un gran fondo que me parece muy bien. Es distinta la Quebrantahuesos a la cicloturista de Gran Canaria, esta es de una semana y la QH de un d\u00eda y el impacto econ\u00f3mico es distinto. A lo mejor la Quebrantahuesos podr\u00eda tender a contar con m\u00e1s d\u00edas y menos ciclistas.<\/p>\n<p class=\"paragraph\"><b>\u00bfCu\u00e1ntas veces ha hecho la Quebrantahuesos? \u00bfY la Treparriscos?<\/b><\/p>\n<p class=\"paragraph\">-La QH la he hecho dos veces, en una consegu\u00ed la medalla de plata, as\u00ed que muy bien. Y la Treparriscos tambi\u00e9n otras dos o tres.<\/p>\n<p class=\"paragraph\"><b>Pero no solo est\u00e1 unido al ciclismo, tanto o m\u00e1s lo est\u00e1 a la m\u00fasica. \u00bfQu\u00e9 significa este arte en su vida?<\/b><\/p>\n<p class=\"paragraph\">-Como escuch\u00e9 una vez, uno siempre es m\u00fasico. Puedes dedicarte a lo que quieras, jardinero, oficinista, lo que sea, pero si eres m\u00fasico siempre eres m\u00fasico. Yo empec\u00e9 siendo m\u00fasico en Sabi\u00f1\u00e1nigo con los Medelnor, y despu\u00e9s toqu\u00e9 con otros grupos. Cuando acabe la mili contin\u00fae estudiando en el Conservatorio de Pamplona, ah\u00ed toque con una orquesta y me sali\u00f3 ir a Madrid con otra. La m\u00fasica en mi vida ha sido y es un pilar muy importante.<\/p>\n<p class=\"paragraph\"><b>Con la m\u00fasica tambi\u00e9n ha vivido momentos muy gratificantes, sobre todo con el grupo Medelnor, \u00bfqu\u00e9 recuerdos guarda de esos a\u00f1os?<\/b><\/p>\n<p class=\"paragraph\">-Fueron a\u00f1os muy interesantes. Acompa\u00f1amos a cantantes de moda del momento como Roc\u00edo Jurado o Encarnita Polo, por ejemplo.<\/p>\n<p class=\"paragraph\"><b>Hoy, \u00bfc\u00f3mo es el \u00c1ngel Bara ciclista?<\/b><\/p>\n<p class=\"paragraph\">-Voy en bicicleta el\u00e9ctrica que es el presente y el futuro de la bicicleta sobre todo para los que ya no tenemos 25 a\u00f1os. Yo sigo pedaleando, esto no lo dejo.<\/p>\n<p class=\"paragraph\"><b>\u00bfY el \u00c1ngel Bara m\u00fasico?<\/b><\/p>\n<p class=\"paragraph\">-Estamos trabajando en un nuevo grupo en Sabi\u00f1\u00e1nigo que se llama \u201cDe Siempre\u201d, para interpretar canciones m\u00e1s o menos comerciales, pero buscando un sonido diferente, con chelo, cuerda.. Lo queremos tener listo el a\u00f1o que viene, como pronto para las fiestas de Santiago.<\/p>\n<p class=\"paragraph\"><b>\u00bfCu\u00e1l ser\u00eda su deseo para sus dos grandes pasiones?<\/b><\/p>\n<p class=\"paragraph\">-Ahora que ya vivo en Sabi\u00f1\u00e1nigo me gustar\u00eda que los empresarios de esta zona y los pol\u00edticos del Alto G\u00e1llego, abrieran los ojos y el o\u00eddo, y que de una vez sepan que tenemos algo muy importante aqu\u00ed que no valoramos. En este territorio no hay que terminar la temporada con la nieve, tenemos marco para hacer turismo todo el a\u00f1o.<\/p>\n","protected":false},"excerpt":{"rendered":"\u00c1ngel Bara naci\u00f3 en Sabi\u00f1\u00e1nigo en 1950. Con 29 a\u00f1os se afinc\u00f3 en Gran Canaria donde fund\u00f3 la&hellip;\n","protected":false},"author":2,"featured_media":276251,"comment_status":"","ping_status":"","sticky":false,"template":"","format":"standard","meta":{"footnotes":""},"categories":[273],"tags":[2594,313,312,168,25,24,4645,185,67319,23,167],"class_list":{"0":"post-276250","1":"post","2":"type-post","3":"status-publish","4":"format-standard","5":"has-post-thumbnail","7":"category-ciclismo","8":"tag-angel","9":"tag-ciclismo","10":"tag-cycling","11":"tag-deportes","12":"tag-es","13":"tag-espana","14":"tag-grandes","15":"tag-musica","16":"tag-pasiones","17":"tag-spain","18":"tag-sports"},"share_on_mastodon":{"url":"https:\/\/pubeurope.com\/@es\/115679444530485823","error":""},"_links":{"self":[{"href":"https:\/\/www.europesays.com\/es\/wp-json\/wp\/v2\/posts\/276250","targetHints":{"allow":["GET"]}}],"collection":[{"href":"https:\/\/www.europesays.com\/es\/wp-json\/wp\/v2\/posts"}],"about":[{"href":"https:\/\/www.europesays.com\/es\/wp-json\/wp\/v2\/types\/post"}],"author":[{"embeddable":true,"href":"https:\/\/www.europesays.com\/es\/wp-json\/wp\/v2\/users\/2"}],"replies":[{"embeddable":true,"href":"https:\/\/www.europesays.com\/es\/wp-json\/wp\/v2\/comments?post=276250"}],"version-history":[{"count":0,"href":"https:\/\/www.europesays.com\/es\/wp-json\/wp\/v2\/posts\/276250\/revisions"}],"wp:featuredmedia":[{"embeddable":true,"href":"https:\/\/www.europesays.com\/es\/wp-json\/wp\/v2\/media\/276251"}],"wp:attachment":[{"href":"https:\/\/www.europesays.com\/es\/wp-json\/wp\/v2\/media?parent=276250"}],"wp:term":[{"taxonomy":"category","embeddable":true,"href":"https:\/\/www.europesays.com\/es\/wp-json\/wp\/v2\/categories?post=276250"},{"taxonomy":"post_tag","embeddable":true,"href":"https:\/\/www.europesays.com\/es\/wp-json\/wp\/v2\/tags?post=276250"}],"curies":[{"name":"wp","href":"https:\/\/api.w.org\/{rel}","templated":true}]}}