{"id":276254,"date":"2025-12-07T17:25:12","date_gmt":"2025-12-07T17:25:12","guid":{"rendered":"https:\/\/www.europesays.com\/es\/276254\/"},"modified":"2025-12-07T17:25:12","modified_gmt":"2025-12-07T17:25:12","slug":"el-vestuario-del-alaves-toma-un-soplo-de-aire-fresco-cuando-la-presion-apretaba","status":"publish","type":"post","link":"https:\/\/www.europesays.com\/es\/276254\/","title":{"rendered":"El vestuario del Alav\u00e9s toma un \u00absoplo de aire fresco\u00bb cuando la presi\u00f3n apretaba"},"content":{"rendered":"<p>El vestuario del <a href=\"https:\/\/www.elcorreo.com\/alaves\/\" target=\"_blank\" title=\"www.elcorreo.com\" data-voc-vtm-id=\"in-text-traffic\" data-mrf-link=\"www.elcorreo.com\" rel=\"nofollow noopener\">Deportivo Alav\u00e9s<\/a> se quit\u00f3 un peso de encima con la victoria ante la Real Sociedad. La \u00abnecesidad de ganar\u00bb que hab\u00eda  &#8230; expuesto Eduardo Coudet en la previa era el reflejo del sentir de una caseta que estaba \u00abtranquila\u00bb pero \u00abalerta\u00bb, tal y como indic\u00f3 <a href=\"https:\/\/www.elcorreo.com\/alaves\/jon-pacheco-tranquilidad-alerta-necesitamos-ganar-20251205001336-nt.html\" target=\"_blank\" title=\"www.elcorreo.com\" data-voc-vtm-id=\"in-text-traffic\" data-mrf-link=\"www.elcorreo.com\" rel=\"nofollow noopener\">Jon Pacheco<\/a>, despu\u00e9s de los \u00faltimos malos resultados ligueros. Las tres derrotas consecutivas ante Girona (1-0), Celta (0-1) y Barcelona (3-1) hab\u00edan oscurecido el horizonte de un Alav\u00e9s que quer\u00eda que el derbi fuera un punto de inflexi\u00f3n. <\/p>\n<p class=\"v-p\">\u00abEra muy importante para nosotros y m\u00e1s aqu\u00ed en casa\u00bb, reconoci\u00f3 el capit\u00e1n Guevara tras lograr un triunfo sufrido, en el que golpearon al principio y resistieron despu\u00e9s para que los guipuzcoanos no les arrebataran el premio. El choque ante la Real Sociedad no tuvo la etiqueta de &#8216;final&#8217; pero s\u00ed que supuso un subid\u00f3n para un bloque que se hab\u00eda atascado en el \u00faltimo mes. <\/p>\n<p><img decoding=\"async\" loading=\"lazy\" src=\"https:\/\/www.europesays.com\/es\/wp-content\/uploads\/2025\/12\/ALAVES-210-kuHF--650x455@El Correo.jpg\" class=\"v-a-img\" width=\"650\" height=\"455\" alt=\"\" data-voc-vtm-id=\"in-text-traffic\"\/><\/p>\n<p><img loading=\"lazy\" decoding=\"async\" src=\"https:\/\/www.europesays.com\/es\/wp-content\/uploads\/2025\/12\/ALAVES-210-kuHF--1920x1344@El Correo.jpg\" class=\"v-mdl__img-z\" width=\"1920\" height=\"1344\" alt=\"\"\/><\/p>\n<p class=\"v-p\">La felicidad despu\u00e9s del pitido final de Alberola Rojas, que descorch\u00f3 la celebraci\u00f3n de los futbolistas con la afici\u00f3n en el c\u00e9sped y en el vestuario despu\u00e9s, fue el mejor ejemplo de la trascendencia que tuvo el duelo para el Alav\u00e9s. A pesar del convencimiento en el camino tomado, los babazorros necesitaban disipar ciertas dudas generadas en esta mala racha que hab\u00eda eclipsado un gran inicio, con 15 puntos en 11 jornadas con los que eran octavos, m\u00e1s cerca de Europa (3 unidades) que del descenso (6). <\/p>\n<p>El factor Mendizorroza<\/p>\n<p class=\"v-p\">Sin embargo, las \u00faltimas tres derrotas les hab\u00edan acercado a tres puntos de la zona roja. Un escenario complejo, con los duros ex\u00e1menes ante Real Sociedad y Real Madrid en Mendizorroza como rev\u00e1lidas despu\u00e9s de convencer en el juego pero caer derrotados en el Camp Nou. Un contexto dif\u00edcil en el que el Alav\u00e9s volvi\u00f3 a crecerse. \u00abSomos un grupo que en las peores situaciones responde. El a\u00f1o pasado, cuanto m\u00e1s apretados est\u00e1bamos fuera de casa, el equipo lo hac\u00eda bien\u00bb, destac\u00f3 el <a href=\"https:\/\/www.elcorreo.com\/alaves\/coudet-grupo-bien-creerselo-20251206191507-nt.html\" target=\"_blank\" title=\"www.elcorreo.com\" data-voc-vtm-id=\"in-text-traffic\" data-mrf-link=\"www.elcorreo.com\" rel=\"nofollow noopener\">Chacho<\/a>, que vio c\u00f3mo su equipo transform\u00f3, por fin, <a href=\"https:\/\/www.elcorreo.com\/alaves\/derbi-convertir-buenas-sensaciones-puntos-20251206002433-nt.html\" target=\"_blank\" title=\"www.elcorreo.com\" data-voc-vtm-id=\"in-text-traffic\" data-mrf-link=\"www.elcorreo.com\" rel=\"nofollow noopener\">las \u00abbuenas sensaciones\u00bb en \u00abpuntos\u00bb<\/a>.<\/p>\n<p class=\"v-p\">\u00abVen\u00edamos de una mala din\u00e1mica y era muy importante ganar. Es un soplo de aire fresco. Est\u00e1bamos haciendo las cosas bien, aunque tambi\u00e9n cometiendo errores de los que llegaron las derrotas. Pero el grupo se merec\u00eda un triunfo y m\u00e1s en casa\u00bb, explic\u00f3 Guevara. El Alav\u00e9s se agarr\u00f3 a su hogar, a un Mendizorroza donde han logrado el 78% de sus puntos (14 de 18) para rearmarse en lo deportivo y en lo an\u00edmico. Volvieron a dejar su porter\u00eda a cero seis jornadas despu\u00e9s, lo que les permiti\u00f3 sacar oro al gol de Boy\u00e9.<\/p>\n<p>\u00abVen\u00edamos de una mala din\u00e1mica y era muy importante ganar. El grupo se merec\u00eda un triunfo y m\u00e1s en casa\u00bb<\/p>\n<p class=\"v-a-pst__p\">\nAnder Guevara\n<\/p>\n<p class=\"v-a-pst__j\">\nCapit\u00e1n de la Real Sociedad\n<\/p>\n<p class=\"v-p\">\u00abNos da un impulso\u00bb, a\u00f1adi\u00f3 Guevara. Sus 18 puntos les sit\u00faan novenos y les alejan, por ahora, en seis cuerpos del descenso. Un colch\u00f3n para trabajar con menos presi\u00f3n en lo que viene. Se medir\u00e1n el pr\u00f3ximo domingo (21.00 horas) al Real Madrid en el Paseo de Cervantes y cerrar\u00e1n el a\u00f1o en El Sadar (s\u00e1bado 20, 18.30) ante Osasuna con la meta de \u00abencadenar un par de partidos y meternos ah\u00ed arriba\u00bb. \u00abEs la ilusi\u00f3n que tenemos\u00bb, sentenci\u00f3 el centrocampista vitoriano. <\/p>\n","protected":false},"excerpt":{"rendered":"El vestuario del Deportivo Alav\u00e9s se quit\u00f3 un peso de encima con la victoria ante la Real Sociedad.&hellip;\n","protected":false},"author":2,"featured_media":276255,"comment_status":"","ping_status":"","sticky":false,"template":"","format":"standard","meta":{"footnotes":""},"categories":[268],"tags":[1334,168,25,24,280,282,281,23,167],"class_list":{"0":"post-276254","1":"post","2":"type-post","3":"status-publish","4":"format-standard","5":"has-post-thumbnail","7":"category-futbol","8":"tag-alaves","9":"tag-deportes","10":"tag-es","11":"tag-espana","12":"tag-football","13":"tag-futbol","14":"tag-soccer","15":"tag-spain","16":"tag-sports"},"share_on_mastodon":{"url":"https:\/\/pubeurope.com\/@es\/115679456969454663","error":""},"_links":{"self":[{"href":"https:\/\/www.europesays.com\/es\/wp-json\/wp\/v2\/posts\/276254","targetHints":{"allow":["GET"]}}],"collection":[{"href":"https:\/\/www.europesays.com\/es\/wp-json\/wp\/v2\/posts"}],"about":[{"href":"https:\/\/www.europesays.com\/es\/wp-json\/wp\/v2\/types\/post"}],"author":[{"embeddable":true,"href":"https:\/\/www.europesays.com\/es\/wp-json\/wp\/v2\/users\/2"}],"replies":[{"embeddable":true,"href":"https:\/\/www.europesays.com\/es\/wp-json\/wp\/v2\/comments?post=276254"}],"version-history":[{"count":0,"href":"https:\/\/www.europesays.com\/es\/wp-json\/wp\/v2\/posts\/276254\/revisions"}],"wp:featuredmedia":[{"embeddable":true,"href":"https:\/\/www.europesays.com\/es\/wp-json\/wp\/v2\/media\/276255"}],"wp:attachment":[{"href":"https:\/\/www.europesays.com\/es\/wp-json\/wp\/v2\/media?parent=276254"}],"wp:term":[{"taxonomy":"category","embeddable":true,"href":"https:\/\/www.europesays.com\/es\/wp-json\/wp\/v2\/categories?post=276254"},{"taxonomy":"post_tag","embeddable":true,"href":"https:\/\/www.europesays.com\/es\/wp-json\/wp\/v2\/tags?post=276254"}],"curies":[{"name":"wp","href":"https:\/\/api.w.org\/{rel}","templated":true}]}}