{"id":276260,"date":"2025-12-07T17:29:13","date_gmt":"2025-12-07T17:29:13","guid":{"rendered":"https:\/\/www.europesays.com\/es\/276260\/"},"modified":"2025-12-07T17:29:13","modified_gmt":"2025-12-07T17:29:13","slug":"no-puedo-mas-se-acabo","status":"publish","type":"post","link":"https:\/\/www.europesays.com\/es\/276260\/","title":{"rendered":"No puedo m\u00e1s, se acab\u00f3"},"content":{"rendered":"<p><strong>\u00abUn presentador no puede cansarse nunca de los cl\u00e1sicos. Much\u00edsimas gracias Adara\u00bb<\/strong>, fueron las palabras que Jorge Javier V\u00e1zquez le dedic\u00f3 a la influencer tras ser expulsada de &#8216;Supervivientes All Stars&#8217;. Hoy, dos meses despu\u00e9s, la catalogada como &#8216;Reina de los realities&#8217; ha tomado una determinaci\u00f3n que marcar\u00e1 su vida profesional y personal de ahora en adelante.\u00a0<\/p>\n<p><strong>\u00abHa llegado el momento de retirarme, no puedo m\u00e1s\u00bb,<\/strong> as\u00ed de contundente ha sido Adara en un comunicado que ha compartido en redes sociales anunciando que no volver\u00e1 a participar en un reality de televisi\u00f3n.\u00a0<\/p>\n<p>Una vida ligada a los realities<\/p>\n<p>La trayectoria televisiva de Adara Molinero es innegable. Desde su primera aparici\u00f3n en &#8216;Gran Hermano 17&#8217;\u00a0su paso por la peque\u00f1a pantalla ha sido un viaje marcado por la entrega absoluta y la intensidad. <strong>Ganadora de &#8216;GH VIP 7&#8217;,<\/strong> la edici\u00f3n m\u00e1s vista de la historia, concursante de &#8216;Secret Story&#8217; y finalista de &#8216;Supervivientes&#8217; y &#8216;Supervivientes All Stars&#8217;,\u00a0 Adara ha vivido cada formato como una experiencia vital, convirtiendo su vulnerabilidad, sus errores y su fortaleza en el hilo conductor de una trayectoria que ha conectado con el p\u00fablico m\u00e1s all\u00e1 del personaje televisivo.<\/p>\n<p><img loading=\"lazy\" decoding=\"async\"   src=\"https:\/\/www.europesays.com\/es\/wp-content\/uploads\/2025\/12\/adara-molinero_3326ef6e_251207182144_1200x744.webp.webp\" alt=\"Adara Molinero\" class=\"lazyload\" width=\"1200\" height=\"744\" data-aspectratio=\"1200\/744\"\/>&#13;Gtres<br \/>\nEl comunicado de Adara Molinero\u00a0<\/p>\n<p><strong>\u00abMe despido de los realities\u00bb<\/strong>, ha anunciado Adara con la voz entrecortada. Despu\u00e9s de mucho meditarlo, la influencer ha tomado una determinaci\u00f3n sobre su futuro en televisi\u00f3n. \u00abEs como despedirme de esta etapa que tanto me ha dado, despedirme de nueve a\u00f1os donde he hecho much\u00edsimos realities, me he entregado al completo&#8230;\u00bb, cuenta sin poder evitar romper a llorar.\u00a0<\/p>\n<p>Aunque ella misma reconoce que ha hecho casi todo en el universo reality, Adara ha explicado que con los a\u00f1os la televisi\u00f3n se reinventa, \u00abpero siento que ha llegado el momento de retirarme\u00bb, explica a sus seguidores sin poder evitar romper a llorar.\u00a0<\/p>\n<p>\u00abAmo los realities, amo la televisi\u00f3n, pero siento en mi coraz\u00f3n que quiero tomar otro camino profesional. No puedo m\u00e1s. Psicol\u00f3gicamente y f\u00edsicamente no soportar\u00eda volver a aislarme\u00bb\u00a0<\/p>\n<p><img loading=\"lazy\" decoding=\"async\"   src=\"https:\/\/www.europesays.com\/es\/wp-content\/uploads\/2025\/12\/adara-molinero_e07c49ba_251207182155_1200x1811.webp.webp\" alt=\"Adara Molinero\" class=\"lazyload\" width=\"1200\" height=\"1811\" data-aspectratio=\"1200\/1811\"\/>&#13;Instagram @adara_molinero<\/p>\n<p>As\u00ed, Adara ha querido hacer un v\u00eddeo de despedida pero a la vez de agradecimiento a todos los que le han seguido desde el primer d\u00eda y la han apoyado en cada una de sus decisiones. \u00abSeguiremos aqu\u00ed a trav\u00e9s de las redes sociales, iniciar\u00e9 otros nuevos proyectos con ilusi\u00f3n. Amo los realities y los seguir\u00e9 viendo desde casa, pero yo necesito cerrar esta etapa, reinventarme&#8230; \u00a1Se acab\u00f3!\u00bb.\u00a0<\/p>\n<blockquote class=\"instagram-media\" data-instgrm-captioned=\"\" data-instgrm-permalink=\"https:\/\/www.instagram.com\/reel\/DR9xZF_jQ3p\/?utm_source=ig_embed&amp;utm_campaign=loading\" data-instgrm-version=\"14\" style=\" background:#FFF; border:0; border-radius:3px; box-shadow:0 0 1px 0 rgba(0,0,0,0.5),0 1px 10px 0 rgba(0,0,0,0.15); margin: 1px; max-width:540px; min-width:326px; padding:0; width:99.375%; width:-webkit-calc(100% - 2px); width:calc(100% - 2px);\"\/><p><script async src=\"\/\/www.instagram.com\/embed.js\"><\/script><\/p>\n","protected":false},"excerpt":{"rendered":"\u00abUn presentador no puede cansarse nunca de los cl\u00e1sicos. Much\u00edsimas gracias Adara\u00bb, fueron las palabras que Jorge Javier&hellip;\n","protected":false},"author":2,"featured_media":276261,"comment_status":"","ping_status":"","sticky":false,"template":"","format":"standard","meta":{"footnotes":""},"categories":[171],"tags":[146,147,25,24,23,214],"class_list":{"0":"post-276260","1":"post","2":"type-post","3":"status-publish","4":"format-standard","5":"has-post-thumbnail","7":"category-tv","8":"tag-entertainment","9":"tag-entretenimiento","10":"tag-es","11":"tag-espana","12":"tag-spain","13":"tag-tv"},"share_on_mastodon":{"url":"https:\/\/pubeurope.com\/@es\/115679472596088988","error":""},"_links":{"self":[{"href":"https:\/\/www.europesays.com\/es\/wp-json\/wp\/v2\/posts\/276260","targetHints":{"allow":["GET"]}}],"collection":[{"href":"https:\/\/www.europesays.com\/es\/wp-json\/wp\/v2\/posts"}],"about":[{"href":"https:\/\/www.europesays.com\/es\/wp-json\/wp\/v2\/types\/post"}],"author":[{"embeddable":true,"href":"https:\/\/www.europesays.com\/es\/wp-json\/wp\/v2\/users\/2"}],"replies":[{"embeddable":true,"href":"https:\/\/www.europesays.com\/es\/wp-json\/wp\/v2\/comments?post=276260"}],"version-history":[{"count":0,"href":"https:\/\/www.europesays.com\/es\/wp-json\/wp\/v2\/posts\/276260\/revisions"}],"wp:featuredmedia":[{"embeddable":true,"href":"https:\/\/www.europesays.com\/es\/wp-json\/wp\/v2\/media\/276261"}],"wp:attachment":[{"href":"https:\/\/www.europesays.com\/es\/wp-json\/wp\/v2\/media?parent=276260"}],"wp:term":[{"taxonomy":"category","embeddable":true,"href":"https:\/\/www.europesays.com\/es\/wp-json\/wp\/v2\/categories?post=276260"},{"taxonomy":"post_tag","embeddable":true,"href":"https:\/\/www.europesays.com\/es\/wp-json\/wp\/v2\/tags?post=276260"}],"curies":[{"name":"wp","href":"https:\/\/api.w.org\/{rel}","templated":true}]}}