{"id":276278,"date":"2025-12-07T17:39:22","date_gmt":"2025-12-07T17:39:22","guid":{"rendered":"https:\/\/www.europesays.com\/es\/276278\/"},"modified":"2025-12-07T17:39:22","modified_gmt":"2025-12-07T17:39:22","slug":"muere-el-fotografo-britanico-martin-parr-a-los-73-anos","status":"publish","type":"post","link":"https:\/\/www.europesays.com\/es\/276278\/","title":{"rendered":"Muere el fot\u00f3grafo brit\u00e1nico Martin Parr a los 73 a\u00f1os"},"content":{"rendered":"<p>El fot\u00f3grafo brit\u00e1nico <strong>Martin Parr<\/strong>, famoso por sus instant\u00e1neas que retratan con humor la vida cotidiana de sus compatriotas, muri\u00f3 el s\u00e1bado a los 73 a\u00f1os, seg\u00fan anunci\u00f3 su fundaci\u00f3n en un comunicado difundido este domingo. <\/p>\n<p>\u00abCon gran tristeza anunciamos que Martin Parr (1952-2025) falleci\u00f3 (el s\u00e1bado) en su casa de Bristol\u00bb, se\u00f1ala el texto, que tambi\u00e9n ha publicado la <strong>Agencia Magnum<\/strong>, para la que el fot\u00f3grafo trabaj\u00f3 durante a\u00f1os y que dirigi\u00f3 entre 2013 y 2017. Al fot\u00f3grafo le hab\u00eda sido diagnosticado un c\u00e1ncer en 2021. <\/p>\n<p>Parr alcanz\u00f3 el estrellato gracias a su <strong>est\u00e9tica reconocible, con primeros planos y colores saturados<\/strong>, su toque brit\u00e1nico y sus temas predilectos, como el <strong>turismo de masas o el consumismo<\/strong>. Su influencia trasciende ampliamente el c\u00edrculo de los aficionados a la fotograf\u00eda, aunque su obra casi documental, a veces tachada de kitsch, le ha valido <strong>tantos admiradores como detractores<\/strong>.<\/p>\n<p>\t\tFotograf\u00edas in\u00e9ditas de Martin Parr en M\u00e1laga y Almer\u00eda\t<\/p>\n<p>Amante del color<\/p>\n<p>Nacido en Surrey el 23 de mayo de 1952, Martin Parr <strong>se inici\u00f3 en la fotograf\u00eda gracias a su abuelo<\/strong>, un gran aficionado, y comenz\u00f3 tomando fotograf\u00edas en blanco y negro, al estilo de los grandes maestros de la d\u00e9cada de 1970. <\/p>\n<p>Pero pronto se sinti\u00f3 <strong>atra\u00eddo por objetos at\u00edpicos, como las postales y, sobre todo, por el color<\/strong>. \u00abUna vez que prob\u00e9 el color, nunca m\u00e1s volv\u00ed atr\u00e1s\u00bb, asegur\u00f3 en 2022 en una entrevista a AFP.<\/p>\n<p>A mediados de los a\u00f1os 80 se dio a conocer con Last Resort, una serie de fotograf\u00edas de <strong>turistas de clase media en Brighton<\/strong>, que prefiguraba el resto de su obra, con su uso del flash incluso en exteriores, y marc\u00f3 un punto de inflexi\u00f3n en la fotograf\u00eda documental brit\u00e1nica, aunque algunos le reprocharon su mirada hacia la clase obrera del pa\u00eds.<\/p>\n<p>Martin Parra posa junto a una de sus obras en una exposici\u00f3n en Fr\u00e1ncfort\u00a0Daniel ROLAND \/ AFP<\/p>\n<p>\u00abAmo y odio Inglaterra al mismo tiempo\u00bb, declar\u00f3 tras el Brexit en 2016, al que se opon\u00eda. \u00abLo que hago en mi fotograf\u00eda es capturar esa ambig\u00fcedad (\u2026) Quiero expresar las contradicciones inglesas: hay buen gusto y mal gusto, y trato de mezclar ambos en mis fotos\u00bb, a\u00f1adi\u00f3.<\/p>\n<p>Sus instant\u00e1neas no siempre fueron recibidas con halagos, pues <strong>se le critic\u00f3 que retratara a las clases m\u00e1s desfavorecidas<\/strong> desde su posici\u00f3n de clase media, si bien tambi\u00e9n gir\u00f3 su objetivo hacia esta y hacia los brit\u00e1nicos m\u00e1s pudientes. A este respecto, Parr sosten\u00eda que todos los fotoperiodistas eran \u00abde izquierdas\u00bb porque, para desarrollar este trabajo, era imprescindible que \u00abte importe la gente\u00bb.<\/p>\n<p>\u00abIntento se\u00f1alar cuando encuentro verdades universales. La verdad es subjetiva, pero es el mundo tal como lo encontr\u00e9\u00bb, explic\u00f3 el artista en una entrevista con The Architectural Review en 2020.<\/p>\n<p>Miembro de la agencia Magnum<\/p>\n<p>Tras un recorrido lleno de obst\u00e1culos, Martin Parr se convirti\u00f3 en <strong>miembro de pleno derecho de la agencia Magnum <\/strong>en 1994. <strong>Henri Cartier-Bresson<\/strong>, cofundador de la agencia, se hab\u00eda opuesto a su entrada antes de cambiar de opini\u00f3n. \u00abPertenecemos a dos sistemas solares diferentes \u2014\u00bfy por qu\u00e9 no?\u00bb, acabar\u00eda escribi\u00e9ndole a Parr, que dirigir\u00eda la agencia de 2013 a 2017.<\/p>\n<p>Partidario de captar lo cotidiano antes que frecuentar zonas de guerra, este fot\u00f3grafo<strong> aficionado a llevar calcetines con sandalias<\/strong> tambi\u00e9n desarroll\u00f3 una forma de selfie antes de la era de las redes sociales.<\/p>\n<p>El turismo de masas fue sin duda el hilo conductor de su carrera: sus fotos de turistas simulando <strong>sostener la Torre de Pisa, o de japoneses api\u00f1ados en una playa artificial<\/strong>, dieron la vuelta al mundo. Tambi\u00e9n retrat\u00f3 el consumismo, el ocio, el lujo, la comida basura y sus transformaciones a lo largo de casi medio siglo.<\/p>\n<p> \u00abSomos todos demasiado ricos y consumimos demasiadas cosas\u00bb, observaba a principios de noviembre en una entrevista con la AFP, con motivo de la publicaci\u00f3n de su autobiograf\u00eda visual de 150 im\u00e1genes, titulada Completamente perezoso y atolondrado.<\/p>\n<p>Gran coleccionista de objetos ins\u00f3litos y de libros de fotograf\u00eda, public\u00f3 m\u00e1s de <strong>120 libros<\/strong> y reuni\u00f3 un archivo de m\u00e1s de <strong>50.000 im\u00e1genes<\/strong>, muchas de ellas conservadas en su fundaci\u00f3n en Bristol, creada en 2014 y que adem\u00e1s acoge una extensa colecci\u00f3n de trabajo de otros colegas brit\u00e1nicos e irlandeses. <\/p>\n<p>Parr tambi\u00e9n puso su ojo cl\u00ednico sobre Espa\u00f1a, donde pasaba largos periodos de tiempo. En 2023, present\u00f3 <strong>M\u00e1lagaEXPRESS<\/strong><strong>&#8216;, una muestra con 104 im\u00e1genes <\/strong>en la que exploraba los comportamientos del ocio, el turismo y la clase media malague\u00f1a, como antes hab\u00eda hecho con la inglesa.<\/p>\n","protected":false},"excerpt":{"rendered":"El fot\u00f3grafo brit\u00e1nico Martin Parr, famoso por sus instant\u00e1neas que retratan con humor la vida cotidiana de sus&hellip;\n","protected":false},"author":2,"featured_media":276279,"comment_status":"","ping_status":"","sticky":false,"template":"","format":"standard","meta":{"footnotes":""},"categories":[5],"tags":[17,18,25,24,13,14,11,19,20,9,10,15,16,23,12,21,22],"class_list":{"0":"post-276278","1":"post","2":"type-post","3":"status-publish","4":"format-standard","5":"has-post-thumbnail","7":"category-titulares","8":"tag-breaking-news","9":"tag-breakingnews","10":"tag-es","11":"tag-espana","12":"tag-featured-news","13":"tag-featurednews","14":"tag-headlines","15":"tag-latest-news","16":"tag-latestnews","17":"tag-news","18":"tag-noticias","19":"tag-noticias-destacadas","20":"tag-noticiasdestacadas","21":"tag-spain","22":"tag-titulares","23":"tag-ultimas-noticias","24":"tag-ultimasnoticias"},"share_on_mastodon":{"url":"https:\/\/pubeurope.com\/@es\/115679511398174486","error":""},"_links":{"self":[{"href":"https:\/\/www.europesays.com\/es\/wp-json\/wp\/v2\/posts\/276278","targetHints":{"allow":["GET"]}}],"collection":[{"href":"https:\/\/www.europesays.com\/es\/wp-json\/wp\/v2\/posts"}],"about":[{"href":"https:\/\/www.europesays.com\/es\/wp-json\/wp\/v2\/types\/post"}],"author":[{"embeddable":true,"href":"https:\/\/www.europesays.com\/es\/wp-json\/wp\/v2\/users\/2"}],"replies":[{"embeddable":true,"href":"https:\/\/www.europesays.com\/es\/wp-json\/wp\/v2\/comments?post=276278"}],"version-history":[{"count":0,"href":"https:\/\/www.europesays.com\/es\/wp-json\/wp\/v2\/posts\/276278\/revisions"}],"wp:featuredmedia":[{"embeddable":true,"href":"https:\/\/www.europesays.com\/es\/wp-json\/wp\/v2\/media\/276279"}],"wp:attachment":[{"href":"https:\/\/www.europesays.com\/es\/wp-json\/wp\/v2\/media?parent=276278"}],"wp:term":[{"taxonomy":"category","embeddable":true,"href":"https:\/\/www.europesays.com\/es\/wp-json\/wp\/v2\/categories?post=276278"},{"taxonomy":"post_tag","embeddable":true,"href":"https:\/\/www.europesays.com\/es\/wp-json\/wp\/v2\/tags?post=276278"}],"curies":[{"name":"wp","href":"https:\/\/api.w.org\/{rel}","templated":true}]}}