{"id":276280,"date":"2025-12-07T17:47:08","date_gmt":"2025-12-07T17:47:08","guid":{"rendered":"https:\/\/www.europesays.com\/es\/276280\/"},"modified":"2025-12-07T17:47:08","modified_gmt":"2025-12-07T17:47:08","slug":"victoria-en-el-roig-arena-en-el-regreso-de-cristina-ouvina","status":"publish","type":"post","link":"https:\/\/www.europesays.com\/es\/276280\/","title":{"rendered":"Victoria en el Roig Arena en el regreso de Cristina Ouvi\u00f1a"},"content":{"rendered":"<p class=\"ft-text\">Ganar era m\u00e1s importante que nunca tras el tropiezo en Salamanca el pasado mi\u00e9rcoles, y Valencia Basket lo hizo en el Roig Arena ante SPAR Gran Canaria, adem\u00e1s con un contundente 83-66. <strong>El equipo de Rub\u00e9n Burgos manej\u00f3 los tiempos del partido, subiendo una marcha cuando m\u00e1s necesario era y regalando a la afici\u00f3n taronja la octava victoria en Liga F Endesa que le permite seguir enganchado al primer vag\u00f3n de la clasificaci\u00f3n. La guinda de la tarde la puso el ansiado regreso tras su baja por maternidad de Cristina Ouvi\u00f1a<\/strong>, que volvi\u00f3 a las pistas con un triplazo.<\/p>\n<p class=\"ft-text\">En este domingo de &#8216;Marat\u00f3n de Deporte&#8217;, con el propio Marat\u00f3n, Valencia Basket y Valencia CF en acci\u00f3n, el conjunto taronja no quer\u00eda ser quien aguara la gran fiesta deportiva de la ciudad. <strong>Por eso salt\u00f3 al parqu\u00e9 del Roig Arena con los cinco sentidos puestos en solventar su partido contra SPAR Gran Canaria. El parcial inicial de 9-0 ya fue una declaraci\u00f3n de intenciones del ritmo al que el conjunto canario estaba obligado a adaptarse si quer\u00eda tener alguna oportunidad.<\/strong><\/p>\n<p class=\"ft-text\">Valencia Basket construy\u00f3 pronto su primera ventaja en el marcador gracias a una defensa asfixiante y a una circulaci\u00f3n de pelota con mucho ritmo en ataque.<strong> El acierto desde la larga distancia de Leti Romero, Leo Fiebich y Abdelkader lo pon\u00eda todo m\u00e1s f\u00e1cil todav\u00eda, y el primer cuarto transucurr\u00eda con un +10 en favor de las de Rub\u00e9n Burgos. <\/strong>Del bando canario, la extaronja Claudia Contell y Billard manten\u00edan a su equipo en una distancia prudente.<\/p>\n<p class=\"ft-text\">En las \u00faltimas acciones del primer cuarto y tras una diferencia que lleg\u00f3 a ser de <strong>13 puntos para las locales, un intercambio de canastas dej\u00f3 el marcador en 27-17 en favor de Valencia Basket. <\/strong><\/p>\n<p>Cambio de din\u00e1mica en el segundo cuarto<\/p>\n<p class=\"ft-text\">Aunque el segundo cuarto arranc\u00f3 con un triple de Leo Fiebich, la din\u00e1mica iba a ser bien distinta a la de los primeros 10 minutos. Billard tambi\u00e9n conectaba de tres y tanto Estebas como Merceron irrumpieron en el partido para ir reduciendo poco a poco la distancia. <strong>Cuando el conjunto canario se puso a cinco puntos, Queralt Casas sac\u00f3 un 2+1 que calmaba levementa las aguas, pero el SPAR Gran Canaria hab\u00eda encontrado su ritmo y no dej\u00f3 de aumentar el ritmo de anotaci\u00f3n. <\/strong><\/p>\n<p class=\"ft-text\">Eso, sumado a que Valencia Basket dej\u00f3 de circular la pelota con tanto ritmo, hizo que el marcador siguiera apret\u00e1ndose. Merceron sigui\u00f3 encontrando canasta de calidad, algunas de ellas con tiro libre adicional, <strong>y Claudia Contell se doctoraba ante su exafici\u00f3n, metiendo canastas de mucha clase que le permitieron sumar 14 puntos en solo dos cuartos. En un abrir y cerrar de ojos, SPAR Gran Canaria dej\u00f3 el partido en el l\u00edmite de una posesi\u00f3n. <\/strong><\/p>\n<p class=\"ft-text\">Ni siquiera el segundo triple de Abdelkader hizo reaccionar a Valencia Basket, que tambi\u00e9n baj\u00f3 el ritmo en defensa. Los tiros libres que sac\u00f3 <strong>Kayla Alexander en la \u00faltima acci\u00f3n permiti\u00f3 a las taronja escapar de la distancia de una posesi\u00f3n, pero no por mucho, dejando el marcador en 47-43 al t\u00e9rmino del segundo cuarto. <\/strong><\/p>\n<p>Gran inicio de segundo tiempo<\/p>\n<p class=\"ft-text\">Como si de un calco del primer cuarto se tratara, el tercer periodo arranc\u00f3 con un imponente parcial de Valencia Basket, que ya hab\u00eda jugado bastante con fuego y quer\u00eda solventar el partido cuanto antes.<strong> El poder\u00edo f\u00edsico de Kayla Alexander y las canastas de Leti Romero y Queralt Casas dibujaron un parcial de 11-0 que volvi\u00f3 a estirar el marcador, concretamente hasta el 58-43, mientras el SPAR segu\u00eda siendo incapaz de anotar hasta el punto de que su entrenador tuvo que pedir tiempo muerto.<\/strong><\/p>\n<p class=\"ft-text\">Le vino bien ese alto en el camino a las canarias, que volvieron a pista con cinco puntos consecutivos. Adem\u00e1s, Valencia Basket volvi\u00f3 a entrar en un periodo de atasco ofensivo en el que Alexander y Awa Fam fueron las \u00fanicas que encontraban puntos. <strong>A\u00fan as\u00ed, las de Rub\u00e9n Burgos esta vez s\u00ed supieron resolver el tramo comprometido de partido y no permitieron al conjunto rival volver a acercarse tanto.<\/strong><\/p>\n<p class=\"ft-text\">Adem\u00e1s, el cuarto termin\u00f3 con cuatro puntos seguidos de las taronja, vestidas de negro este domingo,<strong> y con una Awa Fam que empezaba a irrumpir en ataque, dejando el marcador en 66-56 a falta de solo 10 minutos para el final del partido.<\/strong><\/p>\n<p>S\u00f3lido final<\/p>\n<p class=\"ft-text\">El \u00faltimo y definitivo cuarto arranc\u00f3 con un triple clave de Elena Buenavida que aument\u00f3 la renta, aunque no tard\u00f3 demasiado en contestarlo el conjunto canario. Las dos canastas de <strong>larga distancia parec\u00edan avisar de un \u00faltimo cuarto cargado de ritmo y anotaci\u00f3n, pero nada m\u00e1s lejos de la realidad. Ambos conjuntos se atascaron en ataque, dando pie a cinco minutos pr\u00e1cticamente sin puntos. <\/strong><\/p>\n<p class=\"ft-text\">Y cuando el partido entr\u00f3 en el tramo definitivo para sentenciarlo, apareci\u00f3 Elena Buenavida. La canaria se multiplic\u00f3 en defensa, robando dos balones clave y permitiendo <strong>a Abdelkader anotando una bonita canasta. Justo despu\u00e9s, Buenavida conect\u00f3 otro triple, aumentando la distancia de nuevo a 14 puntos y dejando el partido muy encarrilado. <\/strong><\/p>\n<p class=\"ft-text\">Manej\u00f3 a la perfecci\u00f3n su ventaja en los \u00faltimos minutos el conjunto taronja. El Roig Arena disfrut\u00f3 de otra victoria de su equipo (83-66), y lo hizo tambi\u00e9n por el ansiado regreso de <strong>Cristina Ouvi\u00f1a, que volvi\u00f3 a vestirse de corto tras su periodo de baja por maternidad y lo hizo, adem\u00e1s, con un triplazo que levant\u00f3 al Roig Arena de sus asientos. <\/strong><\/p>\n<p class=\"ft-text\">Con el bocinazo final se confirm\u00f3 la <strong>fiesta perfecta en el pabell\u00f3n taronja, que celebr\u00f3 la octava victoria de VBC en Liga F Endesa para seguir en el vag\u00f3n delantero de la clasificaci\u00f3n, a un triunfo del l\u00edder Casademont Zaragoza<\/strong>, pr\u00f3ximo rival tanto en Euroliga como en liga.<\/p>\n","protected":false},"excerpt":{"rendered":"Ganar era m\u00e1s importante que nunca tras el tropiezo en Salamanca el pasado mi\u00e9rcoles, y Valencia Basket lo&hellip;\n","protected":false},"author":2,"featured_media":276281,"comment_status":"","ping_status":"","sticky":false,"template":"","format":"standard","meta":{"footnotes":""},"categories":[269],"tags":[3334,299,1918,298,6951,4616,168,2917,25,24,1897,17876,3333,17893,23,167,235,2916,1261],"class_list":{"0":"post-276280","1":"post","2":"type-post","3":"status-publish","4":"format-standard","5":"has-post-thumbnail","7":"category-baloncesto","8":"tag-arena","9":"tag-baloncesto","10":"tag-basket","11":"tag-basketball","12":"tag-celebra","13":"tag-clasificacion","14":"tag-deportes","15":"tag-endesa","16":"tag-es","17":"tag-espana","18":"tag-gran-canaria","19":"tag-ouvina","20":"tag-roig","21":"tag-ruben-burgos","22":"tag-spain","23":"tag-sports","24":"tag-valencia","25":"tag-valencia-basket","26":"tag-victoria"},"share_on_mastodon":{"url":"https:\/\/pubeurope.com\/@es\/115679542948051336","error":""},"_links":{"self":[{"href":"https:\/\/www.europesays.com\/es\/wp-json\/wp\/v2\/posts\/276280","targetHints":{"allow":["GET"]}}],"collection":[{"href":"https:\/\/www.europesays.com\/es\/wp-json\/wp\/v2\/posts"}],"about":[{"href":"https:\/\/www.europesays.com\/es\/wp-json\/wp\/v2\/types\/post"}],"author":[{"embeddable":true,"href":"https:\/\/www.europesays.com\/es\/wp-json\/wp\/v2\/users\/2"}],"replies":[{"embeddable":true,"href":"https:\/\/www.europesays.com\/es\/wp-json\/wp\/v2\/comments?post=276280"}],"version-history":[{"count":0,"href":"https:\/\/www.europesays.com\/es\/wp-json\/wp\/v2\/posts\/276280\/revisions"}],"wp:featuredmedia":[{"embeddable":true,"href":"https:\/\/www.europesays.com\/es\/wp-json\/wp\/v2\/media\/276281"}],"wp:attachment":[{"href":"https:\/\/www.europesays.com\/es\/wp-json\/wp\/v2\/media?parent=276280"}],"wp:term":[{"taxonomy":"category","embeddable":true,"href":"https:\/\/www.europesays.com\/es\/wp-json\/wp\/v2\/categories?post=276280"},{"taxonomy":"post_tag","embeddable":true,"href":"https:\/\/www.europesays.com\/es\/wp-json\/wp\/v2\/tags?post=276280"}],"curies":[{"name":"wp","href":"https:\/\/api.w.org\/{rel}","templated":true}]}}