{"id":27629,"date":"2025-08-05T16:59:10","date_gmt":"2025-08-05T16:59:10","guid":{"rendered":"https:\/\/www.europesays.com\/es\/27629\/"},"modified":"2025-08-05T16:59:10","modified_gmt":"2025-08-05T16:59:10","slug":"white-anuncia-baja-de-tsarukyan-de-ufc-311-moicano-va-ante-makhachev","status":"publish","type":"post","link":"https:\/\/www.europesays.com\/es\/27629\/","title":{"rendered":"White anuncia baja de Tsarukyan de UFC 311; Moicano va ante Makhachev"},"content":{"rendered":"\n<p>El presidente de UFC, Dana White, inform\u00f3 el viernes a trav\u00e9s de sus redes sociales que Arman Tsarukyan qued\u00f3 fuera de su esperada revancha por el t\u00edtulo de peso ligero contra Islam Makhachev en el evento UFC 311, cuya velada se tiene programada este s\u00e1bado (Cartelera Principal: 7 p.m. PT, ESPN+ PPV), en el Intuit Dome de Inglewood.<\/p>\n<p>White explic\u00f3 que la raz\u00f3n detr\u00e1s de la retirada fue una lesi\u00f3n en la espalda que dej\u00f3 a Tsarukyan incapaz de competir.<\/p>\n<p>\u201cAlrededor de la 1 a.m. recibimos una llamada de Arman Tsarukyan en la que nos inform\u00f3 que estaba presentando dolores de manera significativa en la espalda debido a una lesi\u00f3n por lo que estar\u00e1 fuera de la pelea\u201d, dijo White. \u201cEntonces, para enfrentar a Islam Makhachev por el t\u00edtulo, sera Renato Moicano\u201d.<\/p>\n<p>Ante la baja de Tsarukyan, Makhachev ahora enfrentar\u00e1 al brasile\u00f1o Moicano en el evento principal. Moicano originalmente estaba programado para enfrentarse a Beneil Dariush en una pelea de peso ligero dentro de la cartelera principal, pero con la lesi\u00f3n de Tsarukyan, \u2018Money\u2019 Moicano se convierte en el nuevo retador al t\u00edtulo.<\/p>\n<p>\u201cLamento informarles que la noticia de que tuve que retirarme de UFC 311 debido a una lesi\u00f3n en la espalda es verdadera\u201d, dijo Tsarukyan en una publicaci\u00f3n de Instagram. \u201cEsta ha sido la decisi\u00f3n m\u00e1s dif\u00edcil que he tenido que tomar en mi carrera como peleador. Me gustar\u00eda agradecer a UFC por su comprensi\u00f3n y espero con ansias competir por mi primer campeonato de la UFC en el futuro. Gracias a todos por su apoyo\u201d.<\/p>\n<p>La revancha de Tsarukyan contra Makhachev, en un intento de redimirse tras su derrota en su debut en UFC en 2019, tendr\u00e1 que esperar. Desde aquel enfrentamiento inicial, ganado por decisi\u00f3n por el actual campe\u00f3n, Tsarukyan ha escalado posiciones en la divisi\u00f3n ligera, logrando su primera oportunidad titular tras una victoria por decisi\u00f3n sobre el excampe\u00f3n Charles Oliveira en UFC 300 el pasado abril.<\/p>\n","protected":false},"excerpt":{"rendered":"El presidente de UFC, Dana White, inform\u00f3 el viernes a trav\u00e9s de sus redes sociales que Arman Tsarukyan&hellip;\n","protected":false},"author":2,"featured_media":27630,"comment_status":"","ping_status":"","sticky":false,"template":"","format":"standard","meta":{"footnotes":""},"categories":[276],"tags":[6814,15070,353,168,25,14977,24,15069,5375,8252,3018,15067,15066,853,15068,23,167,2349,6697,343],"class_list":{"0":"post-27629","1":"post","2":"type-post","3":"status-publish","4":"format-standard","5":"has-post-thumbnail","7":"category-ufc","8":"tag-baja","9":"tag-cartelera-principal","10":"tag-dana-white","11":"tag-deportes","12":"tag-es","13":"tag-espalda","14":"tag-espana","15":"tag-evento-ufc","16":"tag-islam-makhachev","17":"tag-lesion","18":"tag-ligero","19":"tag-moicano","20":"tag-moicano-sera-reemplazo","21":"tag-peso","22":"tag-principal","23":"tag-spain","24":"tag-sports","25":"tag-titulo","26":"tag-tsarukyan","27":"tag-ufc"},"share_on_mastodon":{"url":"","error":""},"_links":{"self":[{"href":"https:\/\/www.europesays.com\/es\/wp-json\/wp\/v2\/posts\/27629","targetHints":{"allow":["GET"]}}],"collection":[{"href":"https:\/\/www.europesays.com\/es\/wp-json\/wp\/v2\/posts"}],"about":[{"href":"https:\/\/www.europesays.com\/es\/wp-json\/wp\/v2\/types\/post"}],"author":[{"embeddable":true,"href":"https:\/\/www.europesays.com\/es\/wp-json\/wp\/v2\/users\/2"}],"replies":[{"embeddable":true,"href":"https:\/\/www.europesays.com\/es\/wp-json\/wp\/v2\/comments?post=27629"}],"version-history":[{"count":0,"href":"https:\/\/www.europesays.com\/es\/wp-json\/wp\/v2\/posts\/27629\/revisions"}],"wp:featuredmedia":[{"embeddable":true,"href":"https:\/\/www.europesays.com\/es\/wp-json\/wp\/v2\/media\/27630"}],"wp:attachment":[{"href":"https:\/\/www.europesays.com\/es\/wp-json\/wp\/v2\/media?parent=27629"}],"wp:term":[{"taxonomy":"category","embeddable":true,"href":"https:\/\/www.europesays.com\/es\/wp-json\/wp\/v2\/categories?post=27629"},{"taxonomy":"post_tag","embeddable":true,"href":"https:\/\/www.europesays.com\/es\/wp-json\/wp\/v2\/tags?post=27629"}],"curies":[{"name":"wp","href":"https:\/\/api.w.org\/{rel}","templated":true}]}}