{"id":276354,"date":"2025-12-07T18:46:10","date_gmt":"2025-12-07T18:46:10","guid":{"rendered":"https:\/\/www.europesays.com\/es\/276354\/"},"modified":"2025-12-07T18:46:10","modified_gmt":"2025-12-07T18:46:10","slug":"merz-reafirma-sus-lazos-con-israel-pero-rebaja-el-nivel-de-su-alianza","status":"publish","type":"post","link":"https:\/\/www.europesays.com\/es\/276354\/","title":{"rendered":"Merz reafirma sus lazos con Israel, pero rebaja el nivel de su alianza"},"content":{"rendered":"<p style=\"\">El canciller alem\u00e1n, <strong>Friedrich Merz<\/strong>, visita <strong>Israel<\/strong>, seg\u00fan \u00e9l mismo ha dicho all\u00ed, \u00abcomo amigo\u00bb. Pero sus declaraciones marcan un punto de inflexi\u00f3n, tras las acciones israel\u00edes en la franja de Gaza, que han llevado a su gobierno a<strong> \u00abun cierto dilema\u00bb.<\/strong><\/p>\n<p style=\"\"><a href=\"https:\/\/www.abc.es\/espana\/netanyahu-merz-reunen-jerusalen-20251207131225-vi.html\" target=\"_self\" data-voc-vtm-id=\"in-text-traffic\" title=\"Merz sigue reconociendo la responsabilidad\" data-mrf-link=\"www.abc.es\" rel=\"nofollow noopener\">Merz sigue reconociendo la responsabilidad<\/a> &#8230;  especial de Alemania hacia Israel y ha dejado constancia de ella en su visita al Museo del Holocausto de Yad Vashem, pasando junto a una foto de los cad\u00e1veres amontonados de <strong>m\u00e1s de 2.000 jud\u00edos<\/strong> en un campo de concentraci\u00f3n en Estonia.<\/p>\n<p class=\"voc-p\" style=\"\">\u00abMe inclino ante los seis millones de hombres, mujeres y ni\u00f1os de toda Europa que fueron asesinados por alemanes por el hecho de ser jud\u00edos\u00bb, ha escrito en el libro de visitas, \u00abmantendremos viva la memoria del terrible crimen de la Sho\u00e1, que los alemanes cometieron contra el pueblo jud\u00edo\u00bb. <\/p>\n<p class=\"voc-p\" style=\"\">Sin embargo, hay detalles que revelan que Alemania est\u00e1 cambiando su postura hacia Tel Aviv, empezando por el hecho de que la visita inaugural del canciller se produce tras siete meses en el cargo y siguiendo por la ausencia de ciertos latiguillos estandarizados que ven\u00edan dando cuenta del compromiso en materia de defensa. En los discursos pronunciados por Merz en Israel ha desaparecido la expresi\u00f3n \u00abcuesti\u00f3n de Estado para Alemania\u00bb, que defin\u00eda hasta ahora el punto de vista de Berl\u00edn sobre la seguridad israel\u00ed. \u00abEsto forma parte de la esencia inmutable de nuestras relaciones, para siempre\u00bb, ha admitido, pero sin definir ese principio como una \u00abcuesti\u00f3n de Estado\u00bb.<\/p>\n<p class=\"voc-p\" style=\"\">Todos los cancilleres alemanes desde Konrad Adenauer han tenido que encontrar su manera de lidiar con la responsabilidad alemana, la realidad de la regi\u00f3n y el Gobierno israel\u00ed.<\/p>\n<p class=\"voc-p\" style=\"\">Como l\u00edder de la oposici\u00f3n, Merz critic\u00f3 a la<strong> \u00abcoalici\u00f3n sem\u00e1foro\u00bb<\/strong> de Olaf Scholz por sus exportaciones de armas vacilantes y luego, como canciller, intensific\u00f3 las cr\u00edticas a las acciones de Israel en la franja de Gaza. En agosto restringi\u00f3 parcialmente las licencias para la exportaci\u00f3n de armas alemanas a ese pa\u00eds y no afloj\u00f3 hasta firmado el acuerdo de paz.<\/p>\n<p class=\"voc-p\" style=\"\">Ahora, ha faltado a otra de las tradiciones de este tipo de visitas, al evitar invitar a visitar Alemania a su hom\u00f3logo israel\u00ed, <strong>Benjamin Netanyahu<\/strong>, sobre el que pesa una orden de detenci\u00f3n del Tribunal Penal Internacional de La Haya.<\/p>\n<p>\nNetanyahu responde a Merz\n<\/p>\n<p class=\"voc-p\" style=\"\">Netanyahu, por su parte, ha sacado pecho y ha presumido ante Merz de que \u00abIsrael, el Estado jud\u00edo, est\u00e1 trabajando para la defensa de Alemania 80 a\u00f1os despu\u00e9s del Holocausto\u00bb. Se refer\u00eda al despliegue, la semana pasada, del <strong>sistema israel\u00ed de defensa antimisiles Arrow 3<\/strong> en Alemania.<\/p>\n<p class=\"voc-p\" style=\"\">Tambi\u00e9n ha asegurado que \u00abmuy pronto pasaremos a la segunda fase\u00bb del plan de paz de Trump, que prev\u00e9 el desarme de Ham\u00e1s y la desmilitarizaci\u00f3n de Gaza, junto con el despliegue de una fuerza internacional en el territorio palestino y la retirada del Ej\u00e9rcito israel\u00ed, dejando ver su jactancia por la relaci\u00f3n privilegiada con EE.UU., que deja a Alemania y la UE en un muy segundo plano.<\/p>\n<p class=\"voc-p\" style=\"\">La coreograf\u00eda de la visita de Merz por s\u00ed sola muestra el aumento de la distancia entre los dos pa\u00edses. Antes de su partida, Merz habl\u00f3 por tel\u00e9fono con el presidente palestino, <strong>Mahmud Ab\u00e1s<\/strong>, y le pidi\u00f3 que hiciera reformas claras a la Autoridad Palestina, pero tambi\u00e9n le prometi\u00f3 un \u00abpapel constructivo\u00bb en un orden de posguerra.<\/p>\n<p class=\"voc-p\" style=\"\">As\u00ed mismo hizo una breve parada en Jordania para hablar con el <strong>Rey Abdal\u00e1 II<\/strong> y exigi\u00f3 desde all\u00ed, con vistas a Cisjordania, que no se realicen pasos de anexi\u00f3n para \u00abmantener abierto el camino hacia la creaci\u00f3n del Estado palestino\u00bb. \u00abNo crearemos un Estado en nuestra puerta comprometido con nuestra destrucci\u00f3n\u00bb, le ha respondido con claridad Netanyahu durante la rueda de prensa conjunta.<\/p>\n","protected":false},"excerpt":{"rendered":"El canciller alem\u00e1n, Friedrich Merz, visita Israel, seg\u00fan \u00e9l mismo ha dicho all\u00ed, \u00abcomo amigo\u00bb. Pero sus declaraciones&hellip;\n","protected":false},"author":2,"featured_media":276355,"comment_status":"","ping_status":"","sticky":false,"template":"","format":"standard","meta":{"footnotes":""},"categories":[42],"tags":[5209,17,18,13,14,11,61,62,63,64,74,19,20,43987,2929,9,3579,10,15,16,48838,26862,12,21,22,65,66,67],"class_list":{"0":"post-276354","1":"post","2":"type-post","3":"status-publish","4":"format-standard","5":"has-post-thumbnail","7":"category-internacional","8":"tag-alianza","9":"tag-breaking-news","10":"tag-breakingnews","11":"tag-featured-news","12":"tag-featurednews","13":"tag-headlines","14":"tag-internacional","15":"tag-international","16":"tag-international-news","17":"tag-internationalnews","18":"tag-israel","19":"tag-latest-news","20":"tag-latestnews","21":"tag-lazos","22":"tag-merz","23":"tag-news","24":"tag-nivel","25":"tag-noticias","26":"tag-noticias-destacadas","27":"tag-noticiasdestacadas","28":"tag-reafirma","29":"tag-rebaja","30":"tag-titulares","31":"tag-ultimas-noticias","32":"tag-ultimasnoticias","33":"tag-world","34":"tag-world-news","35":"tag-worldnews"},"share_on_mastodon":{"url":"https:\/\/pubeurope.com\/@es\/115679775045615702","error":""},"_links":{"self":[{"href":"https:\/\/www.europesays.com\/es\/wp-json\/wp\/v2\/posts\/276354","targetHints":{"allow":["GET"]}}],"collection":[{"href":"https:\/\/www.europesays.com\/es\/wp-json\/wp\/v2\/posts"}],"about":[{"href":"https:\/\/www.europesays.com\/es\/wp-json\/wp\/v2\/types\/post"}],"author":[{"embeddable":true,"href":"https:\/\/www.europesays.com\/es\/wp-json\/wp\/v2\/users\/2"}],"replies":[{"embeddable":true,"href":"https:\/\/www.europesays.com\/es\/wp-json\/wp\/v2\/comments?post=276354"}],"version-history":[{"count":0,"href":"https:\/\/www.europesays.com\/es\/wp-json\/wp\/v2\/posts\/276354\/revisions"}],"wp:featuredmedia":[{"embeddable":true,"href":"https:\/\/www.europesays.com\/es\/wp-json\/wp\/v2\/media\/276355"}],"wp:attachment":[{"href":"https:\/\/www.europesays.com\/es\/wp-json\/wp\/v2\/media?parent=276354"}],"wp:term":[{"taxonomy":"category","embeddable":true,"href":"https:\/\/www.europesays.com\/es\/wp-json\/wp\/v2\/categories?post=276354"},{"taxonomy":"post_tag","embeddable":true,"href":"https:\/\/www.europesays.com\/es\/wp-json\/wp\/v2\/tags?post=276354"}],"curies":[{"name":"wp","href":"https:\/\/api.w.org\/{rel}","templated":true}]}}