{"id":276358,"date":"2025-12-07T18:48:23","date_gmt":"2025-12-07T18:48:23","guid":{"rendered":"https:\/\/www.europesays.com\/es\/276358\/"},"modified":"2025-12-07T18:48:23","modified_gmt":"2025-12-07T18:48:23","slug":"la-izquierda-abertzale-era-pacifista","status":"publish","type":"post","link":"https:\/\/www.europesays.com\/es\/276358\/","title":{"rendered":"La izquierda abertzale era pacifista"},"content":{"rendered":"<p class=\"c-paragraph\"><a href=\"https:\/\/www.20minutos.es\/tags\/personas\/ines-hernand.html\" title=\"In\u00e9s Hernand\" rel=\"nofollow noopener\" target=\"_blank\">In\u00e9s Hernand<\/a> vuelve a sembrar la pol\u00e9mica. La presentadora y humorista ha soliviantado a las v\u00edctimas de <a href=\"https:\/\/www.20minutos.es\/tags\/temas\/eta.html\" title=\"ETA\" rel=\"nofollow noopener\" target=\"_blank\">ETA<\/a>, banda terrorista vasca que<b> asesin\u00f3 a cerca 900 personas<\/b>, durante una intervenci\u00f3n en el concurso <a href=\"https:\/\/www.20minutos.es\/tags\/instituciones-empresas\/operacion-triunfo.html\" title=\"Operaci\u00f3n Triunfo\" rel=\"nofollow noopener\" target=\"_blank\">Operaci\u00f3n Triunfo<\/a>, que emite Amazon Prime Video.<\/p>\n<p class=\"c-paragraph\">Hernand, nacida en 1992 y presentadora en RTVE, sostuvo delante de los concursantes del talent show\u00a0que hay \u00abmucha tergiversaci\u00f3n con ETA\u00bb y que <b>\u00abla izquierda abertzale vasca era pacifista\u00bb.<\/b><\/p>\n<p class=\"c-paragraph\">\u00abA d\u00eda de hoy hay l\u00edderes pol\u00edticos utilizando la palabra ETA con una ligereza cuando hay muchas v\u00edctimas de ETA y <b>hay mucha tergiversaci\u00f3n<\/b> y la izquierda abertzale vasca era pacifista\u00bb, dijo la c\u00f3mica.\u00a0<\/p>\n<p class=\"c-paragraph\">\u00abO sea t\u00fa escuchas a algunos l\u00edderes de la izquierda abertzale vasca y te dicen: &#8216;Perdona, yo <b>he llevado a gente aqu\u00ed al hombro en el ata\u00fad<\/b>\u00ab, agreg\u00f3 durante su pol\u00e9mica intervenci\u00f3n.<\/p>\n<p class=\"c-paragraph\">\u00abEs una cosa que desconocemos porque solo vamos a m\u00e1ximas, solo vamos a un minuto de informaci\u00f3n y <b>entre todos tenemos una labor<\/b>\u00ab, sostuvo la comunicadora.<\/p>\n<p class=\"c-paragraph\">El v\u00eddeo con las palabras de In\u00e9s Hernand se ha hecho viral y ha levantado una oleada de indignaci\u00f3n. \u00abEsta personaje por 100 euros <b>saldr\u00eda diciendo que el cielo es rojo<\/b>\u00ab, escribi\u00f3 un tuitero.<\/p>\n<p class=\"c-paragraph\">\u00ab\u00bf<b>Qu\u00e9 pinta este discurso<\/b> en un programa que va de cantar? devolvedme mi Espa\u00f1a\u00bb, agregaba este comentario.\u00a0<\/p>\n<p class=\"c-paragraph\">No es la primera vez que Hernand protagoniza una pol\u00e9mica. En 2024, cuando era una de las presentadoras de los Goya, protagoniz\u00f3 una peculiar escena cuando se lanz\u00f3 a elogiar a gritos al presidente del Gobierno, Pedro S\u00e1nchez:<b> \u00ab\u00a1Eres un icono, presi, te queremos!\u00bb<\/b>, exclam\u00f3.\u00a0<\/p>\n<p class=\"c-paragraph\">Aquel exabrupto de idolatr\u00eda caus\u00f3 una protesta del C<b>onsejo de Informativos de RTVE<\/b>, que aleg\u00f3 que estas actuaciones contraven\u00edan la requerida neutralidad informativa del ente.<\/p>\n","protected":false},"excerpt":{"rendered":"In\u00e9s Hernand vuelve a sembrar la pol\u00e9mica. La presentadora y humorista ha soliviantado a las v\u00edctimas de ETA,&hellip;\n","protected":false},"author":2,"featured_media":276359,"comment_status":"","ping_status":"","sticky":false,"template":"","format":"standard","meta":{"footnotes":""},"categories":[5],"tags":[17,18,3942,25,24,13,14,11,49089,42146,19,20,9,10,15,16,15381,57,23,12,21,22],"class_list":{"0":"post-276358","1":"post","2":"type-post","3":"status-publish","4":"format-standard","5":"has-post-thumbnail","7":"category-titulares","8":"tag-breaking-news","9":"tag-breakingnews","10":"tag-discurso","11":"tag-es","12":"tag-espana","13":"tag-featured-news","14":"tag-featurednews","15":"tag-headlines","16":"tag-hernand","17":"tag-ines","18":"tag-latest-news","19":"tag-latestnews","20":"tag-news","21":"tag-noticias","22":"tag-noticias-destacadas","23":"tag-noticiasdestacadas","24":"tag-polemico","25":"tag-sobre","26":"tag-spain","27":"tag-titulares","28":"tag-ultimas-noticias","29":"tag-ultimasnoticias"},"share_on_mastodon":{"url":"https:\/\/pubeurope.com\/@es\/115679782683052394","error":""},"_links":{"self":[{"href":"https:\/\/www.europesays.com\/es\/wp-json\/wp\/v2\/posts\/276358","targetHints":{"allow":["GET"]}}],"collection":[{"href":"https:\/\/www.europesays.com\/es\/wp-json\/wp\/v2\/posts"}],"about":[{"href":"https:\/\/www.europesays.com\/es\/wp-json\/wp\/v2\/types\/post"}],"author":[{"embeddable":true,"href":"https:\/\/www.europesays.com\/es\/wp-json\/wp\/v2\/users\/2"}],"replies":[{"embeddable":true,"href":"https:\/\/www.europesays.com\/es\/wp-json\/wp\/v2\/comments?post=276358"}],"version-history":[{"count":0,"href":"https:\/\/www.europesays.com\/es\/wp-json\/wp\/v2\/posts\/276358\/revisions"}],"wp:featuredmedia":[{"embeddable":true,"href":"https:\/\/www.europesays.com\/es\/wp-json\/wp\/v2\/media\/276359"}],"wp:attachment":[{"href":"https:\/\/www.europesays.com\/es\/wp-json\/wp\/v2\/media?parent=276358"}],"wp:term":[{"taxonomy":"category","embeddable":true,"href":"https:\/\/www.europesays.com\/es\/wp-json\/wp\/v2\/categories?post=276358"},{"taxonomy":"post_tag","embeddable":true,"href":"https:\/\/www.europesays.com\/es\/wp-json\/wp\/v2\/tags?post=276358"}],"curies":[{"name":"wp","href":"https:\/\/api.w.org\/{rel}","templated":true}]}}