{"id":276388,"date":"2025-12-07T19:10:09","date_gmt":"2025-12-07T19:10:09","guid":{"rendered":"https:\/\/www.europesays.com\/es\/276388\/"},"modified":"2025-12-07T19:10:09","modified_gmt":"2025-12-07T19:10:09","slug":"pasa-a-disposicion-judicial-el-jefe-de-la-unidad-de-estupefacientes-de-la-policia-detenido-en-una-operacion-antidroga-radio-valladolid","status":"publish","type":"post","link":"https:\/\/www.europesays.com\/es\/276388\/","title":{"rendered":"Pasa a disposici\u00f3n judicial el Jefe de la Unidad de Estupefacientes de la Polic\u00eda detenido en una operaci\u00f3n antidroga | Radio Valladolid"},"content":{"rendered":"<p>El Jefe de la Unidad de Estupefacientes de la Polic\u00eda Nacional en Valladolid ha pasado en la ma\u00f1ana este domingo a disposici\u00f3n judicial, seg\u00fan ha podido confirmar la Cadena Ser. El agente fue detenido el pasado jueves en el marco de una operaci\u00f3n antidrogas impulsada dentro del propio cuerpo policial y que se sald\u00f3 con su detenci\u00f3n adem\u00e1s de otras seis personas, ajenas al cuerpo policial. Este domingo todos han comenzado a prestar declaraci\u00f3n en los juzgados de Valladolid.<\/p>\n<p>Durante esta investigaci\u00f3n, que contin\u00faa bajo secreto de sumario, seg\u00fan Europa Press, se realizaron diferentes registros en viviendas de los detenidos as\u00ed como en la propia Comisar\u00eda de Las Delicias, en la calle Gerona, donde los agentes habr\u00edan procedido al precintado de alguna taquilla en dichas instalaciones, supuestamente utilizada por el investigado.<\/p>\n<p><strong>Recibe la Newsletter diaria de  Cadena SER<\/strong><br \/>Toda la informaci\u00f3n que necesitas para empezar el d\u00eda<\/p>\n<p><a href=\"https:\/\/usuarios.cadenaser.com\/newsletters\/lnp\/1\/441?v=pf\" title=\"Suscr\u00edbete\" rel=\"nofollow noopener\" target=\"_blank\">\u00a1Suscr\u00edbete gratis!  <\/a><\/p>\n<p>Seg\u00fan confirm\u00f3 hace unos d\u00edas la Unidad de Asuntos Internos de la Polic\u00eda Nacional encontr\u00f3<a href=\"https:\/\/cadenaser.com\/castillayleon\/2025\/12\/04\/la-policia-nacional-detiene-al-jefe-del-grupo-de-estupefacientes-en-valladolid-por-un-presunto-delito-de-trafico-de-drogas-radio-valladolid\/\" target=\"_blank\" rel=\"nofollow noopener\" title=\"https:\/\/cadenaser.com\/castillayleon\/2025\/12\/04\/la-policia-nacional-detiene-al-jefe-del-grupo-de-estupefacientes-en-valladolid-por-un-presunto-delito-de-trafico-de-drogas-radio-valladolid\/\"> pruebas \u201cfehacientes\u201d y \u201cabundantes\u00bb indicios que incriminan al jefe del Grupo de Estupefacientes<\/a>, detenido ayer junto a otras seis personas, ajenas al cuerpo, en el marco de una operaci\u00f3n abierta a principios de a\u00f1o, que incluy\u00f3 tambi\u00e9n varios registros en Valladolid, Renedo y Arroyo de la Encomienda.<\/p>\n<p>As\u00ed lo comunic\u00f3 el jefe superior de la Polic\u00eda Nacional en Castilla y Le\u00f3n, Juan Carlos Hern\u00e1ndez Mu\u00f1oz, tras una comparecencia en Valladolid en la que evit\u00f3 dar detalles de la operaci\u00f3n por encontrarse todav\u00eda bajo secreto sumarial. Adem\u00e1s, reconoci\u00f3 que el mando policial era una persona \u201cconocida\u201d y \u201ctrabajadora\u201d, por lo que admiti\u00f3 les ha \u201csorprendido\u201d todo lo sucedido este jueves.<\/p>\n<p>En ese sentido, el jefe superior de la Polic\u00eda se refiri\u00f3 al jefe antidroga como excompa\u00f1ero, as\u00ed como un \u201cgarbanzo negro\u201d, pero asegur\u00f3 que el cuerpo cuenta con unidades y elementos para apartarles porque insisti\u00f3 su conducta, a la vista de los hechos, choca con con los principios y valores de la Polic\u00eda Nacional, que asegur\u00f3 continuar\u00e1 con su labor.<\/p>\n<p>Tambi\u00e9n desvincul\u00f3 de los hechos que se investigan a su mujer, la portavoz del PP en el Ayuntamiento de Arroyo de la Encomienda, Marta Sanz, exprocuradora de las Cortes, que se\u00f1al\u00f3 desconoc\u00eda lo que presuntamente estaba haciendo su marido.<\/p>\n<p>Igualmente, el jefe superior se\u00f1al\u00f3 que se ha incoado un expediente disciplinario contra el jefe antidroga por una falta grave o muy grave, lo que implica la suspensi\u00f3n de empleo y sueldo. En este caso debe ser firmada por el director general de la Polic\u00eda, Francisco Pardo, algo que se producir\u00e1 la pr\u00f3xima semana. Adem\u00e1s, explic\u00f3 que este procedimiento se mantendr\u00e1 \u201cparalizado\u201d durante la investigaci\u00f3n judicial, hasta que se resuelva y haya una sentencia.<\/p>\n<p>\u201cYo no le quiero a mi lado\u201d, dijo Juan Carlos Hern\u00e1ndez Mu\u00f1oz sobre el jefe antidroga a ra\u00edz de los hechos conocidos y la operaci\u00f3n de Asuntos Internos, que comenz\u00f3 a principios de este a\u00f1o 2025. Adem\u00e1s, se\u00f1al\u00f3 que se pondr\u00e1n en contacto con la Fiscal\u00eda y los jueces para ver en qu\u00e9 punto se encuentran otras actuaciones de lucha contra el tr\u00e1fico de drogas que hasta ahora estaban bajo la responsabilidad del mando detenido.<\/p>\n","protected":false},"excerpt":{"rendered":"El Jefe de la Unidad de Estupefacientes de la Polic\u00eda Nacional en Valladolid ha pasado en la ma\u00f1ana&hellip;\n","protected":false},"author":2,"featured_media":276389,"comment_status":"","ping_status":"","sticky":false,"template":"","format":"standard","meta":{"footnotes":""},"categories":[8],"tags":[17,18,25,24,13,14,11,19,20,9,10,15,16,23,12,21,22],"class_list":{"0":"post-276388","1":"post","2":"type-post","3":"status-publish","4":"format-standard","5":"has-post-thumbnail","7":"category-espana","8":"tag-breaking-news","9":"tag-breakingnews","10":"tag-es","11":"tag-espana","12":"tag-featured-news","13":"tag-featurednews","14":"tag-headlines","15":"tag-latest-news","16":"tag-latestnews","17":"tag-news","18":"tag-noticias","19":"tag-noticias-destacadas","20":"tag-noticiasdestacadas","21":"tag-spain","22":"tag-titulares","23":"tag-ultimas-noticias","24":"tag-ultimasnoticias"},"share_on_mastodon":{"url":"https:\/\/pubeurope.com\/@es\/115679869251984731","error":""},"_links":{"self":[{"href":"https:\/\/www.europesays.com\/es\/wp-json\/wp\/v2\/posts\/276388","targetHints":{"allow":["GET"]}}],"collection":[{"href":"https:\/\/www.europesays.com\/es\/wp-json\/wp\/v2\/posts"}],"about":[{"href":"https:\/\/www.europesays.com\/es\/wp-json\/wp\/v2\/types\/post"}],"author":[{"embeddable":true,"href":"https:\/\/www.europesays.com\/es\/wp-json\/wp\/v2\/users\/2"}],"replies":[{"embeddable":true,"href":"https:\/\/www.europesays.com\/es\/wp-json\/wp\/v2\/comments?post=276388"}],"version-history":[{"count":0,"href":"https:\/\/www.europesays.com\/es\/wp-json\/wp\/v2\/posts\/276388\/revisions"}],"wp:featuredmedia":[{"embeddable":true,"href":"https:\/\/www.europesays.com\/es\/wp-json\/wp\/v2\/media\/276389"}],"wp:attachment":[{"href":"https:\/\/www.europesays.com\/es\/wp-json\/wp\/v2\/media?parent=276388"}],"wp:term":[{"taxonomy":"category","embeddable":true,"href":"https:\/\/www.europesays.com\/es\/wp-json\/wp\/v2\/categories?post=276388"},{"taxonomy":"post_tag","embeddable":true,"href":"https:\/\/www.europesays.com\/es\/wp-json\/wp\/v2\/tags?post=276388"}],"curies":[{"name":"wp","href":"https:\/\/api.w.org\/{rel}","templated":true}]}}