{"id":276390,"date":"2025-12-07T19:11:09","date_gmt":"2025-12-07T19:11:09","guid":{"rendered":"https:\/\/www.europesays.com\/es\/276390\/"},"modified":"2025-12-07T19:11:09","modified_gmt":"2025-12-07T19:11:09","slug":"informacion-sobre-la-reposicion-al-culto-de-maria-santisima-de-la-esperanza-macarena","status":"publish","type":"post","link":"https:\/\/www.europesays.com\/es\/276390\/","title":{"rendered":"Informaci\u00f3n sobre la reposici\u00f3n al culto de Mar\u00eda Sant\u00edsima de la Esperanza Macarena"},"content":{"rendered":"<p>\t    \t  <img loading=\"lazy\" decoding=\"async\" width=\"399\" height=\"221\" src=\"https:\/\/www.europesays.com\/es\/wp-content\/uploads\/2025\/08\/Escudo-e1571998368744.jpg\" class=\"attachment- size- wp-post-image\" alt=\"\"  \/>            <\/p>\n<p>Mar\u00eda Sant\u00edsima de la Esperanza Macarena ser\u00e1 repuesta al culto este lunes 8 de diciembre a las 6:00 horas tras finalizar el proceso de restauraci\u00f3n.\u00a0<\/p>\n<p>Los hermanos y devotos podr\u00e1n venerar a la Sant\u00edsima Virgen en la cercan\u00eda los d\u00edas 8, 9 y 10 de diciembre, en los siguientes horarios:\u00a0<\/p>\n<p>\u2013 Lunes 8 de diciembre, de 6:00 a 23:00 horas.\u00a0<\/p>\n<p>\u2013 Martes y mi\u00e9rcoles, 9 y 10 de diciembre, de 7:00 a 21:00 horas (interrumpi\u00e9ndose ambos d\u00edas a las 9:00 horas para la celebraci\u00f3n de la Santa Misa).<\/p>\n<p>Los hermanos y devotos tendr\u00e1n dos accesos a la Bas\u00edlica:\u00a0<\/p>\n<p>\u2013 Aquellos que deseen pasar ante la Sant\u00edsima Virgen acceder\u00e1n por la puerta situada a la derecha de la reja del atrio y seguir\u00e1n el itinerario habitual en los besamanos, saliendo por la puerta de la tienda de recuerdos de la Bas\u00edlica.\u00a0<\/p>\n<p>\u2013 Aquellos que no deseen pasar ante la Sant\u00edsima Virgen podr\u00e1n acceder libremente a trav\u00e9s de la puerta principal de la Bas\u00edlica a un amplio espacio en el centro del templo desde el que contamplar a la Sagrada Imagen.\u00a0<\/p>\n<p>Las personas con movilidad reducida tendr\u00e1n acceso preferente; para ello, deber\u00e1n dirigirse al personal de seguridad, que les indicar\u00e1n c\u00f3mo llegar a la Sant\u00edsima Virgen.\u00a0<\/p>\n<p><\/p>\n","protected":false},"excerpt":{"rendered":"Mar\u00eda Sant\u00edsima de la Esperanza Macarena ser\u00e1 repuesta al culto este lunes 8 de diciembre a las 6:00&hellip;\n","protected":false},"author":2,"featured_media":74388,"comment_status":"","ping_status":"","sticky":false,"template":"","format":"standard","meta":{"footnotes":""},"categories":[5],"tags":[67338,17,18,25,24,13,14,11,29052,19,20,9,10,15,16,23,12,21,22,29053],"class_list":{"0":"post-276390","1":"post","2":"type-post","3":"status-publish","4":"format-standard","5":"has-post-thumbnail","7":"category-titulares","8":"tag-informacion-sobre-la-reposicion-al-culto-de-maria-santisima-de-la-esperanza-macarena","9":"tag-breaking-news","10":"tag-breakingnews","11":"tag-es","12":"tag-espana","13":"tag-featured-news","14":"tag-featurednews","15":"tag-headlines","16":"tag-hermandad-de-la-macarena","17":"tag-latest-news","18":"tag-latestnews","19":"tag-news","20":"tag-noticias","21":"tag-noticias-destacadas","22":"tag-noticiasdestacadas","23":"tag-spain","24":"tag-titulares","25":"tag-ultimas-noticias","26":"tag-ultimasnoticias","27":"tag-web-oficial-de-la-hermandad-de-la-macarena"},"share_on_mastodon":{"url":"https:\/\/pubeurope.com\/@es\/115679873263543631","error":""},"_links":{"self":[{"href":"https:\/\/www.europesays.com\/es\/wp-json\/wp\/v2\/posts\/276390","targetHints":{"allow":["GET"]}}],"collection":[{"href":"https:\/\/www.europesays.com\/es\/wp-json\/wp\/v2\/posts"}],"about":[{"href":"https:\/\/www.europesays.com\/es\/wp-json\/wp\/v2\/types\/post"}],"author":[{"embeddable":true,"href":"https:\/\/www.europesays.com\/es\/wp-json\/wp\/v2\/users\/2"}],"replies":[{"embeddable":true,"href":"https:\/\/www.europesays.com\/es\/wp-json\/wp\/v2\/comments?post=276390"}],"version-history":[{"count":0,"href":"https:\/\/www.europesays.com\/es\/wp-json\/wp\/v2\/posts\/276390\/revisions"}],"wp:featuredmedia":[{"embeddable":true,"href":"https:\/\/www.europesays.com\/es\/wp-json\/wp\/v2\/media\/74388"}],"wp:attachment":[{"href":"https:\/\/www.europesays.com\/es\/wp-json\/wp\/v2\/media?parent=276390"}],"wp:term":[{"taxonomy":"category","embeddable":true,"href":"https:\/\/www.europesays.com\/es\/wp-json\/wp\/v2\/categories?post=276390"},{"taxonomy":"post_tag","embeddable":true,"href":"https:\/\/www.europesays.com\/es\/wp-json\/wp\/v2\/tags?post=276390"}],"curies":[{"name":"wp","href":"https:\/\/api.w.org\/{rel}","templated":true}]}}