{"id":276391,"date":"2025-12-07T19:16:08","date_gmt":"2025-12-07T19:16:08","guid":{"rendered":"https:\/\/www.europesays.com\/es\/276391\/"},"modified":"2025-12-07T19:16:08","modified_gmt":"2025-12-07T19:16:08","slug":"kyrgios-firma-la-payasada-del-ano-con-un-nuevo-menosprecio-a-rafa-nadal","status":"publish","type":"post","link":"https:\/\/www.europesays.com\/es\/276391\/","title":{"rendered":"Kyrgios firma la payasada del a\u00f1o con un nuevo menosprecio a Rafa Nadal"},"content":{"rendered":"<p>Para muchos cada vez que abre la boca sube el pan, pero otros directamente le consideran un meme andante. <strong>Nick Kyrgios<\/strong>, tenista que a\u00fan no ha anunciado su retirada, pero lleva meses sin dar la cara en las pistas, ha vuelto a menospreciar a <strong>Rafa Nadal<\/strong> para autoconvencerse de sus propias mentiras.<\/p>\n<p>Kyrgios estuvo presente en una mesa de debate junto a Patrick Mouratoglou y Alexander Bublik y habl\u00f3 de la final de <strong>Wimbledon<\/strong> que perdi\u00f3 con <strong>Novak Djokovic<\/strong> en 2022.<\/p>\n<p>Este fue el momento:<\/p>\n<blockquote class=\"twitter-tweet\"><p>&#13;<\/p>\n<p dir=\"ltr\" lang=\"en\">Kyrgios on facing Djokovic at Wimbledon :<\/p>\n<p>&#13;<br \/>\n\u00abI don\u2019t think I could\u2019ve played better in the Wimbledon final (2022). I served my best but he broke me 3\/4 times. whenever there\u2019s an important point, he\u2019s always there. He\u2019s locked in.<\/p>\n<p>&#13;<br \/>\nIf it was Nadal I would\u2019ve been fine\u00bb <a href=\"https:\/\/t.co\/c02AvxleUz\" target=\"_blank\" rel=\"nofollow\">pic.twitter.com\/c02AvxleUz<\/a><\/p>\n<p>&#13;<br \/>\n\u2014 SK (@Djoko_UTD) <a href=\"https:\/\/twitter.com\/Djoko_UTD\/status\/1997264659385393439?ref_src=twsrc%5Etfw\" target=\"_blank\" rel=\"nofollow noopener\">December 6, 2025<\/a><\/p><\/blockquote>\n<p>\u00abNo creo que hubiera podido jugar mejor en aquella final de <strong>Wimbledon<\/strong>. Saqu\u00e9 lo mejor que pude, pero me rompi\u00f3 el servicio cuando iba 40-0, en hierba esto es incre\u00edble. Siempre que hubo un punto importante, \u00e9l estuvo ah\u00ed, siempre concentrado. Creo que si esa final hubiera sido Nadal me habr\u00eda ido mejor\u00bb, coment\u00f3 <strong>Nick Kyrgios<\/strong> firmando as\u00ed la payasada del a\u00f1o en el mundo del tenis.<\/p>\n<p>Hay que recordar que Kyrgios perdi\u00f3 contra Rafa la \u00faltima vez que jugaron en Wimbledon y que pas\u00f3 a la final de 2022 porque <strong>Rafa Nadal<\/strong> por lesi\u00f3n no pudo disputar las semifinales contra \u00e9l. Adem\u00e1s, Kyrgios jam\u00e1s ha pasado de ganar torneos de ATP 500 y ha pasado desapercibido en los Masters 1000. Eso s\u00ed, \u00e9l considera, para autoconvencerse, que si la final de 2022 ante <strong>Novak Djokovic<\/strong> hubiese sido ante Nadal quiz\u00e1 la habr\u00eda ganado. Los famosos \u00aby si\u00bb que un d\u00eda le dedic\u00f3 Rafa en rueda de prensa cobran m\u00e1s fuerza que nunca.<\/p>\n<p>            <script async src=\"https:\/\/platform.twitter.com\/widgets.js\" charset=\"utf-8\"><\/script><\/p>\n","protected":false},"excerpt":{"rendered":"Para muchos cada vez que abre la boca sube el pan, pero otros directamente le consideran un meme&hellip;\n","protected":false},"author":2,"featured_media":276392,"comment_status":"","ping_status":"","sticky":false,"template":"","format":"standard","meta":{"footnotes":""},"categories":[274],"tags":[168,25,24,3654,547,16174,67339,6894,23,167,327,326,546],"class_list":{"0":"post-276391","1":"post","2":"type-post","3":"status-publish","4":"format-standard","5":"has-post-thumbnail","7":"category-tenis","8":"tag-deportes","9":"tag-es","10":"tag-espana","11":"tag-nick-kyrgios","12":"tag-novak-djokovic","13":"tag-patrick-mouratoglou","14":"tag-payasada-del-ano","15":"tag-rafa-nadal","16":"tag-spain","17":"tag-sports","18":"tag-tenis","19":"tag-tennis","20":"tag-wimbledon"},"share_on_mastodon":{"url":"https:\/\/pubeurope.com\/@es\/115679892763390079","error":""},"_links":{"self":[{"href":"https:\/\/www.europesays.com\/es\/wp-json\/wp\/v2\/posts\/276391","targetHints":{"allow":["GET"]}}],"collection":[{"href":"https:\/\/www.europesays.com\/es\/wp-json\/wp\/v2\/posts"}],"about":[{"href":"https:\/\/www.europesays.com\/es\/wp-json\/wp\/v2\/types\/post"}],"author":[{"embeddable":true,"href":"https:\/\/www.europesays.com\/es\/wp-json\/wp\/v2\/users\/2"}],"replies":[{"embeddable":true,"href":"https:\/\/www.europesays.com\/es\/wp-json\/wp\/v2\/comments?post=276391"}],"version-history":[{"count":0,"href":"https:\/\/www.europesays.com\/es\/wp-json\/wp\/v2\/posts\/276391\/revisions"}],"wp:featuredmedia":[{"embeddable":true,"href":"https:\/\/www.europesays.com\/es\/wp-json\/wp\/v2\/media\/276392"}],"wp:attachment":[{"href":"https:\/\/www.europesays.com\/es\/wp-json\/wp\/v2\/media?parent=276391"}],"wp:term":[{"taxonomy":"category","embeddable":true,"href":"https:\/\/www.europesays.com\/es\/wp-json\/wp\/v2\/categories?post=276391"},{"taxonomy":"post_tag","embeddable":true,"href":"https:\/\/www.europesays.com\/es\/wp-json\/wp\/v2\/tags?post=276391"}],"curies":[{"name":"wp","href":"https:\/\/api.w.org\/{rel}","templated":true}]}}